{"id":123670,"date":"2022-06-06T22:56:29","date_gmt":"2022-06-06T20:56:29","guid":{"rendered":"https:\/\/www.claret.org\/nuevo-secretario-general-p-efren-limpo-lo-cmf\/"},"modified":"2022-06-06T23:04:49","modified_gmt":"2022-06-06T21:04:49","slug":"nuevo-secretario-general-p-efren-limpo-lo-cmf","status":"publish","type":"post","link":"https:\/\/www.claret.org\/es\/nuevo-secretario-general-p-efren-limpo-lo-cmf\/","title":{"rendered":"Nuevo Secretario General: P. Efren Limpo Lo, CMF"},"content":{"rendered":"\n<p class=\"has-drop-cap\"><strong>Roma, Italia. <\/strong>El domingo 5 de junio de 2022, Solemnidad de Pentecost\u00e9s, el P. Mathew Vattamattam, CMF, Superior General de los Misioneros Claretianos, ratific\u00f3 el nombramiento del P. Efr\u00e9n Limpo Lo, CMF, de la Provincia P. Rhoel Gallardo, como nuevo Secretario General de la Congregaci\u00f3n. El P. Efr\u00e9n prest\u00f3 su juramento de fidelidad y sigilo el lunes 6 de junio de 2022, durante la misa comunitaria de la ma\u00f1ana en la Curia General.<\/p>\n\n<p><\/p>\n\n<figure class=\"wp-block-gallery has-nested-images columns-default is-cropped wp-block-gallery-1 is-layout-flex wp-block-gallery-is-layout-flex\">\n<figure class=\"wp-block-image size-full\"><a href=\"https:\/\/i0.wp.com\/www.claret.org\/wp-content\/uploads\/2022\/06\/GC-20220606-Oath-of-office-Gen-Secretary-1-scaled.jpg?ssl=1\"><img data-recalc-dims=\"1\" loading=\"lazy\" decoding=\"async\" width=\"1080\" height=\"608\" data-attachment-id=\"123644\" data-permalink=\"https:\/\/www.claret.org\/es\/nuevo-secretario-general-p-efren-limpo-lo-cmf\/gc-20220606-oath-of-office-gen-secretary-1-2\/\" data-orig-file=\"https:\/\/i0.wp.com\/www.claret.org\/wp-content\/uploads\/2022\/06\/GC-20220606-Oath-of-office-Gen-Secretary-1-scaled.jpg?fit=2560%2C1440&amp;ssl=1\" data-orig-size=\"2560,1440\" data-comments-opened=\"0\" data-image-meta=\"{&quot;aperture&quot;:&quot;1.8&quot;,&quot;credit&quot;:&quot;&quot;,&quot;camera&quot;:&quot;OPPO Find X3 Pro&quot;,&quot;caption&quot;:&quot;&quot;,&quot;created_timestamp&quot;:&quot;1654499099&quot;,&quot;copyright&quot;:&quot;&quot;,&quot;focal_length&quot;:&quot;5.59&quot;,&quot;iso&quot;:&quot;568&quot;,&quot;shutter_speed&quot;:&quot;0.01&quot;,&quot;title&quot;:&quot;&quot;,&quot;orientation&quot;:&quot;1&quot;}\" data-image-title=\"GC-20220606 Oath of office Gen Secretary (1)\" data-image-description=\"\" data-image-caption=\"\" data-large-file=\"https:\/\/i0.wp.com\/www.claret.org\/wp-content\/uploads\/2022\/06\/GC-20220606-Oath-of-office-Gen-Secretary-1-scaled.jpg?fit=1024%2C576&amp;ssl=1\" data-id=\"123644\" src=\"https:\/\/i0.wp.com\/www.claret.org\/wp-content\/uploads\/2022\/06\/GC-20220606-Oath-of-office-Gen-Secretary-1-scaled.jpg?resize=1080%2C608&#038;ssl=1\" alt=\"\" class=\"wp-image-123644\" title=\"\" srcset=\"https:\/\/www.claret.org\/wp-content\/uploads\/2022\/06\/GC-20220606-Oath-of-office-Gen-Secretary-1-scaled.jpg 2560w, https:\/\/www.claret.org\/wp-content\/uploads\/2022\/06\/GC-20220606-Oath-of-office-Gen-Secretary-1-1280x720.jpg 1280w, https:\/\/www.claret.org\/wp-content\/uploads\/2022\/06\/GC-20220606-Oath-of-office-Gen-Secretary-1-980x551.jpg 980w, https:\/\/www.claret.org\/wp-content\/uploads\/2022\/06\/GC-20220606-Oath-of-office-Gen-Secretary-1-480x270.jpg 480w\" sizes=\"(min-width: 0px) and (max-width: 480px) 480px, (min-width: 481px) and (max-width: 980px) 980px, (min-width: 981px) and (max-width: 1280px) 1280px, (min-width: 1281px) 2560px, 100vw\" \/><\/a><\/figure>\n\n\n<figure class=\"wp-block-image size-full\"><a href=\"https:\/\/i0.wp.com\/www.claret.org\/wp-content\/uploads\/2022\/06\/GC-20220606-Oath-of-office-Gen-Secretary-2-scaled.jpg?ssl=1\"><img data-recalc-dims=\"1\" loading=\"lazy\" decoding=\"async\" width=\"1080\" height=\"608\" data-attachment-id=\"123650\" data-permalink=\"https:\/\/www.claret.org\/es\/nuevo-secretario-general-p-efren-limpo-lo-cmf\/gc-20220606-oath-of-office-gen-secretary-2-2\/\" data-orig-file=\"https:\/\/i0.wp.com\/www.claret.org\/wp-content\/uploads\/2022\/06\/GC-20220606-Oath-of-office-Gen-Secretary-2-scaled.jpg?fit=2560%2C1440&amp;ssl=1\" data-orig-size=\"2560,1440\" data-comments-opened=\"0\" data-image-meta=\"{&quot;aperture&quot;:&quot;2.4&quot;,&quot;credit&quot;:&quot;&quot;,&quot;camera&quot;:&quot;OPPO Find X3 Pro&quot;,&quot;caption&quot;:&quot;&quot;,&quot;created_timestamp&quot;:&quot;1654500235&quot;,&quot;copyright&quot;:&quot;&quot;,&quot;focal_length&quot;:&quot;6.25&quot;,&quot;iso&quot;:&quot;784&quot;,&quot;shutter_speed&quot;:&quot;0.02&quot;,&quot;title&quot;:&quot;&quot;,&quot;orientation&quot;:&quot;1&quot;}\" data-image-title=\"GC-20220606 Oath of office Gen Secretary (2)\" data-image-description=\"\" data-image-caption=\"\" data-large-file=\"https:\/\/i0.wp.com\/www.claret.org\/wp-content\/uploads\/2022\/06\/GC-20220606-Oath-of-office-Gen-Secretary-2-scaled.jpg?fit=1024%2C576&amp;ssl=1\" data-id=\"123650\" src=\"https:\/\/i0.wp.com\/www.claret.org\/wp-content\/uploads\/2022\/06\/GC-20220606-Oath-of-office-Gen-Secretary-2-scaled.jpg?resize=1080%2C608&#038;ssl=1\" alt=\"\" class=\"wp-image-123650\" title=\"\" srcset=\"https:\/\/www.claret.org\/wp-content\/uploads\/2022\/06\/GC-20220606-Oath-of-office-Gen-Secretary-2-scaled.jpg 2560w, https:\/\/www.claret.org\/wp-content\/uploads\/2022\/06\/GC-20220606-Oath-of-office-Gen-Secretary-2-1280x720.jpg 1280w, https:\/\/www.claret.org\/wp-content\/uploads\/2022\/06\/GC-20220606-Oath-of-office-Gen-Secretary-2-980x551.jpg 980w, https:\/\/www.claret.org\/wp-content\/uploads\/2022\/06\/GC-20220606-Oath-of-office-Gen-Secretary-2-480x270.jpg 480w\" sizes=\"(min-width: 0px) and (max-width: 480px) 480px, (min-width: 481px) and (max-width: 980px) 980px, (min-width: 981px) and (max-width: 1280px) 1280px, (min-width: 1281px) 2560px, 100vw\" \/><\/a><\/figure>\n\n\n<figure class=\"wp-block-image size-full\"><a href=\"https:\/\/i0.wp.com\/www.claret.org\/wp-content\/uploads\/2022\/06\/GC-20220606-Oath-of-office-Gen-Secretary-3-scaled.jpg?ssl=1\"><img data-recalc-dims=\"1\" loading=\"lazy\" decoding=\"async\" width=\"1080\" height=\"608\" data-attachment-id=\"123656\" data-permalink=\"https:\/\/www.claret.org\/es\/nuevo-secretario-general-p-efren-limpo-lo-cmf\/gc-20220606-oath-of-office-gen-secretary-3-2\/\" data-orig-file=\"https:\/\/i0.wp.com\/www.claret.org\/wp-content\/uploads\/2022\/06\/GC-20220606-Oath-of-office-Gen-Secretary-3-scaled.jpg?fit=2560%2C1440&amp;ssl=1\" data-orig-size=\"2560,1440\" data-comments-opened=\"0\" data-image-meta=\"{&quot;aperture&quot;:&quot;2.4&quot;,&quot;credit&quot;:&quot;&quot;,&quot;camera&quot;:&quot;OPPO Find X3 Pro&quot;,&quot;caption&quot;:&quot;&quot;,&quot;created_timestamp&quot;:&quot;1654499096&quot;,&quot;copyright&quot;:&quot;&quot;,&quot;focal_length&quot;:&quot;6.25&quot;,&quot;iso&quot;:&quot;1550&quot;,&quot;shutter_speed&quot;:&quot;0.01&quot;,&quot;title&quot;:&quot;&quot;,&quot;orientation&quot;:&quot;1&quot;}\" data-image-title=\"GC-20220606 Oath of office Gen Secretary (3)\" data-image-description=\"\" data-image-caption=\"\" data-large-file=\"https:\/\/i0.wp.com\/www.claret.org\/wp-content\/uploads\/2022\/06\/GC-20220606-Oath-of-office-Gen-Secretary-3-scaled.jpg?fit=1024%2C576&amp;ssl=1\" data-id=\"123656\" src=\"https:\/\/i0.wp.com\/www.claret.org\/wp-content\/uploads\/2022\/06\/GC-20220606-Oath-of-office-Gen-Secretary-3-scaled.jpg?resize=1080%2C608&#038;ssl=1\" alt=\"\" class=\"wp-image-123656\" title=\"\" srcset=\"https:\/\/www.claret.org\/wp-content\/uploads\/2022\/06\/GC-20220606-Oath-of-office-Gen-Secretary-3-scaled.jpg 2560w, https:\/\/www.claret.org\/wp-content\/uploads\/2022\/06\/GC-20220606-Oath-of-office-Gen-Secretary-3-1280x720.jpg 1280w, https:\/\/www.claret.org\/wp-content\/uploads\/2022\/06\/GC-20220606-Oath-of-office-Gen-Secretary-3-980x551.jpg 980w, https:\/\/www.claret.org\/wp-content\/uploads\/2022\/06\/GC-20220606-Oath-of-office-Gen-Secretary-3-480x270.jpg 480w\" sizes=\"(min-width: 0px) and (max-width: 480px) 480px, (min-width: 481px) and (max-width: 980px) 980px, (min-width: 981px) and (max-width: 1280px) 1280px, (min-width: 1281px) 2560px, 100vw\" \/><\/a><\/figure><\/figure>\n\n<p><\/p>\n\n<p>El P. Efr\u00e9n naci\u00f3 el 14 de septiembre de 1978 en la ciudad de Cagayan de Oro (Filipinas). Hizo su Primera Profesi\u00f3n en la entonces Provincia de Filipinas el 6 de mayo de 2001, en Bunguiao, Zamboanga City (Filipinas). Hizo sus votos perpetuos el 29 de abril de 2006, en Colmenar Viejo Madrid (Espa\u00f1a), durante su formaci\u00f3n y estudios teol\u00f3gicos. Realiz\u00f3 la Licenciatura en Sagrada Teolog\u00eda en la Universidad Pontificia Comillas de Madrid-Espa\u00f1a desde 2002 hasta 2007. Fue ordenado sacerdote el 8 de diciembre de 2007 en la Parroquia del Inmaculado Coraz\u00f3n de Mar\u00eda de Quez\u00f3n City por Mons. Francisco F. Claver, Obispo Em\u00e9rito de la Di\u00f3cesis de Bontoc.<\/p>\n\n<p>El P. Efren, sirvi\u00f3 como Prefecto de Postulantes de 2008 a 2010. Luego se le pidi\u00f3 que estudiara la Licenciatura en Teolog\u00eda con especialidad en Espiritualidad en la Pontificia Universidad Gregoriana de Roma (Italia) de 2010 a 2012. Cuando regres\u00f3 a Filipinas despu\u00e9s de sus estudios, fue nombrado Secretario Provincial de 2012 a 2013. Luego fue nombrado Superior Local de la comunidad del Seminario Claret y asumi\u00f3 el papel de Prefecto de Seminaristas y Profesor en el St. Anthony Mary Claret College en Quezon City. En 2014 fue designado Rector de dicho seminario. En 2016, fue nombrado de nuevo Secretario Provincial, as\u00ed como en 2019. Tambi\u00e9n fue director del Colegio Claret de Quezon City de 2016 a 2017. Cuando la Provincia comenz\u00f3 a preparar la causa de beatificaci\u00f3n del m\u00e1rtir claretiano filipino P. Rhoel Gallardo, CMF, fue relevado de su cargo de secretario y nombrado vicepostulador de la Provincia.<\/p>\n\n<p>La Congregaci\u00f3n est\u00e1 muy agradecida al P. Joseba Kamiruaga Mieza, CMF, Secretario General saliente, por la generosidad y los servicios que ha prestado al Gobierno General desde 2017 hasta 2022. Pronto se incorporar\u00e1 a la vida de su Provincia, Sanctus Paulus.<\/p>\n\n<p><\/p>\n\n<figure class=\"wp-block-image size-full\"><img data-recalc-dims=\"1\" loading=\"lazy\" decoding=\"async\" width=\"1080\" height=\"608\" data-attachment-id=\"123662\" data-permalink=\"https:\/\/www.claret.org\/es\/nuevo-secretario-general-p-efren-limpo-lo-cmf\/img20220606071647-2\/\" data-orig-file=\"https:\/\/i0.wp.com\/www.claret.org\/wp-content\/uploads\/2022\/06\/IMG20220606071647-scaled.jpg?fit=2560%2C1440&amp;ssl=1\" data-orig-size=\"2560,1440\" data-comments-opened=\"0\" data-image-meta=\"{&quot;aperture&quot;:&quot;2.4&quot;,&quot;credit&quot;:&quot;&quot;,&quot;camera&quot;:&quot;OPPO Find X3 Pro&quot;,&quot;caption&quot;:&quot;&quot;,&quot;created_timestamp&quot;:&quot;1654499807&quot;,&quot;copyright&quot;:&quot;&quot;,&quot;focal_length&quot;:&quot;6.25&quot;,&quot;iso&quot;:&quot;597&quot;,&quot;shutter_speed&quot;:&quot;0.03030303030303&quot;,&quot;title&quot;:&quot;&quot;,&quot;orientation&quot;:&quot;1&quot;}\" data-image-title=\"IMG20220606071647\" data-image-description=\"\" data-image-caption=\"\" data-large-file=\"https:\/\/i0.wp.com\/www.claret.org\/wp-content\/uploads\/2022\/06\/IMG20220606071647-scaled.jpg?fit=1024%2C576&amp;ssl=1\" src=\"https:\/\/i0.wp.com\/www.claret.org\/wp-content\/uploads\/2022\/06\/IMG20220606071647-scaled.jpg?resize=1080%2C608&#038;ssl=1\" alt=\"\" class=\"wp-image-123662\" title=\"\" srcset=\"https:\/\/www.claret.org\/wp-content\/uploads\/2022\/06\/IMG20220606071647-scaled.jpg 2560w, https:\/\/www.claret.org\/wp-content\/uploads\/2022\/06\/IMG20220606071647-1280x720.jpg 1280w, https:\/\/www.claret.org\/wp-content\/uploads\/2022\/06\/IMG20220606071647-980x551.jpg 980w, https:\/\/www.claret.org\/wp-content\/uploads\/2022\/06\/IMG20220606071647-480x270.jpg 480w\" sizes=\"(min-width: 0px) and (max-width: 480px) 480px, (min-width: 481px) and (max-width: 980px) 980px, (min-width: 981px) and (max-width: 1280px) 1280px, (min-width: 1281px) 2560px, 100vw\" \/><\/figure>","protected":false},"excerpt":{"rendered":"<p>Roma, Italia. El domingo 5 de junio de 2022, Solemnidad de Pentecost\u00e9s, el P. Mathew Vattamattam, CMF, Superior General de los Misioneros Claretianos, ratific\u00f3 el nombramiento del P. Efr\u00e9n Limpo Lo, CMF, de la Provincia P. Rhoel Gallardo, como nuevo Secretario General de la Congregaci\u00f3n. El P. Efr\u00e9n prest\u00f3 su juramento de fidelidad y sigilo [&hellip;]<\/p>\n","protected":false},"author":2,"featured_media":123668,"comment_status":"closed","ping_status":"closed","sticky":false,"template":"","format":"standard","meta":{"_et_pb_use_builder":"","_et_pb_old_content":"","_et_gb_content_width":"","footnotes":""},"categories":[216,517,594],"tags":[],"class_list":["post-123670","post","type-post","status-publish","format-standard","has-post-thumbnail","hentry","category-fr-rhoel-gallardo-es","category-gobierno-general","category-secretaria-general"],"jetpack_featured_media_url":"https:\/\/i0.wp.com\/www.claret.org\/wp-content\/uploads\/2022\/06\/sec-gen-ES-1.webp?fit=1366%2C768&ssl=1","jetpack_sharing_enabled":true,"jetpack_shortlink":"https:\/\/wp.me\/pdaBmi-waG","jetpack_likes_enabled":true,"_links":{"self":[{"href":"https:\/\/www.claret.org\/es\/wp-json\/wp\/v2\/posts\/123670","targetHints":{"allow":["GET"]}}],"collection":[{"href":"https:\/\/www.claret.org\/es\/wp-json\/wp\/v2\/posts"}],"about":[{"href":"https:\/\/www.claret.org\/es\/wp-json\/wp\/v2\/types\/post"}],"author":[{"embeddable":true,"href":"https:\/\/www.claret.org\/es\/wp-json\/wp\/v2\/users\/2"}],"replies":[{"embeddable":true,"href":"https:\/\/www.claret.org\/es\/wp-json\/wp\/v2\/comments?post=123670"}],"version-history":[{"count":0,"href":"https:\/\/www.claret.org\/es\/wp-json\/wp\/v2\/posts\/123670\/revisions"}],"wp:featuredmedia":[{"embeddable":true,"href":"https:\/\/www.claret.org\/es\/wp-json\/wp\/v2\/media\/123668"}],"wp:attachment":[{"href":"https:\/\/www.claret.org\/es\/wp-json\/wp\/v2\/media?parent=123670"}],"wp:term":[{"taxonomy":"category","embeddable":true,"href":"https:\/\/www.claret.org\/es\/wp-json\/wp\/v2\/categories?post=123670"},{"taxonomy":"post_tag","embeddable":true,"href":"https:\/\/www.claret.org\/es\/wp-json\/wp\/v2\/tags?post=123670"}],"curies":[{"name":"wp","href":"https:\/\/api.w.org\/{rel}","templated":true}]}}