{"id":124097,"date":"2022-06-24T12:22:36","date_gmt":"2022-06-24T10:22:36","guid":{"rendered":"https:\/\/www.claret.org\/nuevo-gobierno-provincial-de-east-nigeria-2022-2028\/"},"modified":"2022-06-24T12:32:36","modified_gmt":"2022-06-24T10:32:36","slug":"nuevo-gobierno-provincial-de-east-nigeria-2022-2028","status":"publish","type":"post","link":"https:\/\/www.claret.org\/es\/nuevo-gobierno-provincial-de-east-nigeria-2022-2028\/","title":{"rendered":"Nuevo Gobierno Provincial de East Nigeria (2022 &#8211; 2028)"},"content":{"rendered":"\n<p class=\"has-drop-cap\"><strong>Nekede, Nigeria.<\/strong> El viernes 24 de junio de 2022, los miembros del VIII Cap\u00edtulo Provincial de Nigeria Oriental eligieron finalmente a quienes formar\u00e1n el nuevo Gobierno Provincial de la Provincia de East Nigeria en los pr\u00f3ximos seis a\u00f1os. <\/p>\n\n<p><\/p>\n\n<h2 class=\"has-text-align-center wp-block-heading\">GOBIERNO PROVINCIAL DE EAST NIGERIA (2022 &#8211; 2028)<\/h2>\n\n<p class=\"has-text-align-center\">Superior Provincial &#8211; <strong>P. Nathaniel Eke, CMF<\/strong> (centro) <\/p>\n\n<p class=\"has-text-align-center\">Consultor &amp; Ec\u00f3nomo Provincial: <strong>P. Obilo Marcellinus, CMF<\/strong> (<em>izquierda<\/em>)<\/p>\n\n<p class=\"has-text-align-center\">Consultor &amp; Prefecto de Apostolado &#8211; <strong>P. Wence Isidienu, CMF<\/strong>(<em>segundo a la izquierda<\/em>)<\/p>\n\n<p class=\"has-text-align-center\">Consultor &amp; Prefecto de Espiritualidad y Vida Comunitaria: <strong>P. Rowland Onyenali, CMF<\/strong> (<em>segundo a la derecha<\/em>)<\/p>\n\n<p class=\"has-text-align-center\">Consultor y Prefecto de Formaci\u00f3n: <strong>P. Stanislaus Ekwujuru, CMF<\/strong> (<em>derecha<\/em>)<\/p>\n","protected":false},"excerpt":{"rendered":"<p>Nekede, Nigeria. El viernes 24 de junio de 2022, los miembros del VIII Cap\u00edtulo Provincial de Nigeria Oriental eligieron finalmente a quienes formar\u00e1n el nuevo Gobierno Provincial de la Provincia de East Nigeria en los pr\u00f3ximos seis a\u00f1os. GOBIERNO PROVINCIAL DE EAST NIGERIA (2022 &#8211; 2028) Superior Provincial &#8211; P. Nathaniel Eke, CMF (centro) Consultor [&hellip;]<\/p>\n","protected":false},"author":2,"featured_media":124095,"comment_status":"closed","ping_status":"closed","sticky":false,"template":"","format":"standard","meta":{"_et_pb_use_builder":"","_et_pb_old_content":"","_et_gb_content_width":"","footnotes":""},"categories":[142],"tags":[],"class_list":["post-124097","post","type-post","status-publish","format-standard","has-post-thumbnail","hentry","category-east-nigeria-es"],"jetpack_featured_media_url":"https:\/\/i0.wp.com\/www.claret.org\/wp-content\/uploads\/2022\/06\/EN-20220624-New-Prov-Government.webp?fit=2048%2C945&ssl=1","jetpack_sharing_enabled":true,"jetpack_shortlink":"https:\/\/wp.me\/pdaBmi-whz","jetpack_likes_enabled":true,"_links":{"self":[{"href":"https:\/\/www.claret.org\/es\/wp-json\/wp\/v2\/posts\/124097","targetHints":{"allow":["GET"]}}],"collection":[{"href":"https:\/\/www.claret.org\/es\/wp-json\/wp\/v2\/posts"}],"about":[{"href":"https:\/\/www.claret.org\/es\/wp-json\/wp\/v2\/types\/post"}],"author":[{"embeddable":true,"href":"https:\/\/www.claret.org\/es\/wp-json\/wp\/v2\/users\/2"}],"replies":[{"embeddable":true,"href":"https:\/\/www.claret.org\/es\/wp-json\/wp\/v2\/comments?post=124097"}],"version-history":[{"count":0,"href":"https:\/\/www.claret.org\/es\/wp-json\/wp\/v2\/posts\/124097\/revisions"}],"wp:featuredmedia":[{"embeddable":true,"href":"https:\/\/www.claret.org\/es\/wp-json\/wp\/v2\/media\/124095"}],"wp:attachment":[{"href":"https:\/\/www.claret.org\/es\/wp-json\/wp\/v2\/media?parent=124097"}],"wp:term":[{"taxonomy":"category","embeddable":true,"href":"https:\/\/www.claret.org\/es\/wp-json\/wp\/v2\/categories?post=124097"},{"taxonomy":"post_tag","embeddable":true,"href":"https:\/\/www.claret.org\/es\/wp-json\/wp\/v2\/tags?post=124097"}],"curies":[{"name":"wp","href":"https:\/\/api.w.org\/{rel}","templated":true}]}}