{"id":12693,"date":"2017-12-23T20:50:08","date_gmt":"2017-12-23T18:50:08","guid":{"rendered":"https:\/\/www.claret.org\/mensaje-de-navidad-2017\/"},"modified":"2018-04-10T19:09:51","modified_gmt":"2018-04-10T17:09:51","slug":"mensaje-de-navidad-2017","status":"publish","type":"post","link":"https:\/\/www.claret.org\/es\/mensaje-de-navidad-2017\/","title":{"rendered":"Mensaje de Navidad 2017"},"content":{"rendered":"<div class=\"field field-name-body field-type-text-with-summary field-label-hidden\">\n<div class=\"field-items\">\n<div class=\"field-item even\">\n<p>Al acercarnos a la Navidad de 2017 con alegr\u00eda y esperanza, profundicemos en nuestra comprensi\u00f3n del misterio de la encarnaci\u00f3n con un coraz\u00f3n contemplativo formado en la fragua del Coraz\u00f3n de Mar\u00eda. No hay mejor preparaci\u00f3n que la que su Inmaculado Coraz\u00f3n dispuso para que la Palabra se hiciera carne y habitara entre nosotros. Nuestro coraz\u00f3n misionero necesita la sensibilidad del Coraz\u00f3n de Mar\u00eda para acoger la Palabra de Dios y convertirse en testigo y mensajero de la alegr\u00eda del Evangelio.<\/p>\n<p>El evento de la encarnaci\u00f3n trastorna las prioridades e intereses humanos y nos invita a hacer un cambio de sentido en ese camino que nos conduce imprudentemente hacia el auto-engrandecimiento humano y la gloria personal. En el XXV Cap\u00edtulo General decidimos ser una Congregaci\u00f3n \u00aben salida\u00bb (MS 66). La encarnaci\u00f3n es la clave para entender lo que significa \u201cen salida\u201d. El amor auto-vaciado de la Trinidad es la fuente de \u201cDios en salida\u201d al \u201ctomar la condici\u00f3n de esclavo, haci\u00e9ndose semejante a los hombres\u201d (Filipenses 2,6-7). Mientras que el rechazo humano empuj\u00f3 a la pareja de Nazareth a la esquina de un establo en Bel\u00e9n, las bestias y los dem\u00e1s animales se hicieron a un lado para dar lugar al nacimiento del beb\u00e9. Incluso las estrellas guiaron a los magos que buscaban llegar al pesebre en las periferias de Bel\u00e9n para adorar al reci\u00e9n nacido Pr\u00edncipe de la Paz. \u00a1De hecho, el mayor evento de nuestra historia tiene lugar en armon\u00eda y cooperaci\u00f3n eco-c\u00f3smica!<\/p>\n<p>La Navidad es la celebraci\u00f3n del primer env\u00edo, el terreno de cada env\u00edo misionero en la Iglesia. El env\u00edo del Hijo de Dios y su hacerse uno entre nosotros han transformado nuestra historia humana. Nuestros misioneros que se encuentran en diversas periferias son capaces de aceptar las demandas de inculturaci\u00f3n y entrar en la vida de las personas al hacer presente la din\u00e1mica de la encarnaci\u00f3n en sus vidas y su misi\u00f3n. La celebraci\u00f3n de la Navidad se vuelve real cuando crece la alegr\u00eda y la esperanza entre la gente, en cuanto los misioneros llegan a esas periferias geogr\u00e1ficas y existenciales del sufrimiento humano. En Navidad, pienso en nuestros misioneros que son portadores de alegr\u00eda y esperanza en diferentes rincones del mundo en medio de las dificultades. Ellos han dejado sus hogares para estar presentes donde Dios quiere una Navidad. S\u00ed, un misionero hace suya la respuesta del Hijo de Dios a su env\u00edo: \u201cAqu\u00ed estoy, Se\u00f1or, env\u00edame\u201d (Is 6,8).<\/p>\n<p>No hay Navidad si permanecemos encerrados en nuestras zonas de confort y nos aferramos a nuestros peque\u00f1os c\u00edrculos sociales. Ungido por el Esp\u00edritu Santo, un misionero va en salida para compartir un hogar con aquellos que est\u00e1n sin hogar y aquellos privados de su dignidad y su valor como hijos de Dios. Espero que la Navidad de este a\u00f1o nos impulse a ver el sufrimiento de nuestros hermanos y hermanas que nos rodean con el coraz\u00f3n de Dios. Renovemos nuestra disponibilidad misionera para ser enviados en misi\u00f3n con los sentimientos del Hijo, Emmanuel, Dios-con-nosotros.<\/p>\n<p>\u00a1Deseo a toda la Familia Claretiana, amigos y colaboradores una Navidad muy alegre seguida de un A\u00f1o Nuevo lleno de gracia!<\/p>\n<p>Mathew Vattamattam cmf<\/p>\n<p>Superior General<\/p>\n<\/div>\n<\/div>\n<\/div>\n","protected":false},"excerpt":{"rendered":"<p>Al acercarnos a la Navidad de 2017 con alegr\u00eda y esperanza, profundicemos en nuestra comprensi\u00f3n del misterio de la encarnaci\u00f3n con un coraz\u00f3n contemplativo formado en la fragua del Coraz\u00f3n de Mar\u00eda. No hay mejor preparaci\u00f3n que la que su Inmaculado Coraz\u00f3n dispuso para que la Palabra se hiciera carne y habitara entre nosotros. Nuestro [&hellip;]<\/p>\n","protected":false},"author":1,"featured_media":15745,"comment_status":"closed","ping_status":"closed","sticky":false,"template":"","format":"standard","meta":{"_et_pb_use_builder":"","_et_pb_old_content":"","_et_gb_content_width":"","footnotes":""},"categories":[607],"tags":[],"class_list":["post-12693","post","type-post","status-publish","format-standard","has-post-thumbnail","hentry","category-tablero"],"jetpack_featured_media_url":"https:\/\/i0.wp.com\/www.claret.org\/wp-content\/uploads\/2017\/12\/christmas-message-2017.jpg?fit=4928%2C3696&ssl=1","jetpack_sharing_enabled":true,"jetpack_shortlink":"https:\/\/wp.me\/pdaBmi-3iJ","jetpack_likes_enabled":true,"_links":{"self":[{"href":"https:\/\/www.claret.org\/es\/wp-json\/wp\/v2\/posts\/12693","targetHints":{"allow":["GET"]}}],"collection":[{"href":"https:\/\/www.claret.org\/es\/wp-json\/wp\/v2\/posts"}],"about":[{"href":"https:\/\/www.claret.org\/es\/wp-json\/wp\/v2\/types\/post"}],"author":[{"embeddable":true,"href":"https:\/\/www.claret.org\/es\/wp-json\/wp\/v2\/users\/1"}],"replies":[{"embeddable":true,"href":"https:\/\/www.claret.org\/es\/wp-json\/wp\/v2\/comments?post=12693"}],"version-history":[{"count":0,"href":"https:\/\/www.claret.org\/es\/wp-json\/wp\/v2\/posts\/12693\/revisions"}],"wp:featuredmedia":[{"embeddable":true,"href":"https:\/\/www.claret.org\/es\/wp-json\/wp\/v2\/media\/15745"}],"wp:attachment":[{"href":"https:\/\/www.claret.org\/es\/wp-json\/wp\/v2\/media?parent=12693"}],"wp:term":[{"taxonomy":"category","embeddable":true,"href":"https:\/\/www.claret.org\/es\/wp-json\/wp\/v2\/categories?post=12693"},{"taxonomy":"post_tag","embeddable":true,"href":"https:\/\/www.claret.org\/es\/wp-json\/wp\/v2\/tags?post=12693"}],"curies":[{"name":"wp","href":"https:\/\/api.w.org\/{rel}","templated":true}]}}