{"id":13046,"date":"2018-03-27T00:00:07","date_gmt":"2018-03-26T23:00:07","guid":{"rendered":"https:\/\/www.claret.org\/?p=13046"},"modified":"2018-03-27T00:00:07","modified_gmt":"2018-03-26T23:00:07","slug":"27-marzo","status":"publish","type":"post","link":"https:\/\/www.claret.org\/es\/27-marzo\/","title":{"rendered":"27 Marzo"},"content":{"rendered":"<div class=\"field field-name-field-meditacion-cita-texto field-type-text-long field-label-hidden\">\n<div class=\"field-items\">\n<div class=\"field-item even\">\u00a1Oh Dios m\u00edo, qui\u00e9n pudiera hacer que nadie os ofendiese! Antes bien, \u00a1qui\u00e9n me diera el haceros conocer, amar y servir de todas (las) criaturas! Esta es la cosa \u00fanica que deseo; lo dem\u00e1s no me merece la atenci\u00f3n<\/div>\n<\/div>\n<\/div>\n<div class=\"field field-name-field-meditacion-cita field-type-text field-label-hidden\">\n<div class=\"field-items\">\n<div class=\"field-item even\">Aut 641<\/div>\n<\/div>\n<\/div>\n<div class=\"titulo-meditacion\">\n<h2>QUE TE AME Y TE HAGA AMAR<\/h2>\n<\/div>\n<div class=\"field field-name-body field-type-text-with-summary field-label-hidden\">\n<div class=\"field-items\">\n<div class=\"field-item even\">\n<p>\u201cDe la abundancia del coraz\u00f3n habla la boca\u201d (Mt 12,34). Esta m\u00e1xima de Jes\u00fas puede aplicarse perfectamente a Claret. Leyendo y releyendo sus escritos, aparecen de manera espont\u00e1nea estas expresiones salidas del buen tesoro de su coraz\u00f3n en que expresa su intensa relaci\u00f3n filial para con Dios, el Padre, y su profundo deseo de que \u00e9l sea por todos conocido, amado y servido.<br \/>\nEvidentemente, se trata de un conocimiento experiencial, cultivado en la oraci\u00f3n y en la lectura meditativa de la Palabra. Seg\u00fan Jes\u00fas, \u00e9ste debe ser el alimento diario y abundante de nuestro coraz\u00f3n, para que pueda rebosar paz, bondad, perd\u00f3n. Y de aqu\u00ed surge la pregunta sobre qu\u00e9 es lo que realmente alimenta nuestra vida.<br \/>\nEn una \u00e9poca en que nos preocupamos tanto (\u00a1y no tiene nada de malo!) para que nuestro cuerpo reciba una alimentaci\u00f3n saludable, de ninguna manera podemos olvidar el alimento de las otras dimensiones de nuestro ser. La espiritualidad, la fe, la relaci\u00f3n con Dios\u2026 necesitan ser alimentadas; de lo contrario viene la anemia y la atrofia. Vale la pena tomarnos en serio que el ser humano no vive s\u00f3lo de pan material, sino tambi\u00e9n de toda palabra que sale de la boca de Dios y que alimenta nuestro ser interior (cf. Mt 4,4).<br \/>\nVale la pena tambi\u00e9n dedicar el tiempo y el esfuerzo necesario a saciarnos con el alimento que puede ofrecernos la vida aut\u00e9ntica (cf. Jn 6,27). Y saberlo buscar directamente en su fuente: \u201cYo soy el pan de la vida. El que venga a m\u00ed, no tendr\u00e1 hambre, y el que crea en m\u00ed no tendr\u00e1 nunca sed\u201d (Jn 6,35). Las personas que, como Claret, supieron alimentar la propia vida en la escucha y relaci\u00f3n personal constante con Jesucristo nos ofrecen el mejor est\u00edmulo para ir en la misma direcci\u00f3n.<br \/>\n\u00bfMe preocupo por cuidar y nutrir correctamente mi vida interior, mi \u201ccoraz\u00f3n\u201d? \u00bfD\u00f3nde busco el alimento que da sentido a mi vida y a mis quehaceres?<\/p>\n<\/div>\n<\/div>\n<\/div>\n","protected":false},"excerpt":{"rendered":"<p>\u00a1Oh Dios m\u00edo, qui\u00e9n pudiera hacer que nadie os ofendiese! Antes bien, \u00a1qui\u00e9n me diera el haceros conocer, amar y servir de todas (las) criaturas! Esta es la cosa \u00fanica que deseo; lo dem\u00e1s no me merece la atenci\u00f3n Aut 641 QUE TE AME Y TE HAGA AMAR \u201cDe la abundancia del coraz\u00f3n habla la [&hellip;]<\/p>\n","protected":false},"author":1,"featured_media":0,"comment_status":"closed","ping_status":"closed","sticky":false,"template":"","format":"standard","meta":{"_et_pb_use_builder":"","_et_pb_old_content":"","_et_gb_content_width":"","footnotes":""},"categories":[526],"tags":[],"class_list":["post-13046","post","type-post","status-publish","format-standard","hentry","category-claret-contigo"],"jetpack_featured_media_url":"","jetpack_sharing_enabled":true,"jetpack_shortlink":"https:\/\/wp.me\/pdaBmi-3oq","jetpack_likes_enabled":true,"_links":{"self":[{"href":"https:\/\/www.claret.org\/es\/wp-json\/wp\/v2\/posts\/13046","targetHints":{"allow":["GET"]}}],"collection":[{"href":"https:\/\/www.claret.org\/es\/wp-json\/wp\/v2\/posts"}],"about":[{"href":"https:\/\/www.claret.org\/es\/wp-json\/wp\/v2\/types\/post"}],"author":[{"embeddable":true,"href":"https:\/\/www.claret.org\/es\/wp-json\/wp\/v2\/users\/1"}],"replies":[{"embeddable":true,"href":"https:\/\/www.claret.org\/es\/wp-json\/wp\/v2\/comments?post=13046"}],"version-history":[{"count":0,"href":"https:\/\/www.claret.org\/es\/wp-json\/wp\/v2\/posts\/13046\/revisions"}],"wp:attachment":[{"href":"https:\/\/www.claret.org\/es\/wp-json\/wp\/v2\/media?parent=13046"}],"wp:term":[{"taxonomy":"category","embeddable":true,"href":"https:\/\/www.claret.org\/es\/wp-json\/wp\/v2\/categories?post=13046"},{"taxonomy":"post_tag","embeddable":true,"href":"https:\/\/www.claret.org\/es\/wp-json\/wp\/v2\/tags?post=13046"}],"curies":[{"name":"wp","href":"https:\/\/api.w.org\/{rel}","templated":true}]}}