{"id":132203,"date":"2022-08-01T12:16:00","date_gmt":"2022-08-01T10:16:00","guid":{"rendered":"https:\/\/www.claret.org\/?p=132203"},"modified":"2022-08-03T12:34:20","modified_gmt":"2022-08-03T10:34:20","slug":"ordenacion-sacerdotal-de-edgar-alejandro-salgado-tapia-cmf","status":"publish","type":"post","link":"https:\/\/www.claret.org\/es\/ordenacion-sacerdotal-de-edgar-alejandro-salgado-tapia-cmf\/","title":{"rendered":"Ordenaci\u00f3n Sacerdotal de Edgar Alejandro Salgado Tapia, CMF"},"content":{"rendered":"\n<p class=\"has-drop-cap\"><strong>Toluca, M\u00e9xico.<\/strong> Tras doce a\u00f1os de preparaci\u00f3n, el d\u00eda 30 de julio de 2022 en el Templo de la Santa Veracruz, Toluca, Estado de M\u00e9xico, la Provincia de M\u00e9xico celebr\u00f3 con gran alegr\u00eda y entusiasmo la ordenaci\u00f3n sacerdotal de Edgar Alejandro Salgado Tapia, CMF, mediante la imposici\u00f3n de manos de Mons. H\u00e9ctor Mario P\u00e9rez Villareal, obispo auxiliar de la Arquidi\u00f3cesis de M\u00e9xico.<\/p>\n\n\n\n<p>Durante la celebraci\u00f3n, Edgar estuvo acompa\u00f1ado de sus familiares, amigos y dem\u00e1s asistentes invitados a ser testigos de este acontecimiento tan importante en su vida. Al terminar la lectura del Evangelio, Edgar fue llamado por su nombre y presentado al obispo por el Superior Provincial. En su homil\u00eda, el obispo, coment\u00f3 que hace un a\u00f1o \u00e9l lo orden\u00f3 Di\u00e1cono y hoy lo ordena como Presb\u00edtero, tambi\u00e9n habl\u00f3 sobre la importancia de este ministerio y resalt\u00f3 que \u201cel sacerdocio no es uno mismo, sino de Dios a trav\u00e9s de uno\u201d, posterior a esto comenz\u00f3 propiamente el rito de ordenaci\u00f3n.<\/p>\n\n\n\n<p>Al t\u00e9rmino de la celebraci\u00f3n, el reci\u00e9n ordenado dirigi\u00f3 unas palabras de agradecimiento a su familia de sangre, a su familia religiosa, amigos y dem\u00e1s asistentes que le acompa\u00f1aron en este momento tan fundamental en su vida y quienes al t\u00e9rmino de su agradecimiento le dieron un fuerte aplauso.<\/p>\n\n\n\n<p><\/p>\n\n\n\n<figure class=\"wp-block-gallery has-nested-images columns-default is-cropped wp-block-gallery-1 is-layout-flex wp-block-gallery-is-layout-flex\">\n<figure class=\"wp-block-image size-large\"><img data-recalc-dims=\"1\" loading=\"lazy\" decoding=\"async\" width=\"1080\" height=\"720\" data-attachment-id=\"132204\" data-permalink=\"https:\/\/www.claret.org\/es\/ordenacion-sacerdotal-de-edgar-alejandro-salgado-tapia-cmf\/mx-20220730-ordenacion-edgar-salgado-1\/\" data-orig-file=\"https:\/\/i0.wp.com\/www.claret.org\/wp-content\/uploads\/2022\/08\/MX-20220730-Ordenacion-Edgar-Salgado-1.jpeg?fit=1350%2C900&amp;ssl=1\" data-orig-size=\"1350,900\" data-comments-opened=\"0\" data-image-meta=\"{&quot;aperture&quot;:&quot;0&quot;,&quot;credit&quot;:&quot;&quot;,&quot;camera&quot;:&quot;&quot;,&quot;caption&quot;:&quot;&quot;,&quot;created_timestamp&quot;:&quot;0&quot;,&quot;copyright&quot;:&quot;&quot;,&quot;focal_length&quot;:&quot;0&quot;,&quot;iso&quot;:&quot;0&quot;,&quot;shutter_speed&quot;:&quot;0&quot;,&quot;title&quot;:&quot;&quot;,&quot;orientation&quot;:&quot;0&quot;}\" data-image-title=\"MX-20220730 Ordenaci\u00f3n Edgar Salgado (1)\" data-image-description=\"\" data-image-caption=\"\" data-large-file=\"https:\/\/i0.wp.com\/www.claret.org\/wp-content\/uploads\/2022\/08\/MX-20220730-Ordenacion-Edgar-Salgado-1.jpeg?fit=1024%2C683&amp;ssl=1\" data-id=\"132204\" src=\"https:\/\/i0.wp.com\/www.claret.org\/wp-content\/uploads\/2022\/08\/MX-20220730-Ordenacion-Edgar-Salgado-1.jpeg?resize=1080%2C720&#038;ssl=1\" alt=\"\" class=\"wp-image-132204\" title=\"\" srcset=\"https:\/\/www.claret.org\/wp-content\/uploads\/2022\/08\/MX-20220730-Ordenacion-Edgar-Salgado-1.jpeg 1350w, https:\/\/www.claret.org\/wp-content\/uploads\/2022\/08\/MX-20220730-Ordenacion-Edgar-Salgado-1-1280x853.jpeg 1280w, https:\/\/www.claret.org\/wp-content\/uploads\/2022\/08\/MX-20220730-Ordenacion-Edgar-Salgado-1-980x653.jpeg 980w, https:\/\/www.claret.org\/wp-content\/uploads\/2022\/08\/MX-20220730-Ordenacion-Edgar-Salgado-1-480x320.jpeg 480w\" sizes=\"(min-width: 0px) and (max-width: 480px) 480px, (min-width: 481px) and (max-width: 980px) 980px, (min-width: 981px) and (max-width: 1280px) 1280px, (min-width: 1281px) 1350px, 100vw\" \/><\/figure>\n\n\n\n<figure class=\"wp-block-image size-large\"><img data-recalc-dims=\"1\" loading=\"lazy\" decoding=\"async\" width=\"1080\" height=\"720\" data-attachment-id=\"132210\" data-permalink=\"https:\/\/www.claret.org\/es\/ordenacion-sacerdotal-de-edgar-alejandro-salgado-tapia-cmf\/mx-20220730-ordenacion-edgar-salgado-5\/\" data-orig-file=\"https:\/\/i0.wp.com\/www.claret.org\/wp-content\/uploads\/2022\/08\/MX-20220730-Ordenacion-Edgar-Salgado-5.jpeg?fit=1350%2C900&amp;ssl=1\" data-orig-size=\"1350,900\" data-comments-opened=\"0\" data-image-meta=\"{&quot;aperture&quot;:&quot;0&quot;,&quot;credit&quot;:&quot;&quot;,&quot;camera&quot;:&quot;&quot;,&quot;caption&quot;:&quot;&quot;,&quot;created_timestamp&quot;:&quot;0&quot;,&quot;copyright&quot;:&quot;&quot;,&quot;focal_length&quot;:&quot;0&quot;,&quot;iso&quot;:&quot;0&quot;,&quot;shutter_speed&quot;:&quot;0&quot;,&quot;title&quot;:&quot;&quot;,&quot;orientation&quot;:&quot;0&quot;}\" data-image-title=\"MX-20220730 Ordenaci\u00f3n Edgar Salgado (5)\" data-image-description=\"\" data-image-caption=\"\" data-large-file=\"https:\/\/i0.wp.com\/www.claret.org\/wp-content\/uploads\/2022\/08\/MX-20220730-Ordenacion-Edgar-Salgado-5.jpeg?fit=1024%2C683&amp;ssl=1\" data-id=\"132210\" src=\"https:\/\/i0.wp.com\/www.claret.org\/wp-content\/uploads\/2022\/08\/MX-20220730-Ordenacion-Edgar-Salgado-5.jpeg?resize=1080%2C720&#038;ssl=1\" alt=\"\" class=\"wp-image-132210\" title=\"\" srcset=\"https:\/\/www.claret.org\/wp-content\/uploads\/2022\/08\/MX-20220730-Ordenacion-Edgar-Salgado-5.jpeg 1350w, https:\/\/www.claret.org\/wp-content\/uploads\/2022\/08\/MX-20220730-Ordenacion-Edgar-Salgado-5-1280x853.jpeg 1280w, https:\/\/www.claret.org\/wp-content\/uploads\/2022\/08\/MX-20220730-Ordenacion-Edgar-Salgado-5-980x653.jpeg 980w, https:\/\/www.claret.org\/wp-content\/uploads\/2022\/08\/MX-20220730-Ordenacion-Edgar-Salgado-5-480x320.jpeg 480w\" sizes=\"(min-width: 0px) and (max-width: 480px) 480px, (min-width: 481px) and (max-width: 980px) 980px, (min-width: 981px) and (max-width: 1280px) 1280px, (min-width: 1281px) 1350px, 100vw\" \/><\/figure>\n\n\n\n<figure class=\"wp-block-image size-large\"><img data-recalc-dims=\"1\" loading=\"lazy\" decoding=\"async\" width=\"1080\" height=\"720\" data-attachment-id=\"132216\" data-permalink=\"https:\/\/www.claret.org\/es\/ordenacion-sacerdotal-de-edgar-alejandro-salgado-tapia-cmf\/mx-20220730-ordenacion-edgar-salgado-3\/\" data-orig-file=\"https:\/\/i0.wp.com\/www.claret.org\/wp-content\/uploads\/2022\/08\/MX-20220730-Ordenacion-Edgar-Salgado-3.jpeg?fit=1350%2C900&amp;ssl=1\" data-orig-size=\"1350,900\" data-comments-opened=\"0\" data-image-meta=\"{&quot;aperture&quot;:&quot;0&quot;,&quot;credit&quot;:&quot;&quot;,&quot;camera&quot;:&quot;&quot;,&quot;caption&quot;:&quot;&quot;,&quot;created_timestamp&quot;:&quot;0&quot;,&quot;copyright&quot;:&quot;&quot;,&quot;focal_length&quot;:&quot;0&quot;,&quot;iso&quot;:&quot;0&quot;,&quot;shutter_speed&quot;:&quot;0&quot;,&quot;title&quot;:&quot;&quot;,&quot;orientation&quot;:&quot;0&quot;}\" data-image-title=\"MX-20220730 Ordenaci\u00f3n Edgar Salgado (3)\" data-image-description=\"\" data-image-caption=\"\" data-large-file=\"https:\/\/i0.wp.com\/www.claret.org\/wp-content\/uploads\/2022\/08\/MX-20220730-Ordenacion-Edgar-Salgado-3.jpeg?fit=1024%2C683&amp;ssl=1\" data-id=\"132216\" src=\"https:\/\/i0.wp.com\/www.claret.org\/wp-content\/uploads\/2022\/08\/MX-20220730-Ordenacion-Edgar-Salgado-3.jpeg?resize=1080%2C720&#038;ssl=1\" alt=\"\" class=\"wp-image-132216\" title=\"\" srcset=\"https:\/\/www.claret.org\/wp-content\/uploads\/2022\/08\/MX-20220730-Ordenacion-Edgar-Salgado-3.jpeg 1350w, https:\/\/www.claret.org\/wp-content\/uploads\/2022\/08\/MX-20220730-Ordenacion-Edgar-Salgado-3-1280x853.jpeg 1280w, https:\/\/www.claret.org\/wp-content\/uploads\/2022\/08\/MX-20220730-Ordenacion-Edgar-Salgado-3-980x653.jpeg 980w, https:\/\/www.claret.org\/wp-content\/uploads\/2022\/08\/MX-20220730-Ordenacion-Edgar-Salgado-3-480x320.jpeg 480w\" sizes=\"(min-width: 0px) and (max-width: 480px) 480px, (min-width: 481px) and (max-width: 980px) 980px, (min-width: 981px) and (max-width: 1280px) 1280px, (min-width: 1281px) 1350px, 100vw\" \/><\/figure>\n\n\n\n<figure class=\"wp-block-image size-large\"><img data-recalc-dims=\"1\" loading=\"lazy\" decoding=\"async\" width=\"1080\" height=\"720\" data-attachment-id=\"132222\" data-permalink=\"https:\/\/www.claret.org\/es\/ordenacion-sacerdotal-de-edgar-alejandro-salgado-tapia-cmf\/mx-20220730-ordenacion-edgar-salgado-2\/\" data-orig-file=\"https:\/\/i0.wp.com\/www.claret.org\/wp-content\/uploads\/2022\/08\/MX-20220730-Ordenacion-Edgar-Salgado-2.jpeg?fit=1350%2C900&amp;ssl=1\" data-orig-size=\"1350,900\" data-comments-opened=\"0\" data-image-meta=\"{&quot;aperture&quot;:&quot;0&quot;,&quot;credit&quot;:&quot;&quot;,&quot;camera&quot;:&quot;&quot;,&quot;caption&quot;:&quot;&quot;,&quot;created_timestamp&quot;:&quot;0&quot;,&quot;copyright&quot;:&quot;&quot;,&quot;focal_length&quot;:&quot;0&quot;,&quot;iso&quot;:&quot;0&quot;,&quot;shutter_speed&quot;:&quot;0&quot;,&quot;title&quot;:&quot;&quot;,&quot;orientation&quot;:&quot;0&quot;}\" data-image-title=\"MX-20220730 Ordenaci\u00f3n Edgar Salgado (2)\" data-image-description=\"\" data-image-caption=\"\" data-large-file=\"https:\/\/i0.wp.com\/www.claret.org\/wp-content\/uploads\/2022\/08\/MX-20220730-Ordenacion-Edgar-Salgado-2.jpeg?fit=1024%2C683&amp;ssl=1\" data-id=\"132222\" src=\"https:\/\/i0.wp.com\/www.claret.org\/wp-content\/uploads\/2022\/08\/MX-20220730-Ordenacion-Edgar-Salgado-2.jpeg?resize=1080%2C720&#038;ssl=1\" alt=\"\" class=\"wp-image-132222\" title=\"\" srcset=\"https:\/\/www.claret.org\/wp-content\/uploads\/2022\/08\/MX-20220730-Ordenacion-Edgar-Salgado-2.jpeg 1350w, https:\/\/www.claret.org\/wp-content\/uploads\/2022\/08\/MX-20220730-Ordenacion-Edgar-Salgado-2-1280x853.jpeg 1280w, https:\/\/www.claret.org\/wp-content\/uploads\/2022\/08\/MX-20220730-Ordenacion-Edgar-Salgado-2-980x653.jpeg 980w, https:\/\/www.claret.org\/wp-content\/uploads\/2022\/08\/MX-20220730-Ordenacion-Edgar-Salgado-2-480x320.jpeg 480w\" sizes=\"(min-width: 0px) and (max-width: 480px) 480px, (min-width: 481px) and (max-width: 980px) 980px, (min-width: 981px) and (max-width: 1280px) 1280px, (min-width: 1281px) 1350px, 100vw\" \/><\/figure>\n<\/figure>\n","protected":false},"excerpt":{"rendered":"<p>Toluca, M\u00e9xico. Tras doce a\u00f1os de preparaci\u00f3n, el d\u00eda 30 de julio de 2022 en el Templo de la Santa Veracruz, Toluca, Estado de M\u00e9xico, la Provincia de M\u00e9xico celebr\u00f3 con gran alegr\u00eda y entusiasmo la ordenaci\u00f3n sacerdotal de Edgar Alejandro Salgado Tapia, CMF, mediante la imposici\u00f3n de manos de Mons. H\u00e9ctor Mario P\u00e9rez Villareal, [&hellip;]<\/p>\n","protected":false},"author":2,"featured_media":132228,"comment_status":"closed","ping_status":"closed","sticky":false,"template":"","format":"standard","meta":{"_et_pb_use_builder":"","_et_pb_old_content":"","_et_gb_content_width":"","footnotes":""},"categories":[386,573],"tags":[],"class_list":["post-132203","post","type-post","status-publish","format-standard","has-post-thumbnail","hentry","category-mexico-es","category-ordenaciones"],"jetpack_featured_media_url":"https:\/\/i0.wp.com\/www.claret.org\/wp-content\/uploads\/2022\/08\/MX-20220730-Ordenacion-Edgar-Salgado-4.jpeg?fit=1350%2C900&ssl=1","jetpack_sharing_enabled":true,"jetpack_shortlink":"https:\/\/wp.me\/pdaBmi-yoj","jetpack_likes_enabled":true,"_links":{"self":[{"href":"https:\/\/www.claret.org\/es\/wp-json\/wp\/v2\/posts\/132203","targetHints":{"allow":["GET"]}}],"collection":[{"href":"https:\/\/www.claret.org\/es\/wp-json\/wp\/v2\/posts"}],"about":[{"href":"https:\/\/www.claret.org\/es\/wp-json\/wp\/v2\/types\/post"}],"author":[{"embeddable":true,"href":"https:\/\/www.claret.org\/es\/wp-json\/wp\/v2\/users\/2"}],"replies":[{"embeddable":true,"href":"https:\/\/www.claret.org\/es\/wp-json\/wp\/v2\/comments?post=132203"}],"version-history":[{"count":0,"href":"https:\/\/www.claret.org\/es\/wp-json\/wp\/v2\/posts\/132203\/revisions"}],"wp:featuredmedia":[{"embeddable":true,"href":"https:\/\/www.claret.org\/es\/wp-json\/wp\/v2\/media\/132228"}],"wp:attachment":[{"href":"https:\/\/www.claret.org\/es\/wp-json\/wp\/v2\/media?parent=132203"}],"wp:term":[{"taxonomy":"category","embeddable":true,"href":"https:\/\/www.claret.org\/es\/wp-json\/wp\/v2\/categories?post=132203"},{"taxonomy":"post_tag","embeddable":true,"href":"https:\/\/www.claret.org\/es\/wp-json\/wp\/v2\/tags?post=132203"}],"curies":[{"name":"wp","href":"https:\/\/api.w.org\/{rel}","templated":true}]}}