{"id":132261,"date":"2022-08-02T17:26:00","date_gmt":"2022-08-02T15:26:00","guid":{"rendered":"https:\/\/www.claret.org\/iii-capitulo-provincial-de-peru-bolivia\/"},"modified":"2022-08-03T17:50:08","modified_gmt":"2022-08-03T15:50:08","slug":"iii-capitulo-provincial-de-peru-bolivia","status":"publish","type":"post","link":"https:\/\/www.claret.org\/es\/iii-capitulo-provincial-de-peru-bolivia\/","title":{"rendered":"III Cap\u00edtulo Provincial de Per\u00fa-Bolivia"},"content":{"rendered":"\n<p class=\"has-drop-cap\"><strong>Chaclacayo, Per\u00fa. <\/strong>La Provincia Claretiana de Per\u00fa-Bolivia celebra su III Cap\u00edtulo Provincial del 31 de julio al 8 de agosto de 2022, en el distrito lime\u00f1o de Chaclacayo, con el P. Mathew Vattamattam, CMF, Superior General, como Presidente. El P. Carlos S\u00e1nchez, CMF, Prefecto General de Espiritualidad y Vida Comunitaria, facilit\u00f3 el retiro y ayuda en la moderaci\u00f3n de dicho Cap\u00edtulo con la participaci\u00f3n de 31 miembros.<\/p>\n\n<p><\/p>\n\n<figure class=\"wp-block-image size-full\"><img data-recalc-dims=\"1\" loading=\"lazy\" decoding=\"async\" width=\"1080\" height=\"270\" data-attachment-id=\"132253\" data-permalink=\"https:\/\/www.claret.org\/es\/iii-capitulo-provincial-de-peru-bolivia\/pb-20220731-iii-capitulo-provincial-3-2\/\" data-orig-file=\"https:\/\/i0.wp.com\/www.claret.org\/wp-content\/uploads\/2022\/08\/PB-20220731-III-Capitulo-Provincial-3.jpeg?fit=1280%2C320&amp;ssl=1\" data-orig-size=\"1280,320\" data-comments-opened=\"0\" data-image-meta=\"{&quot;aperture&quot;:&quot;0&quot;,&quot;credit&quot;:&quot;&quot;,&quot;camera&quot;:&quot;&quot;,&quot;caption&quot;:&quot;&quot;,&quot;created_timestamp&quot;:&quot;0&quot;,&quot;copyright&quot;:&quot;&quot;,&quot;focal_length&quot;:&quot;0&quot;,&quot;iso&quot;:&quot;0&quot;,&quot;shutter_speed&quot;:&quot;0&quot;,&quot;title&quot;:&quot;&quot;,&quot;orientation&quot;:&quot;0&quot;}\" data-image-title=\"PB-20220731 III Cap\u00edtulo Provincial (3)\" data-image-description=\"\" data-image-caption=\"\" data-large-file=\"https:\/\/i0.wp.com\/www.claret.org\/wp-content\/uploads\/2022\/08\/PB-20220731-III-Capitulo-Provincial-3.jpeg?fit=1024%2C256&amp;ssl=1\" src=\"https:\/\/i0.wp.com\/www.claret.org\/wp-content\/uploads\/2022\/08\/PB-20220731-III-Capitulo-Provincial-3.jpeg?resize=1080%2C270&#038;ssl=1\" alt=\"\" class=\"wp-image-132253\" title=\"\" srcset=\"https:\/\/www.claret.org\/wp-content\/uploads\/2022\/08\/PB-20220731-III-Capitulo-Provincial-3.jpeg 1280w, https:\/\/www.claret.org\/wp-content\/uploads\/2022\/08\/PB-20220731-III-Capitulo-Provincial-3-980x245.jpeg 980w, https:\/\/www.claret.org\/wp-content\/uploads\/2022\/08\/PB-20220731-III-Capitulo-Provincial-3-480x120.jpeg 480w\" sizes=\"(min-width: 0px) and (max-width: 480px) 480px, (min-width: 481px) and (max-width: 980px) 980px, (min-width: 981px) 1280px, 100vw\" \/><\/figure>\n\n<figure class=\"wp-block-image size-full\"><img data-recalc-dims=\"1\" loading=\"lazy\" decoding=\"async\" width=\"1080\" height=\"721\" data-attachment-id=\"132259\" data-permalink=\"https:\/\/www.claret.org\/es\/iii-capitulo-provincial-de-peru-bolivia\/pb-20220731-iii-capitulo-provincial-2-2\/\" data-orig-file=\"https:\/\/i0.wp.com\/www.claret.org\/wp-content\/uploads\/2022\/08\/PB-20220731-III-Capitulo-Provincial-2.jpeg?fit=1280%2C854&amp;ssl=1\" data-orig-size=\"1280,854\" data-comments-opened=\"0\" data-image-meta=\"{&quot;aperture&quot;:&quot;0&quot;,&quot;credit&quot;:&quot;&quot;,&quot;camera&quot;:&quot;&quot;,&quot;caption&quot;:&quot;&quot;,&quot;created_timestamp&quot;:&quot;0&quot;,&quot;copyright&quot;:&quot;&quot;,&quot;focal_length&quot;:&quot;0&quot;,&quot;iso&quot;:&quot;0&quot;,&quot;shutter_speed&quot;:&quot;0&quot;,&quot;title&quot;:&quot;&quot;,&quot;orientation&quot;:&quot;0&quot;}\" data-image-title=\"PB-20220731 III Cap\u00edtulo Provincial (2)\" data-image-description=\"\" data-image-caption=\"\" data-large-file=\"https:\/\/i0.wp.com\/www.claret.org\/wp-content\/uploads\/2022\/08\/PB-20220731-III-Capitulo-Provincial-2.jpeg?fit=1024%2C683&amp;ssl=1\" src=\"https:\/\/i0.wp.com\/www.claret.org\/wp-content\/uploads\/2022\/08\/PB-20220731-III-Capitulo-Provincial-2.jpeg?resize=1080%2C721&#038;ssl=1\" alt=\"\" class=\"wp-image-132259\" title=\"\" srcset=\"https:\/\/www.claret.org\/wp-content\/uploads\/2022\/08\/PB-20220731-III-Capitulo-Provincial-2.jpeg 1280w, https:\/\/www.claret.org\/wp-content\/uploads\/2022\/08\/PB-20220731-III-Capitulo-Provincial-2-980x654.jpeg 980w, https:\/\/www.claret.org\/wp-content\/uploads\/2022\/08\/PB-20220731-III-Capitulo-Provincial-2-480x320.jpeg 480w\" sizes=\"(min-width: 0px) and (max-width: 480px) 480px, (min-width: 481px) and (max-width: 980px) 980px, (min-width: 981px) 1280px, 100vw\" \/><\/figure>\n\n<p><\/p>\n\n<p>El mi\u00e9rcoles 3 de agosto elegir\u00e1n al nuevo Superior Provincial que dirigir\u00e1 Per\u00fa-Bolivia en el pr\u00f3ximo sexenio.<\/p>\n","protected":false},"excerpt":{"rendered":"<p>Chaclacayo, Per\u00fa. La Provincia Claretiana de Per\u00fa-Bolivia celebra su III Cap\u00edtulo Provincial del 31 de julio al 8 de agosto de 2022, en el distrito lime\u00f1o de Chaclacayo, con el P. Mathew Vattamattam, CMF, Superior General, como Presidente. El P. Carlos S\u00e1nchez, CMF, Prefecto General de Espiritualidad y Vida Comunitaria, facilit\u00f3 el retiro y ayuda [&hellip;]<\/p>\n","protected":false},"author":2,"featured_media":132247,"comment_status":"closed","ping_status":"closed","sticky":false,"template":"","format":"standard","meta":{"_et_pb_use_builder":"","_et_pb_old_content":"","_et_gb_content_width":"","footnotes":""},"categories":[387],"tags":[],"class_list":["post-132261","post","type-post","status-publish","format-standard","has-post-thumbnail","hentry","category-peru-bolivia-es"],"jetpack_featured_media_url":"https:\/\/i0.wp.com\/www.claret.org\/wp-content\/uploads\/2022\/08\/PB-20220731-III-Capitulo-Provincial-1.jpeg?fit=1280%2C610&ssl=1","jetpack_sharing_enabled":true,"jetpack_shortlink":"https:\/\/wp.me\/pdaBmi-ypf","jetpack_likes_enabled":true,"_links":{"self":[{"href":"https:\/\/www.claret.org\/es\/wp-json\/wp\/v2\/posts\/132261","targetHints":{"allow":["GET"]}}],"collection":[{"href":"https:\/\/www.claret.org\/es\/wp-json\/wp\/v2\/posts"}],"about":[{"href":"https:\/\/www.claret.org\/es\/wp-json\/wp\/v2\/types\/post"}],"author":[{"embeddable":true,"href":"https:\/\/www.claret.org\/es\/wp-json\/wp\/v2\/users\/2"}],"replies":[{"embeddable":true,"href":"https:\/\/www.claret.org\/es\/wp-json\/wp\/v2\/comments?post=132261"}],"version-history":[{"count":0,"href":"https:\/\/www.claret.org\/es\/wp-json\/wp\/v2\/posts\/132261\/revisions"}],"wp:featuredmedia":[{"embeddable":true,"href":"https:\/\/www.claret.org\/es\/wp-json\/wp\/v2\/media\/132247"}],"wp:attachment":[{"href":"https:\/\/www.claret.org\/es\/wp-json\/wp\/v2\/media?parent=132261"}],"wp:term":[{"taxonomy":"category","embeddable":true,"href":"https:\/\/www.claret.org\/es\/wp-json\/wp\/v2\/categories?post=132261"},{"taxonomy":"post_tag","embeddable":true,"href":"https:\/\/www.claret.org\/es\/wp-json\/wp\/v2\/tags?post=132261"}],"curies":[{"name":"wp","href":"https:\/\/api.w.org\/{rel}","templated":true}]}}