{"id":137165,"date":"2022-10-25T20:42:02","date_gmt":"2022-10-25T18:42:02","guid":{"rendered":"https:\/\/www.claret.org\/alegre-celebracion-de-la-fiesta-de-claret-en-familia-claretiana-en-camerun\/"},"modified":"2022-10-25T21:30:39","modified_gmt":"2022-10-25T19:30:39","slug":"alegre-celebracion-de-la-fiesta-de-claret-en-familia-claretiana-en-camerun","status":"publish","type":"post","link":"https:\/\/www.claret.org\/es\/alegre-celebracion-de-la-fiesta-de-claret-en-familia-claretiana-en-camerun\/","title":{"rendered":"Alegre celebraci\u00f3n de la fiesta de Claret en Familia Claretiana en Camer\u00fan"},"content":{"rendered":"\n<p class=\"has-drop-cap\"><strong>Obala, Camer\u00fan. <\/strong>El Teologado del Coraz\u00f3n Inmaculado de Nkong, en la di\u00f3cesis de Obala, fue el anfitri\u00f3n ayer, 24 de octubre de 2022, de la celebraci\u00f3n de la solemnidad de San Antonio Mar\u00eda Claret, fundador de los Misioneros Claretianos. La celebraci\u00f3n cont\u00f3 con una gran participaci\u00f3n de los Misioneros Claretianos de la regi\u00f3n central, donde se encuentran tres de las cuatro casas de formaci\u00f3n de la Delegaci\u00f3n Independiente de Camer\u00fan. Tambi\u00e9n estuvieron presentes las Religiosas de Mar\u00eda Inmaculada Misioneras Claretianas que vinieron desde Bafoussam (regi\u00f3n occidental del pa\u00eds), los Seglares Claretianos y algunos amigos de otras congregaciones invitados a comulgar con el cuerpo de Cristo y a compartir la alegr\u00eda del d\u00eda del Padre Fundador.<\/p>\n\n<p>Otro momento destacado del d\u00eda fue la entrega de los ministerios a 13 claretianos durante la eucarist\u00eda presidida por el Superior Mayor, P. Jude Thaddeus Langeh, CMF, junto con algunos miembros del Gobierno de la Delegaci\u00f3n. El P. Jude invit\u00f3 a los misioneros y al pueblo de Dios presentes a construir y cuidar las relaciones humanas, a convertirse en cantores de la reconciliaci\u00f3n en un mundo marcado por los conflictos y la violencia.<\/p>\n\n<p>La fiesta de Claret tambi\u00e9n fue bien celebrada en las otras zonas de misi\u00f3n de los Misioneros Claretianos en Camer\u00fan.<\/p>\n\n<p><\/p>\n\n<figure class=\"wp-block-gallery has-nested-images columns-default is-cropped wp-block-gallery-1 is-layout-flex wp-block-gallery-is-layout-flex\">\n<figure class=\"wp-block-image size-large\"><img data-recalc-dims=\"1\" loading=\"lazy\" decoding=\"async\" width=\"1000\" height=\"750\" data-id=\"137140\" src=\"https:\/\/i0.wp.com\/www.claret.org\/storage\/2022\/10\/CM-20221024-Feast-Day-2022-2.jpg?resize=1000%2C750&#038;ssl=1\" alt=\"\" class=\"wp-image-137140\" title=\"\" srcset=\"https:\/\/i0.wp.com\/www.claret.org\/wp-content\/uploads\/2022\/10\/CM-20221024-Feast-Day-2022-2.jpg?w=1000&amp;ssl=1 1000w, https:\/\/i0.wp.com\/www.claret.org\/wp-content\/uploads\/2022\/10\/CM-20221024-Feast-Day-2022-2.jpg?resize=980%2C735&amp;ssl=1 980w, https:\/\/i0.wp.com\/www.claret.org\/wp-content\/uploads\/2022\/10\/CM-20221024-Feast-Day-2022-2.jpg?resize=480%2C360&amp;ssl=1 480w\" sizes=\"(max-width: 1000px) 100vw, 1000px\" \/><\/figure>\n\n\n\n<figure class=\"wp-block-image size-large\"><img data-recalc-dims=\"1\" loading=\"lazy\" decoding=\"async\" width=\"1080\" height=\"810\" data-id=\"137152\" src=\"https:\/\/i0.wp.com\/www.claret.org\/storage\/2022\/10\/CM-20221024-Feast-Day-2022-3.jpg?resize=1080%2C810&#038;ssl=1\" alt=\"\" class=\"wp-image-137152\" title=\"\" srcset=\"https:\/\/i0.wp.com\/www.claret.org\/wp-content\/uploads\/2022\/10\/CM-20221024-Feast-Day-2022-3.jpg?w=1080&amp;ssl=1 1080w, https:\/\/i0.wp.com\/www.claret.org\/wp-content\/uploads\/2022\/10\/CM-20221024-Feast-Day-2022-3.jpg?resize=980%2C735&amp;ssl=1 980w, https:\/\/i0.wp.com\/www.claret.org\/wp-content\/uploads\/2022\/10\/CM-20221024-Feast-Day-2022-3.jpg?resize=480%2C360&amp;ssl=1 480w\" sizes=\"(max-width: 1080px) 100vw, 1080px\" \/><\/figure>\n\n\n\n<figure class=\"wp-block-image size-large\"><img data-recalc-dims=\"1\" loading=\"lazy\" decoding=\"async\" width=\"1080\" height=\"593\" data-id=\"137158\" src=\"https:\/\/i0.wp.com\/www.claret.org\/storage\/2022\/10\/CM-20221024-Feast-Day-2022-4.jpg?resize=1080%2C593&#038;ssl=1\" alt=\"\" class=\"wp-image-137158\" title=\"\" srcset=\"https:\/\/i0.wp.com\/www.claret.org\/wp-content\/uploads\/2022\/10\/CM-20221024-Feast-Day-2022-4.jpg?w=1080&amp;ssl=1 1080w, https:\/\/i0.wp.com\/www.claret.org\/wp-content\/uploads\/2022\/10\/CM-20221024-Feast-Day-2022-4.jpg?resize=980%2C538&amp;ssl=1 980w, https:\/\/i0.wp.com\/www.claret.org\/wp-content\/uploads\/2022\/10\/CM-20221024-Feast-Day-2022-4.jpg?resize=480%2C264&amp;ssl=1 480w\" sizes=\"(max-width: 1080px) 100vw, 1080px\" \/><\/figure>\n<\/figure>\n\n<p><\/p>\n","protected":false},"excerpt":{"rendered":"<p>Obala, Camer\u00fan. El Teologado del Coraz\u00f3n Inmaculado de Nkong, en la di\u00f3cesis de Obala, fue el anfitri\u00f3n ayer, 24 de octubre de 2022, de la celebraci\u00f3n de la solemnidad de San Antonio Mar\u00eda Claret, fundador de los Misioneros Claretianos. La celebraci\u00f3n cont\u00f3 con una gran participaci\u00f3n de los Misioneros Claretianos de la regi\u00f3n central, donde [&hellip;]<\/p>\n","protected":false},"author":2,"featured_media":137151,"comment_status":"closed","ping_status":"closed","sticky":false,"template":"","format":"standard","meta":{"_et_pb_use_builder":"","_et_pb_old_content":"","_et_gb_content_width":"","footnotes":""},"categories":[132,528],"tags":[],"class_list":["post-137165","post","type-post","status-publish","format-standard","has-post-thumbnail","hentry","category-cameroun-es","category-familia-claretiana"],"jetpack_featured_media_url":"https:\/\/i0.wp.com\/www.claret.org\/wp-content\/uploads\/2022\/10\/CM-20221024-Feast-Day-2022-1-1.jpg?fit=1054%2C600&ssl=1","jetpack_sharing_enabled":true,"jetpack_shortlink":"https:\/\/wp.me\/pdaBmi-zGl","jetpack_likes_enabled":true,"_links":{"self":[{"href":"https:\/\/www.claret.org\/es\/wp-json\/wp\/v2\/posts\/137165","targetHints":{"allow":["GET"]}}],"collection":[{"href":"https:\/\/www.claret.org\/es\/wp-json\/wp\/v2\/posts"}],"about":[{"href":"https:\/\/www.claret.org\/es\/wp-json\/wp\/v2\/types\/post"}],"author":[{"embeddable":true,"href":"https:\/\/www.claret.org\/es\/wp-json\/wp\/v2\/users\/2"}],"replies":[{"embeddable":true,"href":"https:\/\/www.claret.org\/es\/wp-json\/wp\/v2\/comments?post=137165"}],"version-history":[{"count":0,"href":"https:\/\/www.claret.org\/es\/wp-json\/wp\/v2\/posts\/137165\/revisions"}],"wp:featuredmedia":[{"embeddable":true,"href":"https:\/\/www.claret.org\/es\/wp-json\/wp\/v2\/media\/137151"}],"wp:attachment":[{"href":"https:\/\/www.claret.org\/es\/wp-json\/wp\/v2\/media?parent=137165"}],"wp:term":[{"taxonomy":"category","embeddable":true,"href":"https:\/\/www.claret.org\/es\/wp-json\/wp\/v2\/categories?post=137165"},{"taxonomy":"post_tag","embeddable":true,"href":"https:\/\/www.claret.org\/es\/wp-json\/wp\/v2\/tags?post=137165"}],"curies":[{"name":"wp","href":"https:\/\/api.w.org\/{rel}","templated":true}]}}