{"id":138412,"date":"2022-11-23T12:01:50","date_gmt":"2022-11-23T11:01:50","guid":{"rendered":"https:\/\/www.claret.org\/los-miembros-de-la-pastoral-universitaria-participaron-en-un-encuentro-organizado-por-la-conferencia-episcopal\/"},"modified":"2022-11-23T15:39:53","modified_gmt":"2022-11-23T14:39:53","slug":"los-miembros-de-la-pastoral-universitaria-participaron-en-un-encuentro-organizado-por-la-conferencia-episcopal","status":"publish","type":"post","link":"https:\/\/www.claret.org\/es\/los-miembros-de-la-pastoral-universitaria-participaron-en-un-encuentro-organizado-por-la-conferencia-episcopal\/","title":{"rendered":"Los miembros de la Pastoral Universitaria participaron en un encuentro organizado por la Conferencia Episcopal"},"content":{"rendered":"\n<p class=\"has-drop-cap\">La Pastoral de Campus de la provincia de Santiago particip\u00f3 en un encuentro organizado por la Conferencia Episcopal celebrado del 16 al 18 de noviembre en el Seminario Diocesano de \u00c1vila. Al encuentro asistieron en representaci\u00f3n de la provincia los pastoralistas P. Jorge Ruiz Aragoneses, cmf, como parte del PJV de los misioneros de Santiago y Rub\u00e9n Francisco Moro, implicado en esta labor en dos Colegios. Este a\u00f1o, la iniciativa, convocada como siempre por la Subcomisi\u00f3n Episcopal de Universidades y Cultura, llevaba por t\u00edtulo \u00abUn nuevo tiempo para la Pastoral Universitaria\u00bb y en torno a este marco se compartieron buenas pr\u00e1cticas que ayudaron a tejer una red cada vez m\u00e1s consolidada, al tiempo que se abordaron los retos inherentes a la evangelizaci\u00f3n en las universidades y para los universitarios. \u00abEl tema principal gir\u00f3 en torno a la cuesti\u00f3n de c\u00f3mo introducir la cultura cat\u00f3lica en el mundo universitario\u00bb, explica Francisco Moro.<\/p>\n\n<p>Las jornadas comenzaron el mi\u00e9rcoles 16 de noviembre con el saludo del presidente de la Subcomisi\u00f3n, Mons. Juan Antonio Mart\u00ednez Camino, religioso jesuita. Seguidamente, el arzobispo de Granada, Mons. Francisco Javier Mart\u00ednez Fern\u00e1ndez, miembro de esta Subcomisi\u00f3n, pronunci\u00f3 una sugerente conferencia que llevaba por t\u00edtulo \u2018Cultivar la fe y la llamada a la conversi\u00f3n en este tiempo\u2019. Tambi\u00e9n fue programado un tiempo para mantener un encuentro con la pastoral universitaria de la di\u00f3cesis abulense. <\/p>\n\n<blockquote class=\"wp-block-quote is-layout-flow wp-block-quote-is-layout-flow\">\n<p>\u201cEs cierto que otros a\u00f1os -abunda Francisco Moro, veterano ya de estos encuentros- el tema era m\u00e1s concreto, pero en esta ocasi\u00f3n las jornadas me resultaron especialmente sugerentes por la llamada a la reflexi\u00f3n cr\u00edtica en torno a nuestros valores y c\u00f3mo jugarlos en batalla cultural, aplic\u00e1ndolos, claro est\u00e1, al mundo universitario\u201d.<\/p>\n<\/blockquote>\n\n<p>El jueves 17 de noviembre continuaron los trabajos con una ponencia de la profesora de Teolog\u00eda y \u00c9tica en el Baptist Theological Seminary de Richmond y Duke University Divinity School de Durham (EE.UU.), Elizabeth Newman, con el t\u00edtulo, \u2018A Treasure Hidden in a Field: Discovering Abundance in a Diminishing World\u2019. Este mismo d\u00eda tuvo lugar una presentaci\u00f3n de la Pastoral Universitaria de Universidad Cat\u00f3lica de \u00c1vila (UCAV) y un foro abierto con los participantes en este encuentro para valorar con sus experiencias el estado de la pastoral universitaria hoy. \u201cTambi\u00e9n, con ocasi\u00f3n del cuarto centenario de la canonizaci\u00f3n de santa Teresa, tuvimos un encuentro con el administrador diocesano\u201d, recuerda Francisco Moro.<\/p>\n\n<p><\/p>\n\n<figure class=\"wp-block-gallery has-nested-images columns-default is-cropped wp-block-gallery-1 is-layout-flex wp-block-gallery-is-layout-flex\">\n<figure class=\"wp-block-image size-large\"><img data-recalc-dims=\"1\" loading=\"lazy\" decoding=\"async\" width=\"1024\" height=\"682\" data-id=\"138483\" src=\"https:\/\/i0.wp.com\/www.claret.org\/wp-content\/uploads\/2022\/11\/WhatsApp-Image-2022-11-22-at-17.33.47-1.jpeg?resize=1024%2C682&#038;ssl=1\" alt=\"\" class=\"wp-image-138483\" title=\"\" srcset=\"https:\/\/www.claret.org\/wp-content\/uploads\/2022\/11\/WhatsApp-Image-2022-11-22-at-17.33.47-1-980x653.jpeg 980w, https:\/\/www.claret.org\/wp-content\/uploads\/2022\/11\/WhatsApp-Image-2022-11-22-at-17.33.47-1-480x320.jpeg 480w\" sizes=\"(min-width: 0px) and (max-width: 480px) 480px, (min-width: 481px) and (max-width: 980px) 980px, (min-width: 981px) 1024px, 100vw\" \/><\/figure>\n\n\n\n<figure class=\"wp-block-image size-large\"><img data-recalc-dims=\"1\" loading=\"lazy\" decoding=\"async\" width=\"1024\" height=\"458\" data-id=\"138489\" src=\"https:\/\/i0.wp.com\/www.claret.org\/wp-content\/uploads\/2022\/11\/WhatsApp-Image-2022-11-22-at-17.33.47-2-1.jpeg?resize=1024%2C458&#038;ssl=1\" alt=\"\" class=\"wp-image-138489\" title=\"\" srcset=\"https:\/\/www.claret.org\/wp-content\/uploads\/2022\/11\/WhatsApp-Image-2022-11-22-at-17.33.47-2-1-980x438.jpeg 980w, https:\/\/www.claret.org\/wp-content\/uploads\/2022\/11\/WhatsApp-Image-2022-11-22-at-17.33.47-2-1-480x215.jpeg 480w\" sizes=\"(min-width: 0px) and (max-width: 480px) 480px, (min-width: 481px) and (max-width: 980px) 980px, (min-width: 981px) 1024px, 100vw\" \/><\/figure>\n\n\n\n<figure class=\"wp-block-image size-large\"><img data-recalc-dims=\"1\" loading=\"lazy\" decoding=\"async\" width=\"1024\" height=\"716\" data-id=\"138471\" src=\"https:\/\/i0.wp.com\/www.claret.org\/wp-content\/uploads\/2022\/11\/WhatsApp-Image-2022-11-22-at-17.33.47.jpeg?resize=1024%2C716&#038;ssl=1\" alt=\"\" class=\"wp-image-138471\" title=\"\" srcset=\"https:\/\/www.claret.org\/wp-content\/uploads\/2022\/11\/WhatsApp-Image-2022-11-22-at-17.33.47-980x685.jpeg 980w, https:\/\/www.claret.org\/wp-content\/uploads\/2022\/11\/WhatsApp-Image-2022-11-22-at-17.33.47-480x336.jpeg 480w\" sizes=\"(min-width: 0px) and (max-width: 480px) 480px, (min-width: 481px) and (max-width: 980px) 980px, (min-width: 981px) 1024px, 100vw\" \/><\/figure>\n<\/figure>\n\n<p><\/p>\n\n<p>El tercer d\u00eda del encuentro, el viernes 18 de noviembre, la profesora de Teolog\u00eda Moral y \u00c9tica de la Salud en el Neiswanger Institute for Bioethics and Health Care Leadership at Loyola University Chicago y miembro de la Academia Pontificia para la Vida, Mary Therese Lysaught, imparti\u00f3 una ponencia que llevaba por t\u00edtulo \u2018War or Peace? Toward a Better Kind of (Bio) Politics\u2019. <\/p>\n\n<p>En la \u00faltima conferencia programada en este encuentro, Darwin Castillo present\u00f3 el proyecto educativo que coordina para j\u00f3venes universitarios nicarag\u00fcenses en el exilio. Finalmente se puso en com\u00fan el plan que los delegados diocesanos de pastoral universitaria est\u00e1n terminando de ultimar de cara a la pr\u00f3xima Jornada Mundial de la Juventud de Lisboa, cuya cita comienza este verano. Del mismo modo, se dio a conocer el encuentro formativo que esta misma Subcomisi\u00f3n ha puesto en marcha implicando a los j\u00f3venes estudiantes, \u201cy del que tomamos buena nota, pues a buen seguro nos apuntaremos el pr\u00f3ximo a\u00f1o\u201d, concluye Rub\u00e9n Francisco Moro.<\/p>\n\n<p><\/p>\n","protected":false},"excerpt":{"rendered":"<p>La Pastoral de Campus de la provincia de Santiago particip\u00f3 en un encuentro organizado por la Conferencia Episcopal celebrado del 16 al 18 de noviembre en el Seminario Diocesano de \u00c1vila. Al encuentro asistieron en representaci\u00f3n de la provincia los pastoralistas P. Jorge Ruiz Aragoneses, cmf, como parte del PJV de los misioneros de Santiago [&hellip;]<\/p>\n","protected":false},"author":69,"featured_media":138404,"comment_status":"closed","ping_status":"closed","sticky":false,"template":"","format":"standard","meta":{"_et_pb_use_builder":"","_et_pb_old_content":"","_et_gb_content_width":"","footnotes":""},"categories":[281,341],"tags":[],"class_list":["post-138412","post","type-post","status-publish","format-standard","has-post-thumbnail","hentry","category-ecla-es","category-santiago-es"],"jetpack_featured_media_url":"https:\/\/i0.wp.com\/www.claret.org\/wp-content\/uploads\/2022\/11\/whatsapp_image_2022-11-22_at_17.33.46-1.jpeg?fit=1101%2C414&ssl=1","jetpack_sharing_enabled":true,"jetpack_shortlink":"https:\/\/wp.me\/pdaBmi-A0s","jetpack_likes_enabled":true,"_links":{"self":[{"href":"https:\/\/www.claret.org\/es\/wp-json\/wp\/v2\/posts\/138412","targetHints":{"allow":["GET"]}}],"collection":[{"href":"https:\/\/www.claret.org\/es\/wp-json\/wp\/v2\/posts"}],"about":[{"href":"https:\/\/www.claret.org\/es\/wp-json\/wp\/v2\/types\/post"}],"author":[{"embeddable":true,"href":"https:\/\/www.claret.org\/es\/wp-json\/wp\/v2\/users\/69"}],"replies":[{"embeddable":true,"href":"https:\/\/www.claret.org\/es\/wp-json\/wp\/v2\/comments?post=138412"}],"version-history":[{"count":0,"href":"https:\/\/www.claret.org\/es\/wp-json\/wp\/v2\/posts\/138412\/revisions"}],"wp:featuredmedia":[{"embeddable":true,"href":"https:\/\/www.claret.org\/es\/wp-json\/wp\/v2\/media\/138404"}],"wp:attachment":[{"href":"https:\/\/www.claret.org\/es\/wp-json\/wp\/v2\/media?parent=138412"}],"wp:term":[{"taxonomy":"category","embeddable":true,"href":"https:\/\/www.claret.org\/es\/wp-json\/wp\/v2\/categories?post=138412"},{"taxonomy":"post_tag","embeddable":true,"href":"https:\/\/www.claret.org\/es\/wp-json\/wp\/v2\/tags?post=138412"}],"curies":[{"name":"wp","href":"https:\/\/api.w.org\/{rel}","templated":true}]}}