{"id":139452,"date":"2022-12-11T14:07:30","date_gmt":"2022-12-11T13:07:30","guid":{"rendered":"https:\/\/www.claret.org\/ordenacion-presbiteral-en-la-provincia-de-nigeria-este-y-en-la-delegacion-de-nigeria-oeste\/"},"modified":"2022-12-11T14:09:19","modified_gmt":"2022-12-11T13:09:19","slug":"ordenacion-presbiteral-en-la-provincia-de-nigeria-este-y-en-la-delegacion-de-nigeria-oeste","status":"publish","type":"post","link":"https:\/\/www.claret.org\/es\/ordenacion-presbiteral-en-la-provincia-de-nigeria-este-y-en-la-delegacion-de-nigeria-oeste\/","title":{"rendered":"Ordenaci\u00f3n presbiteral en la Provincia de Nigeria Este y en la Delegaci\u00f3n de Nigeria Oeste"},"content":{"rendered":"\n<p class=\"has-drop-cap\">Los Misioneros Claretianos de la Provincia de Nigeria Oriental y de la Delegaci\u00f3n de Nigeria Occidental celebraron la Ordenaci\u00f3n Presbiteral de sus di\u00e1conos el 10 de diciembre de 2022. Los ordenados son: Rev. Jude Chidube Nwachukwu, CMF, Rev. Magnus Chukwuebuka Nwogwugwu, CMF y Rev. Martin Ugochukwu Ogbuokiri, CMF que pertenecen a la Provincia de Nigeria Este y tambi\u00e9n Rev. Christopher Daniel Mkpe, CMF de la Delegaci\u00f3n de Nigeria Oeste.<\/p>\n\n<p>Fueron ordenados por Mons. Lucius Ugorji, arzobispo de la archidi\u00f3cesis de Owerri y metropolitano de la provincia eclesi\u00e1stica de Owerri, Nigeria.<\/p>\n\n<p><\/p>\n\n<figure class=\"wp-block-image size-large is-resized\"><img data-recalc-dims=\"1\" loading=\"lazy\" decoding=\"async\" src=\"https:\/\/i0.wp.com\/www.claret.org\/wp-content\/uploads\/2022\/12\/WhatsApp-Image-2022-12-10-at-21.57.23.jpg?resize=1080%2C547&#038;ssl=1\" alt=\"\" class=\"wp-image-139439\" width=\"1080\" height=\"547\" title=\"\" srcset=\"https:\/\/www.claret.org\/wp-content\/uploads\/2022\/12\/WhatsApp-Image-2022-12-10-at-21.57.23-1024x519.jpg 1444w, https:\/\/www.claret.org\/wp-content\/uploads\/2022\/12\/WhatsApp-Image-2022-12-10-at-21.57.23-980x496.jpg 980w, https:\/\/www.claret.org\/wp-content\/uploads\/2022\/12\/WhatsApp-Image-2022-12-10-at-21.57.23-480x243.jpg 480w\" sizes=\"(min-width: 0px) and (max-width: 480px) 480px, (min-width: 481px) and (max-width: 980px) 980px, (min-width: 981px) 1444px, 100vw\" \/><\/figure>\n","protected":false},"excerpt":{"rendered":"<p>Los Misioneros Claretianos de la Provincia de Nigeria Oriental y de la Delegaci\u00f3n de Nigeria Occidental celebraron la Ordenaci\u00f3n Presbiteral de sus di\u00e1conos el 10 de diciembre de 2022. Los ordenados son: Rev. Jude Chidube Nwachukwu, CMF, Rev. Magnus Chukwuebuka Nwogwugwu, CMF y Rev. Martin Ugochukwu Ogbuokiri, CMF que pertenecen a la Provincia de Nigeria [&hellip;]<\/p>\n","protected":false},"author":69,"featured_media":139450,"comment_status":"closed","ping_status":"closed","sticky":false,"template":"","format":"standard","meta":{"_et_pb_use_builder":"","_et_pb_old_content":"","_et_gb_content_width":"","footnotes":""},"categories":[984,142,189],"tags":[],"class_list":["post-139452","post","type-post","status-publish","format-standard","has-post-thumbnail","hentry","category-acla-es","category-east-nigeria-es","category-west-nigeria-es"],"jetpack_featured_media_url":"https:\/\/i0.wp.com\/www.claret.org\/wp-content\/uploads\/2022\/12\/WhatsApp-Image-2022-12-10-at-21.56.18.jpg?fit=1095%2C561&ssl=1","jetpack_sharing_enabled":true,"jetpack_shortlink":"https:\/\/wp.me\/pdaBmi-Ahe","jetpack_likes_enabled":true,"_links":{"self":[{"href":"https:\/\/www.claret.org\/es\/wp-json\/wp\/v2\/posts\/139452","targetHints":{"allow":["GET"]}}],"collection":[{"href":"https:\/\/www.claret.org\/es\/wp-json\/wp\/v2\/posts"}],"about":[{"href":"https:\/\/www.claret.org\/es\/wp-json\/wp\/v2\/types\/post"}],"author":[{"embeddable":true,"href":"https:\/\/www.claret.org\/es\/wp-json\/wp\/v2\/users\/69"}],"replies":[{"embeddable":true,"href":"https:\/\/www.claret.org\/es\/wp-json\/wp\/v2\/comments?post=139452"}],"version-history":[{"count":0,"href":"https:\/\/www.claret.org\/es\/wp-json\/wp\/v2\/posts\/139452\/revisions"}],"wp:featuredmedia":[{"embeddable":true,"href":"https:\/\/www.claret.org\/es\/wp-json\/wp\/v2\/media\/139450"}],"wp:attachment":[{"href":"https:\/\/www.claret.org\/es\/wp-json\/wp\/v2\/media?parent=139452"}],"wp:term":[{"taxonomy":"category","embeddable":true,"href":"https:\/\/www.claret.org\/es\/wp-json\/wp\/v2\/categories?post=139452"},{"taxonomy":"post_tag","embeddable":true,"href":"https:\/\/www.claret.org\/es\/wp-json\/wp\/v2\/tags?post=139452"}],"curies":[{"name":"wp","href":"https:\/\/api.w.org\/{rel}","templated":true}]}}