{"id":139544,"date":"2022-12-13T09:50:40","date_gmt":"2022-12-13T08:50:40","guid":{"rendered":"https:\/\/www.claret.org\/ordenacion-presbiteral-en-camerun\/"},"modified":"2022-12-13T09:52:25","modified_gmt":"2022-12-13T08:52:25","slug":"ordenacion-presbiteral-en-camerun","status":"publish","type":"post","link":"https:\/\/www.claret.org\/es\/ordenacion-presbiteral-en-camerun\/","title":{"rendered":"Ordenaci\u00f3n presbiteral en Camer\u00fan"},"content":{"rendered":"\n<p>El 08 de diciembre de 2022, por imposici\u00f3n de manos de Su Excelencia Msr. Faustin Ambassa, Arzobispo de Garoua, fueron ordenados sacerdotes los di\u00e1conos Mo\u00efse Moumassou, cmf y Eddi Carlos Seutio, cmf. La solemne celebraci\u00f3n tuvo lugar en la parroquia de San Antonio Mar\u00eda Claret, Sakdje. Asistieron numerosos familiares de los ordenados.<\/p>\n\n<p><\/p>\n\n<figure class=\"wp-block-gallery has-nested-images columns-default is-cropped wp-block-gallery-1 is-layout-flex wp-block-gallery-is-layout-flex\">\n<figure class=\"wp-block-image size-large\"><img data-recalc-dims=\"1\" loading=\"lazy\" decoding=\"async\" width=\"1024\" height=\"683\" data-id=\"139519\" src=\"https:\/\/i0.wp.com\/www.claret.org\/wp-content\/uploads\/2022\/12\/adff.jpg?resize=1024%2C683&#038;ssl=1\" alt=\"\" class=\"wp-image-139519\" title=\"\" srcset=\"https:\/\/www.claret.org\/wp-content\/uploads\/2022\/12\/adff-1024x683.jpg 1024w, https:\/\/www.claret.org\/wp-content\/uploads\/2022\/12\/adff-980x653.jpg 980w, https:\/\/www.claret.org\/wp-content\/uploads\/2022\/12\/adff-480x320.jpg 480w\" sizes=\"(min-width: 0px) and (max-width: 480px) 480px, (min-width: 481px) and (max-width: 980px) 980px, (min-width: 981px) 1024px, 100vw\" \/><\/figure>\n\n\n\n<figure class=\"wp-block-image size-large\"><img data-recalc-dims=\"1\" loading=\"lazy\" decoding=\"async\" width=\"960\" height=\"540\" data-id=\"139525\" src=\"https:\/\/i0.wp.com\/www.claret.org\/wp-content\/uploads\/2022\/12\/d.jpg?resize=960%2C540&#038;ssl=1\" alt=\"\" class=\"wp-image-139525\" title=\"\" srcset=\"https:\/\/www.claret.org\/wp-content\/uploads\/2022\/12\/d.jpg 960w, https:\/\/www.claret.org\/wp-content\/uploads\/2022\/12\/d-480x270.jpg 480w\" sizes=\"(min-width: 0px) and (max-width: 480px) 480px, (min-width: 481px) 960px, 100vw\" \/><\/figure>\n\n\n\n<figure class=\"wp-block-image size-large\"><img data-recalc-dims=\"1\" loading=\"lazy\" decoding=\"async\" width=\"1024\" height=\"683\" data-id=\"139531\" src=\"https:\/\/i0.wp.com\/www.claret.org\/wp-content\/uploads\/2022\/12\/xd.jpg?resize=1024%2C683&#038;ssl=1\" alt=\"\" class=\"wp-image-139531\" title=\"\" srcset=\"https:\/\/www.claret.org\/wp-content\/uploads\/2022\/12\/xd-1024x683.jpg 1024w, https:\/\/www.claret.org\/wp-content\/uploads\/2022\/12\/xd-980x653.jpg 980w, https:\/\/www.claret.org\/wp-content\/uploads\/2022\/12\/xd-480x320.jpg 480w\" sizes=\"(min-width: 0px) and (max-width: 480px) 480px, (min-width: 481px) and (max-width: 980px) 980px, (min-width: 981px) 1024px, 100vw\" \/><\/figure>\n<\/figure>\n\n<p><\/p>\n","protected":false},"excerpt":{"rendered":"<p>El 08 de diciembre de 2022, por imposici\u00f3n de manos de Su Excelencia Msr. Faustin Ambassa, Arzobispo de Garoua, fueron ordenados sacerdotes los di\u00e1conos Mo\u00efse Moumassou, cmf y Eddi Carlos Seutio, cmf. La solemne celebraci\u00f3n tuvo lugar en la parroquia de San Antonio Mar\u00eda Claret, Sakdje. Asistieron numerosos familiares de los ordenados.<\/p>\n","protected":false},"author":69,"featured_media":139542,"comment_status":"closed","ping_status":"closed","sticky":false,"template":"","format":"standard","meta":{"_et_pb_use_builder":"","_et_pb_old_content":"","_et_gb_content_width":"","footnotes":""},"categories":[984,132],"tags":[],"class_list":["post-139544","post","type-post","status-publish","format-standard","has-post-thumbnail","hentry","category-acla-es","category-cameroun-es"],"jetpack_featured_media_url":"https:\/\/i0.wp.com\/www.claret.org\/wp-content\/uploads\/2022\/12\/fdf.jpg?fit=1080%2C720&ssl=1","jetpack_sharing_enabled":true,"jetpack_shortlink":"https:\/\/wp.me\/pdaBmi-AiI","jetpack_likes_enabled":true,"_links":{"self":[{"href":"https:\/\/www.claret.org\/es\/wp-json\/wp\/v2\/posts\/139544","targetHints":{"allow":["GET"]}}],"collection":[{"href":"https:\/\/www.claret.org\/es\/wp-json\/wp\/v2\/posts"}],"about":[{"href":"https:\/\/www.claret.org\/es\/wp-json\/wp\/v2\/types\/post"}],"author":[{"embeddable":true,"href":"https:\/\/www.claret.org\/es\/wp-json\/wp\/v2\/users\/69"}],"replies":[{"embeddable":true,"href":"https:\/\/www.claret.org\/es\/wp-json\/wp\/v2\/comments?post=139544"}],"version-history":[{"count":0,"href":"https:\/\/www.claret.org\/es\/wp-json\/wp\/v2\/posts\/139544\/revisions"}],"wp:featuredmedia":[{"embeddable":true,"href":"https:\/\/www.claret.org\/es\/wp-json\/wp\/v2\/media\/139542"}],"wp:attachment":[{"href":"https:\/\/www.claret.org\/es\/wp-json\/wp\/v2\/media?parent=139544"}],"wp:term":[{"taxonomy":"category","embeddable":true,"href":"https:\/\/www.claret.org\/es\/wp-json\/wp\/v2\/categories?post=139544"},{"taxonomy":"post_tag","embeddable":true,"href":"https:\/\/www.claret.org\/es\/wp-json\/wp\/v2\/tags?post=139544"}],"curies":[{"name":"wp","href":"https:\/\/api.w.org\/{rel}","templated":true}]}}