{"id":140463,"date":"2022-12-31T16:52:52","date_gmt":"2022-12-31T15:52:52","guid":{"rendered":"https:\/\/www.claret.org\/vida-de-servicio-al-evangelio-y-a-la-iglesia-homenaje-al-papa-emerito-benedicto-xvi\/"},"modified":"2022-12-31T16:59:50","modified_gmt":"2022-12-31T15:59:50","slug":"vida-de-servicio-al-evangelio-y-a-la-iglesia-homenaje-al-papa-emerito-benedicto-xvi","status":"publish","type":"post","link":"https:\/\/www.claret.org\/es\/vida-de-servicio-al-evangelio-y-a-la-iglesia-homenaje-al-papa-emerito-benedicto-xvi\/","title":{"rendered":"Vida de servicio al Evangelio y a la Iglesia: Homenaje al Papa em\u00e9rito Benedicto XVI"},"content":{"rendered":"\n<p class=\"has-drop-cap\">Los Misioneros Claretianos (Hijos del Inmaculado Coraz\u00f3n de Mar\u00eda) nos hemos unido en los \u00faltimos d\u00edas a la oraci\u00f3n de la Iglesia por el Papa Benedicto XVI. Hoy agradecemos al Se\u00f1or su larga vida de servicio al Evangelio y a la Iglesia.<\/p>\n\n<p>Durante sus a\u00f1os como Obispo de Roma (2005-2013), Benedicto XVI dio muestras de apreciar profundamente la figura de nuestro fundador, San Antonio Mar\u00eda Claret, y estimul\u00f3 a la Congregaci\u00f3n con su palabra y ejemplo. Como el P. Josep Mar\u00eda Abella, entonces Superior General, expres\u00f3 en 2013 cuando el Papa present\u00f3 su renuncia, nuestra Congregaci\u00f3n agradece su profundidad espiritual, su servicio generoso y sabio a la Iglesia y al mundo, y de un modo particular su cercan\u00eda y orientaciones a la vida consagrada.<\/p>\n\n<p><p>La vida y misi\u00f3n claretiana de aquellos a\u00f1os (2005-2013) fue enriquecida notablemente por su magisterio (<em>Verbum Domini, Deus caritas est, Caritas in veritate&#8230;<\/em>) y por su impulso a la atenci\u00f3n a los j\u00f3venes y al di\u00e1logo entre la fe, la raz\u00f3n y las culturas.<\/p><\/p>\n\n<p>En diciembre de 2007, Benedicto XVI, que hab\u00eda invitado dos meses antes a los j\u00f3venes a tomar al P. Claret como modelo, dirigi\u00f3 una afectuosa carta a la Familia Claretiana con ocasi\u00f3n del bicentenario de su nacimiento, evocando su amor incondicional a Cristo, su entrega sin reservas y su incansable obra evangelizadora, y calificando su vida, ense\u00f1anzas y ejemplo de \u201cextraordinario patrimonio espiritual para toda la Iglesia\u201d.<\/p>\n\n<p>En 2009, el \u00fanico Cap\u00edtulo general de la Congregaci\u00f3n celebrado durante su pontificado afirm\u00f3 la interpelaci\u00f3n profunda que los Misioneros Claretianos descubr\u00edamos en sus ense\u00f1anzas y en los s\u00ednodos celebrados en torno a la Eucarist\u00eda y a la Palabra de Dios. El Cap\u00edtulo General de 2015, celebrado ya en tiempos del Papa Francisco, profundiz\u00f3 en la reflexi\u00f3n alentada por el s\u00ednodo sobre la nueva evangelizaci\u00f3n, convocado por Benedicto XVI, en unos a\u00f1os en los que la Congregaci\u00f3n revivi\u00f3 con singular intensidad el sentido de la Misi\u00f3n y su centralidad en la vida claretiana.<\/p>\n\n<p>La influencia del Papa Benedicto es tambi\u00e9n f\u00e1cil de percibir en las opciones impulsadas por el Cap\u00edtulo General de 2021, que ha insistido en la animaci\u00f3n b\u00edblica de toda pastoral y en la importancia de la Palabra de Dios, \u201cluz y motor de nuestra vida misionera\u201d. El pontificado del Papa Ratzinger, que aprob\u00f3 la beatificaci\u00f3n del P. Andr\u00e9s Sol\u00e1 y de los m\u00e1rtires de Tarragona. Sig\u00fcenza y Fern\u00e1n Caballero, impuls\u00f3 tambi\u00e9n a la Familia Claretiana a profundizar en la fe y la fidelidad a la vocaci\u00f3n misionera.<\/p>\n\n<p>Los Misioneros Claretianos, al agradecer hoy a Dios Padre el don de la vida de Benedicto XVI, recordamos la invitaci\u00f3n que nos dirig\u00eda en 2007: <\/p>\n\n<blockquote class=\"wp-block-quote is-layout-flow wp-block-quote-is-layout-flow\">\n<p><p><em>\u201cOs invito a profundizar en el tesoro de la vida y mensaje espiritual de San Antonio Mar\u00eda Claret para transmitirlo a las nuevas generaciones, y a fomentar en vuestros corazones los grandes amores que guiaron la vida de Claret: la Palabra de Dios, la Eucarist\u00eda, la comuni\u00f3n eclesial, la adhesi\u00f3n al Papa y la devoci\u00f3n a la Madre de Dios\u201d. <\/em><\/p><\/p>\n<\/blockquote>\n\n<p>En los pr\u00f3ximos d\u00edas la Congregaci\u00f3n expresar\u00e1 oficialmente sus condolencias al Papa Francisco.<\/p>\n","protected":false},"excerpt":{"rendered":"<p>Los Misioneros Claretianos (Hijos del Inmaculado Coraz\u00f3n de Mar\u00eda) nos hemos unido en los \u00faltimos d\u00edas a la oraci\u00f3n de la Iglesia por el Papa Benedicto XVI. Hoy agradecemos al Se\u00f1or su larga vida de servicio al Evangelio y a la Iglesia. Durante sus a\u00f1os como Obispo de Roma (2005-2013), Benedicto XVI dio muestras de [&hellip;]<\/p>\n","protected":false},"author":69,"featured_media":140462,"comment_status":"closed","ping_status":"closed","sticky":false,"template":"","format":"standard","meta":{"_et_pb_use_builder":"","_et_pb_old_content":"","_et_gb_content_width":"","footnotes":""},"categories":[517],"tags":[],"class_list":["post-140463","post","type-post","status-publish","format-standard","has-post-thumbnail","hentry","category-gobierno-general"],"jetpack_featured_media_url":"https:\/\/i0.wp.com\/www.claret.org\/wp-content\/uploads\/2022\/12\/DSC05865-Copy-scaled.jpg?fit=2880%2C1854&ssl=1","jetpack_sharing_enabled":true,"jetpack_shortlink":"https:\/\/wp.me\/pdaBmi-Axx","jetpack_likes_enabled":true,"_links":{"self":[{"href":"https:\/\/www.claret.org\/es\/wp-json\/wp\/v2\/posts\/140463","targetHints":{"allow":["GET"]}}],"collection":[{"href":"https:\/\/www.claret.org\/es\/wp-json\/wp\/v2\/posts"}],"about":[{"href":"https:\/\/www.claret.org\/es\/wp-json\/wp\/v2\/types\/post"}],"author":[{"embeddable":true,"href":"https:\/\/www.claret.org\/es\/wp-json\/wp\/v2\/users\/69"}],"replies":[{"embeddable":true,"href":"https:\/\/www.claret.org\/es\/wp-json\/wp\/v2\/comments?post=140463"}],"version-history":[{"count":0,"href":"https:\/\/www.claret.org\/es\/wp-json\/wp\/v2\/posts\/140463\/revisions"}],"wp:featuredmedia":[{"embeddable":true,"href":"https:\/\/www.claret.org\/es\/wp-json\/wp\/v2\/media\/140462"}],"wp:attachment":[{"href":"https:\/\/www.claret.org\/es\/wp-json\/wp\/v2\/media?parent=140463"}],"wp:term":[{"taxonomy":"category","embeddable":true,"href":"https:\/\/www.claret.org\/es\/wp-json\/wp\/v2\/categories?post=140463"},{"taxonomy":"post_tag","embeddable":true,"href":"https:\/\/www.claret.org\/es\/wp-json\/wp\/v2\/tags?post=140463"}],"curies":[{"name":"wp","href":"https:\/\/api.w.org\/{rel}","templated":true}]}}