{"id":140584,"date":"2023-01-11T21:07:07","date_gmt":"2023-01-11T20:07:07","guid":{"rendered":"https:\/\/www.claret.org\/primera-profesion-religiosa-en-cordoba-argentina\/"},"modified":"2023-01-11T21:10:03","modified_gmt":"2023-01-11T20:10:03","slug":"primera-profesion-religiosa-en-cordoba-argentina","status":"publish","type":"post","link":"https:\/\/www.claret.org\/es\/primera-profesion-religiosa-en-cordoba-argentina\/","title":{"rendered":"Primera Profesi\u00f3n Religiosa en C\u00f3rdoba, Argentina"},"content":{"rendered":"\n<p class=\"has-drop-cap\">El 6 de enero de 2023, profes\u00f3 el primer Noviciado Claretiano de Am\u00e9rica, en total doce novicios claretianos en la capilla del CEFyT de Villa Claret en C\u00f3rdoba, Argentina.<\/p>\n\n<p>En la celebraci\u00f3n estuvieron presentes sus respectivos Provinciales: el P. Mario Guti\u00e9rrez (Superior Provincial de San Jos\u00e9 del Sur); el P. Marcos Loro, (Superior Provincial de Brasil); el P. Ronel Chipana, (Superior Provincial de Per\u00fa-Bolivia); y el P. Carlos Gonz\u00e1lez Burgos, (Prefecto de Formaci\u00f3n de Am\u00e9rica Central).<\/p>\n\n<p>Los Novicios que procesaron proced\u00edan de cinco Organismos de la Conferencia Interprovincial de los Claretianos de Am\u00e9rica: Onel Antonio P\u00e9rez Morales and Juan de la Cruz G\u00f3mez Zamora (Provincia de Am\u00e9rica Central), Johan Andr\u00e9s Rojas Alape and Miguel Alfonso Pe\u00f1a P\u00e9rez (Provincia de Colombia-Venezuela), Daniel Jubanski, Edivaldo Luis Toagliari, Rafael Zanetti de Freitas (Provincia de Brasil), Omar Andr\u00e9s Guarguati Saavedra, Diego Andr\u00e9s Leal Salinas, John Alexis Gelves Albarrac\u00edn, Ronaldo Ben\u00edtez Rodr\u00edguez (Provincia de Colombia-Este y Ecuador) and Mario Condori Jachacollo (Provincia de Peru-Bolivia).<\/p>\n\n<p>Tras la ceremonia se comparti\u00f3 un \u00e1gape fraterno con los familiares, amigos y claretianos de las comunidades cercanas.<\/p>\n\n<p><\/p>\n\n<figure class=\"wp-block-gallery has-nested-images columns-default is-cropped wp-block-gallery-1 is-layout-flex wp-block-gallery-is-layout-flex\">\n<figure class=\"wp-block-image size-large\"><img data-recalc-dims=\"1\" loading=\"lazy\" decoding=\"async\" width=\"1024\" height=\"683\" data-id=\"140565\" src=\"https:\/\/i0.wp.com\/www.claret.org\/wp-content\/uploads\/2023\/01\/NOVICIADO-16.jpg?resize=1024%2C683&#038;ssl=1\" alt=\"\" class=\"wp-image-140565\" title=\"\" srcset=\"https:\/\/www.claret.org\/wp-content\/uploads\/2023\/01\/NOVICIADO-16-980x653.jpg 980w, https:\/\/www.claret.org\/wp-content\/uploads\/2023\/01\/NOVICIADO-16-480x320.jpg 480w\" sizes=\"(min-width: 0px) and (max-width: 480px) 480px, (min-width: 481px) and (max-width: 980px) 980px, (min-width: 981px) 1024px, 100vw\" \/><\/figure>\n\n\n\n<figure class=\"wp-block-image size-large\"><img data-recalc-dims=\"1\" loading=\"lazy\" decoding=\"async\" width=\"1024\" height=\"683\" data-id=\"140571\" src=\"https:\/\/i0.wp.com\/www.claret.org\/wp-content\/uploads\/2023\/01\/NOVICIADO-2.jpg?resize=1024%2C683&#038;ssl=1\" alt=\"\" class=\"wp-image-140571\" title=\"\" srcset=\"https:\/\/www.claret.org\/wp-content\/uploads\/2023\/01\/NOVICIADO-2-980x653.jpg 980w, https:\/\/www.claret.org\/wp-content\/uploads\/2023\/01\/NOVICIADO-2-480x320.jpg 480w\" sizes=\"(min-width: 0px) and (max-width: 480px) 480px, (min-width: 481px) and (max-width: 980px) 980px, (min-width: 981px) 1024px, 100vw\" \/><\/figure>\n\n\n\n<figure class=\"wp-block-image size-large\"><img data-recalc-dims=\"1\" loading=\"lazy\" decoding=\"async\" width=\"1024\" height=\"683\" data-id=\"140559\" src=\"https:\/\/i0.wp.com\/www.claret.org\/wp-content\/uploads\/2023\/01\/NOVICIADO-61.jpg?resize=1024%2C683&#038;ssl=1\" alt=\"\" class=\"wp-image-140559\" title=\"\" srcset=\"https:\/\/www.claret.org\/wp-content\/uploads\/2023\/01\/NOVICIADO-61-980x653.jpg 980w, https:\/\/www.claret.org\/wp-content\/uploads\/2023\/01\/NOVICIADO-61-480x320.jpg 480w\" sizes=\"(min-width: 0px) and (max-width: 480px) 480px, (min-width: 481px) and (max-width: 980px) 980px, (min-width: 981px) 1024px, 100vw\" \/><\/figure>\n<\/figure>\n","protected":false},"excerpt":{"rendered":"<p>El 6 de enero de 2023, profes\u00f3 el primer Noviciado Claretiano de Am\u00e9rica, en total doce novicios claretianos en la capilla del CEFyT de Villa Claret en C\u00f3rdoba, Argentina. En la celebraci\u00f3n estuvieron presentes sus respectivos Provinciales: el P. Mario Guti\u00e9rrez (Superior Provincial de San Jos\u00e9 del Sur); el P. Marcos Loro, (Superior Provincial de [&hellip;]<\/p>\n","protected":false},"author":69,"featured_media":140582,"comment_status":"closed","ping_status":"closed","sticky":false,"template":"","format":"standard","meta":{"_et_pb_use_builder":"","_et_pb_old_content":"","_et_gb_content_width":"","footnotes":""},"categories":[356,578],"tags":[],"class_list":["post-140584","post","type-post","status-publish","format-standard","has-post-thumbnail","hentry","category-micla-es","category-profesiones"],"jetpack_featured_media_url":"https:\/\/i0.wp.com\/www.claret.org\/wp-content\/uploads\/2023\/01\/NOVICIADO-OFIFICAL.jpg?fit=2388%2C1262&ssl=1","jetpack_sharing_enabled":true,"jetpack_shortlink":"https:\/\/wp.me\/pdaBmi-Azu","jetpack_likes_enabled":true,"_links":{"self":[{"href":"https:\/\/www.claret.org\/es\/wp-json\/wp\/v2\/posts\/140584","targetHints":{"allow":["GET"]}}],"collection":[{"href":"https:\/\/www.claret.org\/es\/wp-json\/wp\/v2\/posts"}],"about":[{"href":"https:\/\/www.claret.org\/es\/wp-json\/wp\/v2\/types\/post"}],"author":[{"embeddable":true,"href":"https:\/\/www.claret.org\/es\/wp-json\/wp\/v2\/users\/69"}],"replies":[{"embeddable":true,"href":"https:\/\/www.claret.org\/es\/wp-json\/wp\/v2\/comments?post=140584"}],"version-history":[{"count":0,"href":"https:\/\/www.claret.org\/es\/wp-json\/wp\/v2\/posts\/140584\/revisions"}],"wp:featuredmedia":[{"embeddable":true,"href":"https:\/\/www.claret.org\/es\/wp-json\/wp\/v2\/media\/140582"}],"wp:attachment":[{"href":"https:\/\/www.claret.org\/es\/wp-json\/wp\/v2\/media?parent=140584"}],"wp:term":[{"taxonomy":"category","embeddable":true,"href":"https:\/\/www.claret.org\/es\/wp-json\/wp\/v2\/categories?post=140584"},{"taxonomy":"post_tag","embeddable":true,"href":"https:\/\/www.claret.org\/es\/wp-json\/wp\/v2\/tags?post=140584"}],"curies":[{"name":"wp","href":"https:\/\/api.w.org\/{rel}","templated":true}]}}