{"id":141686,"date":"2023-02-03T17:01:00","date_gmt":"2023-02-03T16:01:00","guid":{"rendered":"https:\/\/www.claret.org\/?p=141686"},"modified":"2023-02-03T09:32:04","modified_gmt":"2023-02-03T08:32:04","slug":"sonando-juntos-asamblea-de-superiores-locales-en-guinea-ecuatorial","status":"publish","type":"post","link":"https:\/\/www.claret.org\/es\/sonando-juntos-asamblea-de-superiores-locales-en-guinea-ecuatorial\/","title":{"rendered":"So\u00f1ando juntos: Asamblea de Superiores Locales en Guinea Ecuatorial"},"content":{"rendered":"\n<p class=\"has-drop-cap\"><p><strong>BATA, GUINEA ECUATORIAL:<\/strong> El 1 de febrero, la Delegaci\u00f3n Padre Xifr\u00e9 (regi\u00f3n claretiana que comprende las Comunidades de Gab\u00f3n y Guinea Ecuatorial), tuvo su asamblea de Superiores Locales. Esta cont\u00f3 con la presencia del Consejo de Gobierno de la Delegaci\u00f3n as\u00ed como representantes de las 16 comunidades que conforman la delegaci\u00f3n.<\/p><\/p>\n\n<p>Comenz\u00f3 con un comienzo espiritual, incluyendo la adoraci\u00f3n del Sant\u00edsimo Sacramento y una celebraci\u00f3n de la Eucarist\u00eda en honor a los Beatos M\u00e1rtires de la Congregaci\u00f3n. La sesi\u00f3n de apertura estuvo marcada por el entronizaci\u00f3n y proclamaci\u00f3n de la Palabra de Dios, estableciendo el tono en que se quer\u00eda vivir este encuentro. <\/p>\n\n<p>Durante la asamblea, el Gobierno de la Delegaci\u00f3n present\u00f3 su Plan de Acci\u00f3n para el Trienio 2022-2025 a los Superiores locales. Las comunidades tambi\u00e9n compartieron su progreso en la implementaci\u00f3n de las orientaciones de la Segunda Asamblea de la Delegaci\u00f3n, que tuvo lugar un a\u00f1o antes. <\/p>\n\n<p>El objetivo de la asamblea era fomentar un liderazgo sinodal, el trabajo en equipo y la co-responsabilidad en el ejercicio de la autoridad en las comunidades y Delegaci\u00f3n. Los asistentes esperan que la ternura del Inmaculado Coraz\u00f3n de Mar\u00eda acompa\u00f1e su trabajo durante los tres d\u00edas que dura. <\/p>\n\n<p>La Casa de Formaci\u00f3n Noviciado Padre Xifr\u00e9 en Bata, Guinea Ecuatorial, es el lugar que acoge esta asamblea.<\/p>\n\n<p><\/p>\n\n<figure class=\"wp-block-gallery has-nested-images columns-default is-cropped wp-block-gallery-1 is-layout-flex wp-block-gallery-is-layout-flex\">\n<figure class=\"wp-block-image size-large\"><img data-recalc-dims=\"1\" loading=\"lazy\" decoding=\"async\" width=\"733\" height=\"520\" data-id=\"141661\" src=\"https:\/\/i0.wp.com\/www.claret.org\/wp-content\/uploads\/2023\/02\/IMG-20230201-WA0046.jpg?resize=733%2C520&#038;ssl=1\" alt=\"\" class=\"wp-image-141661\" title=\"\" srcset=\"https:\/\/www.claret.org\/wp-content\/uploads\/2023\/02\/IMG-20230201-WA0046.jpg 733w, https:\/\/www.claret.org\/wp-content\/uploads\/2023\/02\/IMG-20230201-WA0046-480x341.jpg 480w\" sizes=\"(min-width: 0px) and (max-width: 480px) 480px, (min-width: 481px) 733px, 100vw\" \/><\/figure>\n\n\n\n<figure class=\"wp-block-image size-large\"><img data-recalc-dims=\"1\" loading=\"lazy\" decoding=\"async\" width=\"960\" height=\"540\" data-id=\"141673\" src=\"https:\/\/i0.wp.com\/www.claret.org\/wp-content\/uploads\/2023\/02\/IMG-20230201-WA0047.jpg?resize=960%2C540&#038;ssl=1\" alt=\"\" class=\"wp-image-141673\" title=\"\" srcset=\"https:\/\/www.claret.org\/wp-content\/uploads\/2023\/02\/IMG-20230201-WA0047.jpg 960w, https:\/\/www.claret.org\/wp-content\/uploads\/2023\/02\/IMG-20230201-WA0047-480x270.jpg 480w\" sizes=\"(min-width: 0px) and (max-width: 480px) 480px, (min-width: 481px) 960px, 100vw\" \/><\/figure>\n\n\n\n<figure class=\"wp-block-image size-large\"><img data-recalc-dims=\"1\" loading=\"lazy\" decoding=\"async\" width=\"960\" height=\"540\" data-id=\"141667\" src=\"https:\/\/i0.wp.com\/www.claret.org\/wp-content\/uploads\/2023\/02\/IMG-20230201-WA0048.jpg?resize=960%2C540&#038;ssl=1\" alt=\"\" class=\"wp-image-141667\" title=\"\" srcset=\"https:\/\/www.claret.org\/wp-content\/uploads\/2023\/02\/IMG-20230201-WA0048.jpg 960w, https:\/\/www.claret.org\/wp-content\/uploads\/2023\/02\/IMG-20230201-WA0048-480x270.jpg 480w\" sizes=\"(min-width: 0px) and (max-width: 480px) 480px, (min-width: 481px) 960px, 100vw\" \/><\/figure>\n<\/figure>\n","protected":false},"excerpt":{"rendered":"<p>BATA, GUINEA ECUATORIAL: El 1 de febrero, la Delegaci\u00f3n Padre Xifr\u00e9 (regi\u00f3n claretiana que comprende las Comunidades de Gab\u00f3n y Guinea Ecuatorial), tuvo su asamblea de Superiores Locales. Esta cont\u00f3 con la presencia del Consejo de Gobierno de la Delegaci\u00f3n as\u00ed como representantes de las 16 comunidades que conforman la delegaci\u00f3n. Comenz\u00f3 con un comienzo [&hellip;]<\/p>\n","protected":false},"author":69,"featured_media":141684,"comment_status":"closed","ping_status":"closed","sticky":false,"template":"","format":"standard","meta":{"_et_pb_use_builder":"","_et_pb_old_content":"","_et_gb_content_width":"","footnotes":""},"categories":[984,171],"tags":[],"class_list":["post-141686","post","type-post","status-publish","format-standard","has-post-thumbnail","hentry","category-acla-es","category-padre-xifre-es"],"jetpack_featured_media_url":"https:\/\/i0.wp.com\/www.claret.org\/wp-content\/uploads\/2023\/02\/B53zfDJJpXKDSNkolJUUTPpPA9YwMsJ3q0uRTKiTeeM_plaintext_638108589804531233.jpg?fit=1000%2C528&ssl=1","jetpack_sharing_enabled":true,"jetpack_shortlink":"https:\/\/wp.me\/pdaBmi-ARg","jetpack_likes_enabled":true,"_links":{"self":[{"href":"https:\/\/www.claret.org\/es\/wp-json\/wp\/v2\/posts\/141686","targetHints":{"allow":["GET"]}}],"collection":[{"href":"https:\/\/www.claret.org\/es\/wp-json\/wp\/v2\/posts"}],"about":[{"href":"https:\/\/www.claret.org\/es\/wp-json\/wp\/v2\/types\/post"}],"author":[{"embeddable":true,"href":"https:\/\/www.claret.org\/es\/wp-json\/wp\/v2\/users\/69"}],"replies":[{"embeddable":true,"href":"https:\/\/www.claret.org\/es\/wp-json\/wp\/v2\/comments?post=141686"}],"version-history":[{"count":0,"href":"https:\/\/www.claret.org\/es\/wp-json\/wp\/v2\/posts\/141686\/revisions"}],"wp:featuredmedia":[{"embeddable":true,"href":"https:\/\/www.claret.org\/es\/wp-json\/wp\/v2\/media\/141684"}],"wp:attachment":[{"href":"https:\/\/www.claret.org\/es\/wp-json\/wp\/v2\/media?parent=141686"}],"wp:term":[{"taxonomy":"category","embeddable":true,"href":"https:\/\/www.claret.org\/es\/wp-json\/wp\/v2\/categories?post=141686"},{"taxonomy":"post_tag","embeddable":true,"href":"https:\/\/www.claret.org\/es\/wp-json\/wp\/v2\/tags?post=141686"}],"curies":[{"name":"wp","href":"https:\/\/api.w.org\/{rel}","templated":true}]}}