{"id":14233,"date":"2018-04-02T11:34:20","date_gmt":"2018-04-02T09:34:20","guid":{"rendered":"https:\/\/www.claret.org\/la-familia-extendida\/"},"modified":"2018-04-03T12:18:32","modified_gmt":"2018-04-03T10:18:32","slug":"la-familia-extendida","status":"publish","type":"post","link":"https:\/\/www.claret.org\/es\/la-familia-extendida\/","title":{"rendered":"La familia extendida"},"content":{"rendered":"<p>Os presentamos el v\u00eddeo de la Hermana Jeannette Hern\u00e1ndez Quir\u00f3z, Superiora General de las <em><strong>Misioneras Catequistas Lumen Christi<\/strong><\/em> que visit\u00f3 nuestra Curia General. La fundaci\u00f3n de su Congregaci\u00f3n est\u00e1 inspirada en el carisma de San Antonio Mar\u00eda Claret.<\/p>\n","protected":false},"excerpt":{"rendered":"<p>Os presentamos el v\u00eddeo de la Hermana Jeannette Hern\u00e1ndez Quir\u00f3z, Superiora General de las Misioneras Catequistas Lumen Christi que visit\u00f3 nuestra Curia General. La fundaci\u00f3n de su Congregaci\u00f3n est\u00e1 inspirada en el carisma de San Antonio Mar\u00eda Claret.<\/p>\n","protected":false},"author":3,"featured_media":14251,"comment_status":"closed","ping_status":"closed","sticky":false,"template":"","format":"standard","meta":{"_et_pb_use_builder":"","_et_pb_old_content":"","_et_gb_content_width":"","footnotes":""},"categories":[528],"tags":[],"class_list":["post-14233","post","type-post","status-publish","format-standard","has-post-thumbnail","hentry","category-familia-claretiana"],"jetpack_featured_media_url":"https:\/\/i0.wp.com\/www.claret.org\/wp-content\/uploads\/2018\/04\/a-fam-lia-estendida.jpg?fit=1280%2C720&ssl=1","jetpack_sharing_enabled":true,"jetpack_shortlink":"https:\/\/wp.me\/pdaBmi-3Hz","jetpack_likes_enabled":true,"_links":{"self":[{"href":"https:\/\/www.claret.org\/es\/wp-json\/wp\/v2\/posts\/14233","targetHints":{"allow":["GET"]}}],"collection":[{"href":"https:\/\/www.claret.org\/es\/wp-json\/wp\/v2\/posts"}],"about":[{"href":"https:\/\/www.claret.org\/es\/wp-json\/wp\/v2\/types\/post"}],"author":[{"embeddable":true,"href":"https:\/\/www.claret.org\/es\/wp-json\/wp\/v2\/users\/3"}],"replies":[{"embeddable":true,"href":"https:\/\/www.claret.org\/es\/wp-json\/wp\/v2\/comments?post=14233"}],"version-history":[{"count":0,"href":"https:\/\/www.claret.org\/es\/wp-json\/wp\/v2\/posts\/14233\/revisions"}],"wp:featuredmedia":[{"embeddable":true,"href":"https:\/\/www.claret.org\/es\/wp-json\/wp\/v2\/media\/14251"}],"wp:attachment":[{"href":"https:\/\/www.claret.org\/es\/wp-json\/wp\/v2\/media?parent=14233"}],"wp:term":[{"taxonomy":"category","embeddable":true,"href":"https:\/\/www.claret.org\/es\/wp-json\/wp\/v2\/categories?post=14233"},{"taxonomy":"post_tag","embeddable":true,"href":"https:\/\/www.claret.org\/es\/wp-json\/wp\/v2\/tags?post=14233"}],"curies":[{"name":"wp","href":"https:\/\/api.w.org\/{rel}","templated":true}]}}