{"id":143436,"date":"2023-02-21T12:00:00","date_gmt":"2023-02-21T11:00:00","guid":{"rendered":"https:\/\/www.claret.org\/?p=143436"},"modified":"2023-02-21T12:10:56","modified_gmt":"2023-02-21T11:10:56","slug":"llevar-icl-sanyasa-a-las-periferias-conferencia-regional-sobre-la-vida-consagrada-en-karukutty","status":"publish","type":"post","link":"https:\/\/www.claret.org\/es\/llevar-icl-sanyasa-a-las-periferias-conferencia-regional-sobre-la-vida-consagrada-en-karukutty\/","title":{"rendered":"Llevar Icl-Sanyasa A Las Periferias:  Conferencia Regional Sobre La Vida Consagrada En Karukutty"},"content":{"rendered":"\n<p class=\"has-drop-cap\"><p>Desde hace tiempo es tradici\u00f3n en el <em>Instituto de Vida Consagrada: Sanyasa (ICLS) <\/em>organizar cada a\u00f1o una conferencia nacional en el Instituto de Bengaluru, coincidiendo con la fiesta de la Consagraci\u00f3n. Siguiendo la invitaci\u00f3n del Papa Francisco en su discurso a la comunidad del Claretianum de llevar el Instituto a las fronteras, incluso a las fronteras del conocimiento, el ICLS ha puesto en marcha una serie de conferencias regionales sobre temas relacionados con la vida consagrada.<\/p><\/p>\n\n<p><p>En consecuencia, la primera conferencia regional se celebr\u00f3 en la curia Claretiana, Karukutty, en colaboraci\u00f3n con la Provincia de Santo Tom\u00e1s, el 18 de febrero de 2023. Para atender a los religiosos de Kerala, la conferencia se celebr\u00f3 en lengua Malayalam. El objetivo era dar a conocer el contenido del documento de referencia de DICLSAL para 2020, <em>El don de la fidelidad, la alegr\u00eda de la perseverancia<\/em>, aplicando sus ideas al contexto regional<em>.<\/em><\/p><\/p>\n\n<p>La conferencia fue inaugurado por el Rev. P. Siby Njavally, superior de la provincia de Santo Tom\u00e1s. La jornada const\u00f3 de tres sesiones de aportaciones, cada una de ellas centrada en cada parte del documento. La primera sesi\u00f3n, un an\u00e1lisis quir\u00fargico de las luchas en la fidelidad y la perseverancia en la vida consagrada, corri\u00f3 a cargo del P. Mathew Kakkattupallil, superior de la provincia de San Jos\u00e9 de la congregaci\u00f3n vicenciana. La segunda charla corri\u00f3 a cargo de la Hna. Dra. Pradeepa, CMC, sobre c\u00f3mo alimentar el discernimiento y el acompa\u00f1amiento comunitario para ayudar a los miembros a permanecer fieles y perseverar en su compromiso. En la tercera sesi\u00f3n, el P. Dr. James Pampara, CMI, director del Centro de Servicios Can\u00f3nicos, Puthuppally, trat\u00f3 de las regulaciones can\u00f3nicas cuando una persona consagrada falta a la fidelidad y la perseverancia. Por la tarde, el P. James dirigi\u00f3 una enriquecedora cl\u00ednica de casos en la que se analizaron a fondo casos reales y sus implicaciones can\u00f3nicas. Finalmente, un panel formado por la Hna. Pradeepa, el P. James, el Dr. Kochurani Joseph (Profesor de econom\u00eda y portavoz oficial del S\u00ednodo Syro-Malabar), y el P. Paulson Veliyannoor, subdirector del ICLS, respondieron a varias preguntas y aclaraciones solicitadas por los participantes. <\/p>\n\n<p><\/p>\n\n<figure class=\"wp-block-gallery has-nested-images columns-default is-cropped wp-block-gallery-1 is-layout-flex wp-block-gallery-is-layout-flex\">\n<figure class=\"wp-block-image size-large\"><img data-recalc-dims=\"1\" loading=\"lazy\" decoding=\"async\" width=\"1024\" height=\"683\" data-id=\"143387\" src=\"https:\/\/i0.wp.com\/www.claret.org\/wp-content\/uploads\/2023\/02\/Audience.jpg?resize=1024%2C683&#038;ssl=1\" alt=\"\" class=\"wp-image-143387\" title=\"\" srcset=\"https:\/\/www.claret.org\/wp-content\/uploads\/2023\/02\/Audience-980x653.jpg 980w, https:\/\/www.claret.org\/wp-content\/uploads\/2023\/02\/Audience-480x320.jpg 480w\" sizes=\"(min-width: 0px) and (max-width: 480px) 480px, (min-width: 481px) and (max-width: 980px) 980px, (min-width: 981px) 1024px, 100vw\" \/><\/figure>\n\n\n\n<figure class=\"wp-block-image size-large\"><img data-recalc-dims=\"1\" loading=\"lazy\" decoding=\"async\" width=\"1024\" height=\"462\" data-id=\"143393\" src=\"https:\/\/i0.wp.com\/www.claret.org\/wp-content\/uploads\/2023\/02\/ICLS-Seminar-Karukutty-CaseClinic.jpg?resize=1024%2C462&#038;ssl=1\" alt=\"\" class=\"wp-image-143393\" title=\"\" srcset=\"https:\/\/www.claret.org\/wp-content\/uploads\/2023\/02\/ICLS-Seminar-Karukutty-CaseClinic-980x442.jpg 980w, https:\/\/www.claret.org\/wp-content\/uploads\/2023\/02\/ICLS-Seminar-Karukutty-CaseClinic-480x216.jpg 480w\" sizes=\"(min-width: 0px) and (max-width: 480px) 480px, (min-width: 481px) and (max-width: 980px) 980px, (min-width: 981px) 1024px, 100vw\" \/><\/figure>\n\n\n\n<figure class=\"wp-block-image size-large\"><img data-recalc-dims=\"1\" loading=\"lazy\" decoding=\"async\" width=\"1024\" height=\"462\" data-id=\"143405\" src=\"https:\/\/i0.wp.com\/www.claret.org\/wp-content\/uploads\/2023\/02\/ICLS-Seminar-Karukutty-QA.jpg?resize=1024%2C462&#038;ssl=1\" alt=\"\" class=\"wp-image-143405\" title=\"\" srcset=\"https:\/\/www.claret.org\/wp-content\/uploads\/2023\/02\/ICLS-Seminar-Karukutty-QA-980x442.jpg 980w, https:\/\/www.claret.org\/wp-content\/uploads\/2023\/02\/ICLS-Seminar-Karukutty-QA-480x216.jpg 480w\" sizes=\"(min-width: 0px) and (max-width: 480px) 480px, (min-width: 481px) and (max-width: 980px) 980px, (min-width: 981px) 1024px, 100vw\" \/><\/figure>\n<\/figure>\n\n<p><\/p>\n\n<p>La conferencia fue un gran \u00e9xito, ya que un centenar de religiosos y religiosas asistieron al acto y expresaron su gran satisfacci\u00f3n por las aportaciones recibidas y las ideas y casos compartidos y debatidos. Hay que reconocer el gran esfuerzo del P. Noble Mannarath, coordinador regional del seminario, junto con los miembros de la comunidad de la curia claretiana, que no escatimaron esfuerzos para que este primer evento fuera un \u00e9xito. <\/p>\n\n<p>El ICLS organizar\u00e1 conferencias similares sobre el mismo tema en Ranchi (22 de abril) y Kolkata (23 de abril), en colaboraci\u00f3n con la Delegaci\u00f3n Independiente del Norte de la India. En los pr\u00f3ximos a\u00f1os, el ICLS espera celebrar conferencias de este tipo en al menos 6 localidades de diversos rincones de la India. <\/p>\n\n<p><\/p>\n\n<figure class=\"wp-block-gallery has-nested-images columns-default is-cropped wp-block-gallery-2 is-layout-flex wp-block-gallery-is-layout-flex\">\n<figure class=\"wp-block-image size-large\"><img data-recalc-dims=\"1\" loading=\"lazy\" decoding=\"async\" width=\"1024\" height=\"462\" data-id=\"143423\" src=\"https:\/\/i0.wp.com\/www.claret.org\/wp-content\/uploads\/2023\/02\/ICLS-Seminar-Karukutty-Inauguration1.jpg?resize=1024%2C462&#038;ssl=1\" alt=\"\" class=\"wp-image-143423\" title=\"\" srcset=\"https:\/\/www.claret.org\/wp-content\/uploads\/2023\/02\/ICLS-Seminar-Karukutty-Inauguration1-980x442.jpg 980w, https:\/\/www.claret.org\/wp-content\/uploads\/2023\/02\/ICLS-Seminar-Karukutty-Inauguration1-480x216.jpg 480w\" sizes=\"(min-width: 0px) and (max-width: 480px) 480px, (min-width: 481px) and (max-width: 980px) 980px, (min-width: 981px) 1024px, 100vw\" \/><\/figure>\n\n\n\n<figure class=\"wp-block-image size-large\"><img data-recalc-dims=\"1\" loading=\"lazy\" decoding=\"async\" width=\"1024\" height=\"461\" data-id=\"143411\" src=\"https:\/\/i0.wp.com\/www.claret.org\/wp-content\/uploads\/2023\/02\/ICLS-Seminar-Karukutty-Tea.jpg?resize=1024%2C461&#038;ssl=1\" alt=\"\" class=\"wp-image-143411\" title=\"\" srcset=\"https:\/\/www.claret.org\/wp-content\/uploads\/2023\/02\/ICLS-Seminar-Karukutty-Tea-980x441.jpg 980w, https:\/\/www.claret.org\/wp-content\/uploads\/2023\/02\/ICLS-Seminar-Karukutty-Tea-480x216.jpg 480w\" sizes=\"(min-width: 0px) and (max-width: 480px) 480px, (min-width: 481px) and (max-width: 980px) 980px, (min-width: 981px) 1024px, 100vw\" \/><\/figure>\n\n\n\n<figure class=\"wp-block-image size-large\"><img data-recalc-dims=\"1\" loading=\"lazy\" decoding=\"async\" width=\"1024\" height=\"683\" data-id=\"143417\" src=\"https:\/\/i0.wp.com\/www.claret.org\/wp-content\/uploads\/2023\/02\/Pradeepa-Talk.jpg?resize=1024%2C683&#038;ssl=1\" alt=\"\" class=\"wp-image-143417\" title=\"\" srcset=\"https:\/\/www.claret.org\/wp-content\/uploads\/2023\/02\/Pradeepa-Talk-980x653.jpg 980w, https:\/\/www.claret.org\/wp-content\/uploads\/2023\/02\/Pradeepa-Talk-480x320.jpg 480w\" sizes=\"(min-width: 0px) and (max-width: 480px) 480px, (min-width: 481px) and (max-width: 980px) 980px, (min-width: 981px) 1024px, 100vw\" \/><\/figure>\n<\/figure>\n","protected":false},"excerpt":{"rendered":"<p>Desde hace tiempo es tradici\u00f3n en el Instituto de Vida Consagrada: Sanyasa (ICLS) organizar cada a\u00f1o una conferencia nacional en el Instituto de Bengaluru, coincidiendo con la fiesta de la Consagraci\u00f3n. Siguiendo la invitaci\u00f3n del Papa Francisco en su discurso a la comunidad del Claretianum de llevar el Instituto a las fronteras, incluso a las [&hellip;]<\/p>\n","protected":false},"author":69,"featured_media":143434,"comment_status":"closed","ping_status":"closed","sticky":false,"template":"","format":"standard","meta":{"_et_pb_use_builder":"","_et_pb_old_content":"","_et_gb_content_width":"","footnotes":""},"categories":[221,417,247],"tags":[],"class_list":["post-143436","post","type-post","status-publish","format-standard","has-post-thumbnail","hentry","category-ascla-west-es","category-vida-consagrada","category-st-thomas-es"],"jetpack_featured_media_url":"https:\/\/i0.wp.com\/www.claret.org\/wp-content\/uploads\/2023\/02\/ICLS-Seminar-Karukutty-Inauguration-scaled.jpg?fit=2880%2C1225&ssl=1","jetpack_sharing_enabled":true,"jetpack_shortlink":"https:\/\/wp.me\/pdaBmi-Bju","jetpack_likes_enabled":true,"_links":{"self":[{"href":"https:\/\/www.claret.org\/es\/wp-json\/wp\/v2\/posts\/143436","targetHints":{"allow":["GET"]}}],"collection":[{"href":"https:\/\/www.claret.org\/es\/wp-json\/wp\/v2\/posts"}],"about":[{"href":"https:\/\/www.claret.org\/es\/wp-json\/wp\/v2\/types\/post"}],"author":[{"embeddable":true,"href":"https:\/\/www.claret.org\/es\/wp-json\/wp\/v2\/users\/69"}],"replies":[{"embeddable":true,"href":"https:\/\/www.claret.org\/es\/wp-json\/wp\/v2\/comments?post=143436"}],"version-history":[{"count":0,"href":"https:\/\/www.claret.org\/es\/wp-json\/wp\/v2\/posts\/143436\/revisions"}],"wp:featuredmedia":[{"embeddable":true,"href":"https:\/\/www.claret.org\/es\/wp-json\/wp\/v2\/media\/143434"}],"wp:attachment":[{"href":"https:\/\/www.claret.org\/es\/wp-json\/wp\/v2\/media?parent=143436"}],"wp:term":[{"taxonomy":"category","embeddable":true,"href":"https:\/\/www.claret.org\/es\/wp-json\/wp\/v2\/categories?post=143436"},{"taxonomy":"post_tag","embeddable":true,"href":"https:\/\/www.claret.org\/es\/wp-json\/wp\/v2\/tags?post=143436"}],"curies":[{"name":"wp","href":"https:\/\/api.w.org\/{rel}","templated":true}]}}