{"id":143493,"date":"2023-02-22T11:49:11","date_gmt":"2023-02-22T10:49:11","guid":{"rendered":"https:\/\/www.claret.org\/una-fe-que-quiere-ser-pensada-una-revista-de-mariologia\/"},"modified":"2023-02-22T11:59:51","modified_gmt":"2023-02-22T10:59:51","slug":"una-fe-que-quiere-ser-pensada-una-revista-de-mariologia","status":"publish","type":"post","link":"https:\/\/www.claret.org\/es\/una-fe-que-quiere-ser-pensada-una-revista-de-mariologia\/","title":{"rendered":"Una fe que quiere ser pensada: una revista de mariolog\u00eda"},"content":{"rendered":"\n<p class=\"has-drop-cap\">Muchas personas reaccionan sorprendidas cuando oyen hablar de la existencia de una \u2018revista cient\u00edfica\u2019 de mariolog\u00eda. Probablemente su sorpresa aumenta cuando descubren que la revista edita m\u00e1s de quinientas p\u00e1ginas al a\u00f1o, y que lleva public\u00e1ndose desde 1951. Su objetivo en una frase: acercarse a Mar\u00eda en el siglo XXI<\/p>\n\n<p>Ephemerides Mariologicae es una revista en espa\u00f1ol editada por los Misioneros Claretianos de la provincia de Santiago, dirigida por el Prof. Pablo Largo Dom\u00ednguez CMF, cuyo servicio misionero como difusor de la figura de Mar\u00eda y de la profundizaci\u00f3n teol\u00f3gica en ella ha sido reconocida con premios internacionales.<\/p>\n\n<p>La revista se encuentra puntualmente con sus lectores tres veces al a\u00f1o, y se acerca con rigor a la figura de Mar\u00eda, la madre de Jes\u00fas de Nazaret, desde muy diversas perspectivas: b\u00edblica, hist\u00f3rica, teol\u00f3gica, lit\u00fargica, art\u00edstica, ecum\u00e9nica&#8230; Los tres n\u00fameros de 2022 se han centrado en la figura de San Jos\u00e9 (estudiado como esposo de Mar\u00eda), en la profundizaci\u00f3n en la relaci\u00f3n de Mar\u00eda con la Iglesia y en la posibilidad de que los disc\u00edpulos de Jes\u00fas, que oran con Mar\u00eda y como ella, puedan tambi\u00e9n rezar a Mar\u00eda.<\/p>\n\n<p>Llama realmente la atenci\u00f3n la procedencia diversa y la categor\u00eda de los autores de los art\u00edculos. S\u00f3lo en 2022 pasaron por sus p\u00e1ginas profesores de varios centros superiores romanos, espa\u00f1oles y de otras naciones europeas, diversidad teol\u00f3gica que se percibe tambi\u00e9n en la procedencia de los miembros del consejo de redacci\u00f3n. Los lectores han podido acercarse en 2022 a algunos aspectos de la reflexi\u00f3n sobre Mar\u00eda de autores como Odo Casel o Hugo Rahner, profundizar en un acercamiento a Mar\u00eda desde el Islam, repasar su presencia como figura orante en algunas manifestaciones art\u00edsticas, conocer qu\u00e9 papel asign\u00f3 a la Virgen el papa Benedicto XVI en su obra en varios tomos sobre Jes\u00fas de Nazaret y profundizar en el papel que la fe de Mar\u00eda puede tener a la hora de estimular a los cristianos de \u00c1frica en su compromiso con el desarrollo cultural y humano del continente.<\/p>\n\n<p>Como ha acontecido en 2022, la revista suele cuidar mucho el acercamiento a los temas desde las diversas confesiones y tradiciones cristianas, ofrece cr\u00f3nicas de encuentros y simposios de relevancia internacional y acerca a los lectores a m\u00e1s de una veintena de obras de reciente aparici\u00f3n con sugerentes recensiones. Es tambi\u00e9n muy de agradecer la presencia de firmas femeninas. Varios de los art\u00edculos de 2022 han sido obra de profesoras de teolog\u00eda, espiritualidad e historia del arte de diversas naciones.<\/p>\n\n<p><p>La revista tiene su sede en la comunidad claretiana de Buen Suceso de Madrid y se ofrece anualmente a precios verdaderamente m\u00f3dicos: 35 euros para los suscriptores de Espa\u00f1a y Portugal y 57 \u20ac para los de otras naciones. Para m\u00e1s informaci\u00f3n o para suscribirse pueden dirigirse a: <a href=\"mailto:ephemerides2019@gmail.com\">ephemerides2019@gmail.com<\/a><\/p><\/p>\n\n<p>Cr\u00e9dito del art\u00edculo: P. Pedro Belderrain cmf<\/p>\n\n<p><\/p>\n\n<figure class=\"wp-block-gallery has-nested-images columns-default is-cropped wp-block-gallery-1 is-layout-flex wp-block-gallery-is-layout-flex\">\n<figure class=\"wp-block-image size-large\"><img data-recalc-dims=\"1\" loading=\"lazy\" decoding=\"async\" width=\"1024\" height=\"891\" data-id=\"143473\" src=\"https:\/\/i0.wp.com\/www.claret.org\/wp-content\/uploads\/2023\/02\/IMG-1947.jpg?resize=1024%2C891&#038;ssl=1\" alt=\"\" class=\"wp-image-143473\" title=\"\" srcset=\"https:\/\/www.claret.org\/wp-content\/uploads\/2023\/02\/IMG-1947-980x853.jpg 980w, https:\/\/www.claret.org\/wp-content\/uploads\/2023\/02\/IMG-1947-480x418.jpg 480w\" sizes=\"(min-width: 0px) and (max-width: 480px) 480px, (min-width: 481px) and (max-width: 980px) 980px, (min-width: 981px) 1024px, 100vw\" \/><\/figure>\n<\/figure>\n","protected":false},"excerpt":{"rendered":"<p>Muchas personas reaccionan sorprendidas cuando oyen hablar de la existencia de una \u2018revista cient\u00edfica\u2019 de mariolog\u00eda. Probablemente su sorpresa aumenta cuando descubren que la revista edita m\u00e1s de quinientas p\u00e1ginas al a\u00f1o, y que lleva public\u00e1ndose desde 1951. Su objetivo en una frase: acercarse a Mar\u00eda en el siglo XXI Ephemerides Mariologicae es una revista [&hellip;]<\/p>\n","protected":false},"author":69,"featured_media":143491,"comment_status":"closed","ping_status":"closed","sticky":false,"template":"","format":"standard","meta":{"_et_pb_use_builder":"","_et_pb_old_content":"","_et_gb_content_width":"","footnotes":""},"categories":[281,341],"tags":[],"class_list":["post-143493","post","type-post","status-publish","format-standard","has-post-thumbnail","hentry","category-ecla-es","category-santiago-es"],"jetpack_featured_media_url":"https:\/\/i0.wp.com\/www.claret.org\/wp-content\/uploads\/2023\/02\/adfdfdf.jpg?fit=2744%2C1312&ssl=1","jetpack_sharing_enabled":true,"jetpack_shortlink":"https:\/\/wp.me\/pdaBmi-Bkp","jetpack_likes_enabled":true,"_links":{"self":[{"href":"https:\/\/www.claret.org\/es\/wp-json\/wp\/v2\/posts\/143493","targetHints":{"allow":["GET"]}}],"collection":[{"href":"https:\/\/www.claret.org\/es\/wp-json\/wp\/v2\/posts"}],"about":[{"href":"https:\/\/www.claret.org\/es\/wp-json\/wp\/v2\/types\/post"}],"author":[{"embeddable":true,"href":"https:\/\/www.claret.org\/es\/wp-json\/wp\/v2\/users\/69"}],"replies":[{"embeddable":true,"href":"https:\/\/www.claret.org\/es\/wp-json\/wp\/v2\/comments?post=143493"}],"version-history":[{"count":0,"href":"https:\/\/www.claret.org\/es\/wp-json\/wp\/v2\/posts\/143493\/revisions"}],"wp:featuredmedia":[{"embeddable":true,"href":"https:\/\/www.claret.org\/es\/wp-json\/wp\/v2\/media\/143491"}],"wp:attachment":[{"href":"https:\/\/www.claret.org\/es\/wp-json\/wp\/v2\/media?parent=143493"}],"wp:term":[{"taxonomy":"category","embeddable":true,"href":"https:\/\/www.claret.org\/es\/wp-json\/wp\/v2\/categories?post=143493"},{"taxonomy":"post_tag","embeddable":true,"href":"https:\/\/www.claret.org\/es\/wp-json\/wp\/v2\/tags?post=143493"}],"curies":[{"name":"wp","href":"https:\/\/api.w.org\/{rel}","templated":true}]}}