{"id":143510,"date":"2023-02-23T10:24:27","date_gmt":"2023-02-23T09:24:27","guid":{"rendered":"https:\/\/www.claret.org\/encontrar-inspiracion-y-renovacion-a-traves-de-la-soledad-el-silencio-y-la-oracion\/"},"modified":"2023-02-23T10:28:43","modified_gmt":"2023-02-23T09:28:43","slug":"encontrar-inspiracion-y-renovacion-a-traves-de-la-soledad-el-silencio-y-la-oracion","status":"publish","type":"post","link":"https:\/\/www.claret.org\/es\/encontrar-inspiracion-y-renovacion-a-traves-de-la-soledad-el-silencio-y-la-oracion\/","title":{"rendered":"Encontrar inspiraci\u00f3n y renovaci\u00f3n a trav\u00e9s de la soledad, el silencio y la oraci\u00f3n"},"content":{"rendered":"\n<p class=\"has-drop-cap\">Dindigul, India: La Provincia de Chennai organiz\u00f3 su Primer Retiro Anual en Claretians-LIFE, Nochiodaipatty, Dindigul, Tamilnadu, del 14 al 18 de febrero de 2023. Con la asistencia de 32 participantes, el evento fue dirigido por el P. Joe Antony SJ. El retiro se bas\u00f3 en el pasaje evang\u00e9lico de Lucas 24: 13 &#8211; 35 y se centr\u00f3 en los tres pilares de la soledad, el silencio y la oraci\u00f3n.<\/p>\n\n<p>El retiro comenz\u00f3 con una reflexi\u00f3n profunda sobre las experiencias de p\u00e9rdidas f\u00edsicas, psicol\u00f3gicas y espirituales de los Disc\u00edpulos de Ema\u00fas. A trav\u00e9s de ello, se gui\u00f3 a los participantes para que reconocieran al Se\u00f1or resucitado y dieran testimonio de Su mensaje. El retiro extrajo de este pasaje recursos y caracter\u00edsticas para un buen sacerdote.&#13;\n<\/p>\n\n<p>El retiro hizo hincapi\u00e9 en la importancia de la comuni\u00f3n, la comunidad y la misi\u00f3n. Se anim\u00f3 a los participantes a buscar la comuni\u00f3n con Dios a trav\u00e9s de la Eucarist\u00eda y otras actividades espirituales, lo que condujo a conexiones m\u00e1s profundas con su comunidad. El objetivo \u00faltimo del retiro era inspirar a los participantes a entrar en comuni\u00f3n con la misi\u00f3n y trabajar para difundir el mensaje del amor y la compasi\u00f3n de Dios.&#13;\n<\/p>\n\n<p><\/p>\n\n<p><\/p>\n\n<p><\/p>\n","protected":false},"excerpt":{"rendered":"<p>Dindigul, India: La Provincia de Chennai organiz\u00f3 su Primer Retiro Anual en Claretians-LIFE, Nochiodaipatty, Dindigul, Tamilnadu, del 14 al 18 de febrero de 2023. Con la asistencia de 32 participantes, el evento fue dirigido por el P. Joe Antony SJ. El retiro se bas\u00f3 en el pasaje evang\u00e9lico de Lucas 24: 13 &#8211; 35 y [&hellip;]<\/p>\n","protected":false},"author":69,"featured_media":143508,"comment_status":"closed","ping_status":"closed","sticky":false,"template":"","format":"standard","meta":{"_et_pb_use_builder":"","_et_pb_old_content":"","_et_gb_content_width":"","footnotes":""},"categories":[221,231],"tags":[],"class_list":["post-143510","post","type-post","status-publish","format-standard","has-post-thumbnail","hentry","category-ascla-west-es","category-chennai-es"],"jetpack_featured_media_url":"https:\/\/i0.wp.com\/www.claret.org\/wp-content\/uploads\/2023\/02\/20230218_131153-scaled.jpg?fit=2880%2C1465&ssl=1","jetpack_sharing_enabled":true,"jetpack_shortlink":"https:\/\/wp.me\/pdaBmi-BkG","jetpack_likes_enabled":true,"_links":{"self":[{"href":"https:\/\/www.claret.org\/es\/wp-json\/wp\/v2\/posts\/143510","targetHints":{"allow":["GET"]}}],"collection":[{"href":"https:\/\/www.claret.org\/es\/wp-json\/wp\/v2\/posts"}],"about":[{"href":"https:\/\/www.claret.org\/es\/wp-json\/wp\/v2\/types\/post"}],"author":[{"embeddable":true,"href":"https:\/\/www.claret.org\/es\/wp-json\/wp\/v2\/users\/69"}],"replies":[{"embeddable":true,"href":"https:\/\/www.claret.org\/es\/wp-json\/wp\/v2\/comments?post=143510"}],"version-history":[{"count":0,"href":"https:\/\/www.claret.org\/es\/wp-json\/wp\/v2\/posts\/143510\/revisions"}],"wp:featuredmedia":[{"embeddable":true,"href":"https:\/\/www.claret.org\/es\/wp-json\/wp\/v2\/media\/143508"}],"wp:attachment":[{"href":"https:\/\/www.claret.org\/es\/wp-json\/wp\/v2\/media?parent=143510"}],"wp:term":[{"taxonomy":"category","embeddable":true,"href":"https:\/\/www.claret.org\/es\/wp-json\/wp\/v2\/categories?post=143510"},{"taxonomy":"post_tag","embeddable":true,"href":"https:\/\/www.claret.org\/es\/wp-json\/wp\/v2\/tags?post=143510"}],"curies":[{"name":"wp","href":"https:\/\/api.w.org\/{rel}","templated":true}]}}