{"id":148544,"date":"2023-06-09T13:00:52","date_gmt":"2023-06-09T11:00:52","guid":{"rendered":"https:\/\/www.claret.org\/nuevo-gobierno-de-la-provincia-usa-canada\/"},"modified":"2023-06-09T13:03:05","modified_gmt":"2023-06-09T11:03:05","slug":"nuevo-gobierno-de-la-provincia-usa-canada","status":"publish","type":"post","link":"https:\/\/www.claret.org\/es\/nuevo-gobierno-de-la-provincia-usa-canada\/","title":{"rendered":"Nuevo Gobierno de la Provincia USA-CANADA"},"content":{"rendered":"\n<p class=\"has-drop-cap\"><p>El Cap\u00edtulo Provincial de la Provincia de USA-Canad\u00e1 ha elegido a los Consultores que acompa\u00f1ar\u00e1n al P. Paul Keller, CMF, el reci\u00e9n elegido Superior Provincial como parte del Gobierno de la Provincia de USA-CANAD\u00c1 durante los pr\u00f3ximos seis a\u00f1os, de 2023 a 2029.<\/p><\/p>\n\n<p><p>Prefecto de Formaci\u00f3n &#8211; P. Francisco Javier Reyes, CMF<br\/>Ec\u00f3nomo de la Provincia &#8211; P. Thomas McGann, CMF<br\/>Prefecto de Apostolado &#8211; P. Jegan Reegan Soosai, CMF<br\/>Prefecto de Desarrollo de Personal &#8211; P. Eddie De Leon, CMF<\/p><\/p>\n\n<p><\/p>\n\n<p><\/p>\n\n<figure class=\"wp-block-gallery has-nested-images columns-default is-cropped wp-block-gallery-1 is-layout-flex wp-block-gallery-is-layout-flex\">\n<figure class=\"wp-block-image size-full\"><img data-recalc-dims=\"1\" loading=\"lazy\" decoding=\"async\" width=\"800\" height=\"540\" data-id=\"148535\" src=\"https:\/\/i0.wp.com\/www.claret.org\/wp-content\/uploads\/2023\/06\/352411744_252431690767547_8586731692559832861_n.jpg?resize=800%2C540&#038;ssl=1\" alt=\"\" class=\"wp-image-148535\" title=\"\" srcset=\"https:\/\/www.claret.org\/wp-content\/uploads\/2023\/06\/352411744_252431690767547_8586731692559832861_n.jpg 800w, https:\/\/www.claret.org\/wp-content\/uploads\/2023\/06\/352411744_252431690767547_8586731692559832861_n-480x324.jpg 480w\" sizes=\"(min-width: 0px) and (max-width: 480px) 480px, (min-width: 481px) 800px, 100vw\" \/><\/figure>\n<\/figure>\n","protected":false},"excerpt":{"rendered":"<p>El Cap\u00edtulo Provincial de la Provincia de USA-Canad\u00e1 ha elegido a los Consultores que acompa\u00f1ar\u00e1n al P. Paul Keller, CMF, el reci\u00e9n elegido Superior Provincial como parte del Gobierno de la Provincia de USA-CANAD\u00c1 durante los pr\u00f3ximos seis a\u00f1os, de 2023 a 2029. Prefecto de Formaci\u00f3n &#8211; P. Francisco Javier Reyes, CMFEc\u00f3nomo de la Provincia [&hellip;]<\/p>\n","protected":false},"author":69,"featured_media":148534,"comment_status":"closed","ping_status":"closed","sticky":false,"template":"","format":"standard","meta":{"_et_pb_use_builder":"","_et_pb_old_content":"","_et_gb_content_width":"","footnotes":""},"categories":[601],"tags":[],"class_list":["post-148544","post","type-post","status-publish","format-standard","has-post-thumbnail","hentry","category-usa-canada-es"],"jetpack_featured_media_url":"https:\/\/i0.wp.com\/www.claret.org\/wp-content\/uploads\/2023\/06\/Beige-Minimalist-Team-Members-Instagram-Post-1.jpg?fit=1080%2C1080&ssl=1","jetpack_sharing_enabled":true,"jetpack_shortlink":"https:\/\/wp.me\/pdaBmi-CDS","jetpack_likes_enabled":true,"_links":{"self":[{"href":"https:\/\/www.claret.org\/es\/wp-json\/wp\/v2\/posts\/148544","targetHints":{"allow":["GET"]}}],"collection":[{"href":"https:\/\/www.claret.org\/es\/wp-json\/wp\/v2\/posts"}],"about":[{"href":"https:\/\/www.claret.org\/es\/wp-json\/wp\/v2\/types\/post"}],"author":[{"embeddable":true,"href":"https:\/\/www.claret.org\/es\/wp-json\/wp\/v2\/users\/69"}],"replies":[{"embeddable":true,"href":"https:\/\/www.claret.org\/es\/wp-json\/wp\/v2\/comments?post=148544"}],"version-history":[{"count":0,"href":"https:\/\/www.claret.org\/es\/wp-json\/wp\/v2\/posts\/148544\/revisions"}],"wp:featuredmedia":[{"embeddable":true,"href":"https:\/\/www.claret.org\/es\/wp-json\/wp\/v2\/media\/148534"}],"wp:attachment":[{"href":"https:\/\/www.claret.org\/es\/wp-json\/wp\/v2\/media?parent=148544"}],"wp:term":[{"taxonomy":"category","embeddable":true,"href":"https:\/\/www.claret.org\/es\/wp-json\/wp\/v2\/categories?post=148544"},{"taxonomy":"post_tag","embeddable":true,"href":"https:\/\/www.claret.org\/es\/wp-json\/wp\/v2\/tags?post=148544"}],"curies":[{"name":"wp","href":"https:\/\/api.w.org\/{rel}","templated":true}]}}