{"id":15088,"date":"2018-04-10T00:00:45","date_gmt":"2018-04-09T22:00:45","guid":{"rendered":"https:\/\/www.claret.org\/?p=15088"},"modified":"2018-04-10T00:00:45","modified_gmt":"2018-04-09T22:00:45","slug":"10-abril","status":"publish","type":"post","link":"https:\/\/www.claret.org\/es\/10-abril\/","title":{"rendered":"10 Abril"},"content":{"rendered":"<div class=\"field field-name-field-meditacion-cita-texto field-type-text-long field-label-hidden\">\n<div class=\"field-items\">\n<div class=\"field-item even\">Muchas y grandes fueron las dificultades que tuve que vencer y superar de parte del superior eclesi\u00e1stico y de la poblaci\u00f3n para salir de la parroquia, pero con la ayuda de Dios sal\u00ed<\/div>\n<\/div>\n<\/div>\n<div class=\"field field-name-field-meditacion-cita field-type-text field-label-hidden\">\n<div class=\"field-items\">\n<div class=\"field-item even\">Aut 121<\/div>\n<\/div>\n<\/div>\n<div class=\"titulo-meditacion\">\n<h2>DESPRENDIMIENTO PARA LA MISI\u00d3N<\/h2>\n<\/div>\n<div class=\"field field-name-body field-type-text-with-summary field-label-hidden\">\n<div class=\"field-items\">\n<div class=\"field-item even\">\n<p>En esa breve informaci\u00f3n de Claret sobre las dificultades que tuvo que vencer para ir en pos de su ideal apost\u00f3lico, aparece una de sus cualidades personales que m\u00e1s contribuy\u00f3 a su santificaci\u00f3n: el arte de afrontar todo tipo de obst\u00e1culos y dificultades. Le supuso empe\u00f1o, constancia y autodisciplina. Ya en su edad madura, cuando compuso su conocida \u201cDefinici\u00f3n del Misionero\u201d, Claret se autorretrat\u00f3 con tres palabras: nada le arredra. Le animaba el ver que tambi\u00e9n Jes\u00fas tuvo una vida llena de dificultades, rechazos y persecuciones, que supo asumir muy convencido de su misi\u00f3n.<br \/>\nDe dificultades Claret supo much\u00edsimo; tenemos la impresi\u00f3n de que cada vez que ya se siente seguro y triunfador en algo, inmediatamente le es arrebatado y se ve obligado a comenzar de nuevo. Escribiendo al P. Juan N. Lobo, un antiguo colaborador suyo que luego se fue a la compa\u00f1\u00eda de Jes\u00fas, Claret le dice con gran familiaridad: \u201cHace alg\u00fan  tiempo que el Se\u00f1or me cr\u00eda y trata a lo jesuita, esto es, quit\u00e1ndome lo que m\u00e1s quiero y neg\u00e1ndome lo que m\u00e1s deseo\u201d (EC I, p.1375)<br \/>\nHoy d\u00eda, el actual sistema de vida nos hace tentadoras propuestas de \u201cvida f\u00e1cil\u201d: dinero f\u00e1cil y r\u00e1pida felicidad light. Nos enga\u00f1a y nos dejamos enga\u00f1ar. Pero la vida real nos desenga\u00f1a, porque casi cada d\u00eda es como una carrera de obst\u00e1culos.<br \/>\nLa propuesta de Jes\u00fas en su Evangelio no enga\u00f1a a nadie. Dice que a la vida nueva del Reino de Dios s\u00f3lo tendr\u00e1n acceso quienes enfrenten las dificultades sin rendirse. Por eso, el Evangelio ense\u00f1a que en este mundo encontraremos dificultades y tendremos que sufrir, pero nos exhorta a tener \u00e1nimo, porque \u00e9l ha vencido al mundo (cf. Jn 16, 33).<br \/>\n\u201cClaret contigo\u201d te pregunta hoy si optas por el enga\u00f1o de la vida f\u00e1cil, o por la verdad de la vida del Reino que propone Jes\u00fas.<\/p>\n<\/div>\n<\/div>\n<\/div>\n","protected":false},"excerpt":{"rendered":"<p>Muchas y grandes fueron las dificultades que tuve que vencer y superar de parte del superior eclesi\u00e1stico y de la poblaci\u00f3n para salir de la parroquia, pero con la ayuda de Dios sal\u00ed Aut 121 DESPRENDIMIENTO PARA LA MISI\u00d3N En esa breve informaci\u00f3n de Claret sobre las dificultades que tuvo que vencer para ir en [&hellip;]<\/p>\n","protected":false},"author":2,"featured_media":0,"comment_status":"closed","ping_status":"closed","sticky":false,"template":"","format":"standard","meta":{"_et_pb_use_builder":"","_et_pb_old_content":"","_et_gb_content_width":"","footnotes":""},"categories":[526],"tags":[],"class_list":["post-15088","post","type-post","status-publish","format-standard","hentry","category-claret-contigo"],"jetpack_featured_media_url":"","jetpack_sharing_enabled":true,"jetpack_shortlink":"https:\/\/wp.me\/pdaBmi-3Vm","jetpack_likes_enabled":true,"_links":{"self":[{"href":"https:\/\/www.claret.org\/es\/wp-json\/wp\/v2\/posts\/15088","targetHints":{"allow":["GET"]}}],"collection":[{"href":"https:\/\/www.claret.org\/es\/wp-json\/wp\/v2\/posts"}],"about":[{"href":"https:\/\/www.claret.org\/es\/wp-json\/wp\/v2\/types\/post"}],"author":[{"embeddable":true,"href":"https:\/\/www.claret.org\/es\/wp-json\/wp\/v2\/users\/2"}],"replies":[{"embeddable":true,"href":"https:\/\/www.claret.org\/es\/wp-json\/wp\/v2\/comments?post=15088"}],"version-history":[{"count":0,"href":"https:\/\/www.claret.org\/es\/wp-json\/wp\/v2\/posts\/15088\/revisions"}],"wp:attachment":[{"href":"https:\/\/www.claret.org\/es\/wp-json\/wp\/v2\/media?parent=15088"}],"wp:term":[{"taxonomy":"category","embeddable":true,"href":"https:\/\/www.claret.org\/es\/wp-json\/wp\/v2\/categories?post=15088"},{"taxonomy":"post_tag","embeddable":true,"href":"https:\/\/www.claret.org\/es\/wp-json\/wp\/v2\/tags?post=15088"}],"curies":[{"name":"wp","href":"https:\/\/api.w.org\/{rel}","templated":true}]}}