{"id":152439,"date":"2023-07-20T12:00:00","date_gmt":"2023-07-20T10:00:00","guid":{"rendered":"https:\/\/www.claret.org\/?p=152439"},"modified":"2023-07-20T11:53:43","modified_gmt":"2023-07-20T09:53:43","slug":"el-papa-francisco-felicita-a-los-misioneros-claretianos-en-su-175-aniversario-jubilar","status":"publish","type":"post","link":"https:\/\/www.claret.org\/es\/el-papa-francisco-felicita-a-los-misioneros-claretianos-en-su-175-aniversario-jubilar\/","title":{"rendered":"El Papa Francisco felicita a los Misioneros Claretianos en su 175 aniversario jubilar"},"content":{"rendered":"\n<p class=\"has-drop-cap\">Roma, Italia. En una sentida carta fechada el 8 de julio de 2023, el Papa Francisco extendi\u00f3 sus m\u00e1s calurosas felicitaciones al Superior General de los Misioneros Claretianos, Mathew Vattamattam, CMF mientras la congregaci\u00f3n se embarca en una celebraci\u00f3n trascendental, conmemorando el 174 aniversario de su fundaci\u00f3n.<\/p>\n\n<p>El Papa Francisco comenz\u00f3 la carta invocando las bendiciones divinas sobre los Misioneros Claretianos, invocando al Esp\u00edritu Santo para renovar su fervor y reavivar el carisma sagrado que les fue otorgado a trav\u00e9s de su fundador, San Antonio Mar\u00eda Claret. El Papa elogi\u00f3 al santo visionario, reconociendo su apostolado incansable y creativo, que llev\u00f3 la alegr\u00eda del Evangelio a las periferias geogr\u00e1ficas y existenciales de su tiempo. La dedicaci\u00f3n de San Antonio Mar\u00eda Claret, su plena confianza en la Divina Providencia y su compasivo compromiso con los vulnerables y marginados siguen inspirando a los Misioneros Claretianos hasta el d\u00eda de hoy.<\/p>\n\n<p>El Pont\u00edfice expres\u00f3 su gratitud por las significativas contribuciones que la congregaci\u00f3n ha hecho en varios campos pastorales, enfatizando la importancia de su trabajo en el avance del mensaje de amor, compasi\u00f3n y servicio a la humanidad. Inst\u00f3 a los Misioneros Claretianos a persistir en su celo apost\u00f3lico, perpetuando el esp\u00edritu del Padre Claret y su inquebrantable compromiso con la misi\u00f3n de la Iglesia.<\/p>\n\n<p>Para concluir, el Papa Francisco transmiti\u00f3 sus m\u00e1s sentidas bendiciones a toda la congregaci\u00f3n y pidi\u00f3 sus oraciones por su persona, buscando apoyo espiritual mientras contin\u00faa liderando la Iglesia Cat\u00f3lica en estos tiempos de transformaci\u00f3n.<\/p>\n\n<p><\/p>\n\n<p><\/p>\n\n<figure class=\"wp-block-image aligncenter size-full\"><img data-recalc-dims=\"1\" loading=\"lazy\" decoding=\"async\" width=\"612\" height=\"888\" src=\"https:\/\/i0.wp.com\/www.claret.org\/wp-content\/uploads\/2023\/07\/Screenshot-1.png?resize=612%2C888&#038;ssl=1\" alt=\"\" class=\"wp-image-152432\" title=\"\" srcset=\"https:\/\/www.claret.org\/wp-content\/uploads\/2023\/07\/Screenshot-1.png 612w, https:\/\/www.claret.org\/wp-content\/uploads\/2023\/07\/Screenshot-1-480x696.png 480w\" sizes=\"(min-width: 0px) and (max-width: 480px) 480px, (min-width: 481px) 612px, 100vw\" \/><\/figure>\n","protected":false},"excerpt":{"rendered":"<p>Roma, Italia. En una sentida carta fechada el 8 de julio de 2023, el Papa Francisco extendi\u00f3 sus m\u00e1s calurosas felicitaciones al Superior General de los Misioneros Claretianos, Mathew Vattamattam, CMF mientras la congregaci\u00f3n se embarca en una celebraci\u00f3n trascendental, conmemorando el 174 aniversario de su fundaci\u00f3n. El Papa Francisco comenz\u00f3 la carta invocando las [&hellip;]<\/p>\n","protected":false},"author":69,"featured_media":152431,"comment_status":"closed","ping_status":"closed","sticky":false,"template":"","format":"standard","meta":{"_et_pb_use_builder":"","_et_pb_old_content":"","_et_gb_content_width":"","footnotes":""},"categories":[541,5048,533,504],"tags":[],"class_list":["post-152439","post","type-post","status-publish","format-standard","has-post-thumbnail","hentry","category-aniversarios","category-jubileo","category-la-congregacion","category-noticias-eclesiales"],"jetpack_featured_media_url":"https:\/\/i0.wp.com\/www.claret.org\/wp-content\/uploads\/2023\/07\/WhatsApp-Image-2023-07-20-at-11.43.43.jpg?fit=833%2C498&ssl=1","jetpack_sharing_enabled":true,"jetpack_shortlink":"https:\/\/wp.me\/pdaBmi-DEH","jetpack_likes_enabled":true,"_links":{"self":[{"href":"https:\/\/www.claret.org\/es\/wp-json\/wp\/v2\/posts\/152439","targetHints":{"allow":["GET"]}}],"collection":[{"href":"https:\/\/www.claret.org\/es\/wp-json\/wp\/v2\/posts"}],"about":[{"href":"https:\/\/www.claret.org\/es\/wp-json\/wp\/v2\/types\/post"}],"author":[{"embeddable":true,"href":"https:\/\/www.claret.org\/es\/wp-json\/wp\/v2\/users\/69"}],"replies":[{"embeddable":true,"href":"https:\/\/www.claret.org\/es\/wp-json\/wp\/v2\/comments?post=152439"}],"version-history":[{"count":0,"href":"https:\/\/www.claret.org\/es\/wp-json\/wp\/v2\/posts\/152439\/revisions"}],"wp:featuredmedia":[{"embeddable":true,"href":"https:\/\/www.claret.org\/es\/wp-json\/wp\/v2\/media\/152431"}],"wp:attachment":[{"href":"https:\/\/www.claret.org\/es\/wp-json\/wp\/v2\/media?parent=152439"}],"wp:term":[{"taxonomy":"category","embeddable":true,"href":"https:\/\/www.claret.org\/es\/wp-json\/wp\/v2\/categories?post=152439"},{"taxonomy":"post_tag","embeddable":true,"href":"https:\/\/www.claret.org\/es\/wp-json\/wp\/v2\/tags?post=152439"}],"curies":[{"name":"wp","href":"https:\/\/api.w.org\/{rel}","templated":true}]}}