{"id":157256,"date":"2023-10-09T12:00:00","date_gmt":"2023-10-09T10:00:00","guid":{"rendered":"https:\/\/www.claret.org\/capacitando-a-lideres-claretianos-taller-de-liderazgo-discernido-en-la-conferencia-ascla-west\/"},"modified":"2023-10-09T12:00:10","modified_gmt":"2023-10-09T10:00:10","slug":"capacitando-a-lideres-claretianos-taller-de-liderazgo-discernido-en-la-conferencia-ascla-west","status":"publish","type":"post","link":"https:\/\/www.claret.org\/es\/capacitando-a-lideres-claretianos-taller-de-liderazgo-discernido-en-la-conferencia-ascla-west\/","title":{"rendered":"Capacitando a l\u00edderes claretianos: Taller de Liderazgo Discernido en la Conferencia ASCLA West"},"content":{"rendered":"\n<p class=\"has-drop-cap\"><p><span style=\"font-weight: 400\">Negombo, Sri Lanka. Los claretianos de Sri Lanka e India (ASCLA West Conference) se reunieron para un taller transformador titulado \u00abLiderazgo Claretiano de Discernimiento\u00bb del 2 al 7 de octubre de 2023, en el sereno Pastures Spirituality Center en Bolawalana, Negombo, Sri Lanka.<\/span><\/p><\/p>\n\n<p>Este taller, parte de una serie organizada en toda la Congregaci\u00f3n, ten\u00eda como objetivo fomentar una cultura de discernimiento entre los claretianos de todo el mundo. Reuni\u00f3 a 25 participantes, representantes de diversas regiones: 13 de la Delegaci\u00f3n Independiente de San Jos\u00e9 Vaz &#8211; Sri Lanka, 3 de la Provincia de Bangalore, 2 de la Provincia de Chennai, 2 de la Provincia de Santo Tom\u00e1s, 2 de la Delegaci\u00f3n Independiente del Noreste de la India, y 3 de la Delegaci\u00f3n Independiente de Calcuta.<\/p>\n\n<p><\/p>\n\n<figure class=\"wp-block-gallery has-nested-images columns-default is-cropped wp-block-gallery-1 is-layout-flex wp-block-gallery-is-layout-flex\">\n<figure class=\"wp-block-image size-large\"><img data-recalc-dims=\"1\" loading=\"lazy\" decoding=\"async\" width=\"1024\" height=\"576\" data-id=\"157195\" src=\"https:\/\/i0.wp.com\/www.claret.org\/wp-content\/uploads\/2023\/10\/Discerning-Leadership-Workshop-in-ASCLA-West-Conference-Ocotber-2023-2.jpg?resize=1024%2C576&#038;ssl=1\" alt=\"\" class=\"wp-image-157195\" title=\"\" srcset=\"https:\/\/www.claret.org\/wp-content\/uploads\/2023\/10\/Discerning-Leadership-Workshop-in-ASCLA-West-Conference-Ocotber-2023-2-1024x576.jpg 1024w, https:\/\/www.claret.org\/wp-content\/uploads\/2023\/10\/Discerning-Leadership-Workshop-in-ASCLA-West-Conference-Ocotber-2023-2-980x551.jpg 980w, https:\/\/www.claret.org\/wp-content\/uploads\/2023\/10\/Discerning-Leadership-Workshop-in-ASCLA-West-Conference-Ocotber-2023-2-480x270.jpg 480w\" sizes=\"(min-width: 0px) and (max-width: 480px) 480px, (min-width: 481px) and (max-width: 980px) 980px, (min-width: 981px) 1024px, 100vw\" \/><\/figure>\n\n\n\n<figure class=\"wp-block-image size-large\"><img data-recalc-dims=\"1\" loading=\"lazy\" decoding=\"async\" width=\"1024\" height=\"770\" data-id=\"157201\" src=\"https:\/\/i0.wp.com\/www.claret.org\/wp-content\/uploads\/2023\/10\/Discerning-Leadership-Workshop-in-ASCLA-West-Conference-Ocotber-2023-4.jpg?resize=1024%2C770&#038;ssl=1\" alt=\"\" class=\"wp-image-157201\" title=\"\" srcset=\"https:\/\/www.claret.org\/wp-content\/uploads\/2023\/10\/Discerning-Leadership-Workshop-in-ASCLA-West-Conference-Ocotber-2023-4-1024x770.jpg 1024w, https:\/\/www.claret.org\/wp-content\/uploads\/2023\/10\/Discerning-Leadership-Workshop-in-ASCLA-West-Conference-Ocotber-2023-4-980x737.jpg 980w, https:\/\/www.claret.org\/wp-content\/uploads\/2023\/10\/Discerning-Leadership-Workshop-in-ASCLA-West-Conference-Ocotber-2023-4-480x361.jpg 480w\" sizes=\"(min-width: 0px) and (max-width: 480px) 480px, (min-width: 481px) and (max-width: 980px) 980px, (min-width: 981px) 1024px, 100vw\" \/><\/figure>\n\n\n\n<figure class=\"wp-block-image size-large\"><img data-recalc-dims=\"1\" loading=\"lazy\" decoding=\"async\" width=\"1024\" height=\"771\" data-id=\"157207\" src=\"https:\/\/i0.wp.com\/www.claret.org\/wp-content\/uploads\/2023\/10\/Discerning-Leadership-Workshop-in-ASCLA-West-Conference-Ocotber-2023-10.jpg?resize=1024%2C771&#038;ssl=1\" alt=\"\" class=\"wp-image-157207\" title=\"\" srcset=\"https:\/\/www.claret.org\/wp-content\/uploads\/2023\/10\/Discerning-Leadership-Workshop-in-ASCLA-West-Conference-Ocotber-2023-10-980x737.jpg 980w, https:\/\/www.claret.org\/wp-content\/uploads\/2023\/10\/Discerning-Leadership-Workshop-in-ASCLA-West-Conference-Ocotber-2023-10-480x361.jpg 480w\" sizes=\"(min-width: 0px) and (max-width: 480px) 480px, (min-width: 481px) and (max-width: 980px) 980px, (min-width: 981px) 1024px, 100vw\" \/><\/figure>\n<\/figure>\n\n<p><\/p>\n\n<p><\/p>\n\n<p>Los facilitadores, el P. L. Anthony CMF (Delegaci\u00f3n de Calcuta), el P. Jaison Perumpalliolickal CMF (Delegaci\u00f3n del Noreste de la India), y el P. Michael Plamparampil CMF (Provincia de Santo Tom\u00e1s), guiaron a los participantes a trav\u00e9s de nueve m\u00f3dulos, tres de ellos impartidos en l\u00ednea y seis durante el taller presencial en Negombo.<\/p>\n\n<p>La misa inaugural, un evento espiritualmente significativo, fue presidida por el Superior Mayor de la Delegaci\u00f3n Independiente de San Jos\u00e9 Vaz, el P. Joseph Jeyaseelan CMF. El Superior General, P. Mathew Vattamattam CMF, imparti\u00f3 una sesi\u00f3n en l\u00ednea el \u00faltimo d\u00eda del taller, en la que respondi\u00f3 a las preguntas e inquietudes de los participantes.<\/p>\n\n<p>Fuente: P. Ann Roy CMF, Secretaria de la Delegaci\u00f3n Independiente de San Jos\u00e9 Vaz. <\/p>\n\n<p><\/p>\n\n<p><\/p>\n\n<figure class=\"wp-block-gallery has-nested-images columns-default is-cropped wp-block-gallery-2 is-layout-flex wp-block-gallery-is-layout-flex\">\n<figure class=\"wp-block-image size-large\"><img data-recalc-dims=\"1\" loading=\"lazy\" decoding=\"async\" width=\"1024\" height=\"770\" data-id=\"157213\" src=\"https:\/\/i0.wp.com\/www.claret.org\/wp-content\/uploads\/2023\/10\/Discerning-Leadership-Workshop-in-ASCLA-West-Conference-Ocotber-2023-5.jpg?resize=1024%2C770&#038;ssl=1\" alt=\"\" class=\"wp-image-157213\" title=\"\" srcset=\"https:\/\/www.claret.org\/wp-content\/uploads\/2023\/10\/Discerning-Leadership-Workshop-in-ASCLA-West-Conference-Ocotber-2023-5-1024x770.jpg 1024w, https:\/\/www.claret.org\/wp-content\/uploads\/2023\/10\/Discerning-Leadership-Workshop-in-ASCLA-West-Conference-Ocotber-2023-5-980x737.jpg 980w, https:\/\/www.claret.org\/wp-content\/uploads\/2023\/10\/Discerning-Leadership-Workshop-in-ASCLA-West-Conference-Ocotber-2023-5-480x361.jpg 480w\" sizes=\"(min-width: 0px) and (max-width: 480px) 480px, (min-width: 481px) and (max-width: 980px) 980px, (min-width: 981px) 1024px, 100vw\" \/><\/figure>\n\n\n\n<figure class=\"wp-block-image size-large\"><img data-recalc-dims=\"1\" loading=\"lazy\" decoding=\"async\" width=\"1024\" height=\"462\" data-id=\"157219\" src=\"https:\/\/i0.wp.com\/www.claret.org\/wp-content\/uploads\/2023\/10\/Discerning-Leadership-Workshop-in-ASCLA-West-Conference-Ocotber-2023-7.jpg?resize=1024%2C462&#038;ssl=1\" alt=\"\" class=\"wp-image-157219\" title=\"\" srcset=\"https:\/\/www.claret.org\/wp-content\/uploads\/2023\/10\/Discerning-Leadership-Workshop-in-ASCLA-West-Conference-Ocotber-2023-7-1024x462.jpg 1024w, https:\/\/www.claret.org\/wp-content\/uploads\/2023\/10\/Discerning-Leadership-Workshop-in-ASCLA-West-Conference-Ocotber-2023-7-980x442.jpg 980w, https:\/\/www.claret.org\/wp-content\/uploads\/2023\/10\/Discerning-Leadership-Workshop-in-ASCLA-West-Conference-Ocotber-2023-7-480x216.jpg 480w\" sizes=\"(min-width: 0px) and (max-width: 480px) 480px, (min-width: 481px) and (max-width: 980px) 980px, (min-width: 981px) 1024px, 100vw\" \/><\/figure>\n\n\n\n<figure class=\"wp-block-image size-large\"><img data-recalc-dims=\"1\" loading=\"lazy\" decoding=\"async\" width=\"1024\" height=\"576\" data-id=\"157225\" src=\"https:\/\/i0.wp.com\/www.claret.org\/wp-content\/uploads\/2023\/10\/Discerning-Leadership-Workshop-in-ASCLA-West-Conference-Ocotber-2023-9.jpg?resize=1024%2C576&#038;ssl=1\" alt=\"\" class=\"wp-image-157225\" title=\"\" srcset=\"https:\/\/www.claret.org\/wp-content\/uploads\/2023\/10\/Discerning-Leadership-Workshop-in-ASCLA-West-Conference-Ocotber-2023-9-980x551.jpg 980w, https:\/\/www.claret.org\/wp-content\/uploads\/2023\/10\/Discerning-Leadership-Workshop-in-ASCLA-West-Conference-Ocotber-2023-9-480x270.jpg 480w\" sizes=\"(min-width: 0px) and (max-width: 480px) 480px, (min-width: 481px) and (max-width: 980px) 980px, (min-width: 981px) 1024px, 100vw\" \/><\/figure>\n\n\n\n<figure class=\"wp-block-image size-large\"><img data-recalc-dims=\"1\" loading=\"lazy\" decoding=\"async\" width=\"1024\" height=\"768\" data-id=\"157231\" src=\"https:\/\/i0.wp.com\/www.claret.org\/wp-content\/uploads\/2023\/10\/Discerning-Leadership-Workshop-in-ASCLA-West-Conference-Ocotber-2023-12.jpg?resize=1024%2C768&#038;ssl=1\" alt=\"\" class=\"wp-image-157231\" title=\"\" srcset=\"https:\/\/www.claret.org\/wp-content\/uploads\/2023\/10\/Discerning-Leadership-Workshop-in-ASCLA-West-Conference-Ocotber-2023-12-980x735.jpg 980w, https:\/\/www.claret.org\/wp-content\/uploads\/2023\/10\/Discerning-Leadership-Workshop-in-ASCLA-West-Conference-Ocotber-2023-12-480x360.jpg 480w\" sizes=\"(min-width: 0px) and (max-width: 480px) 480px, (min-width: 481px) and (max-width: 980px) 980px, (min-width: 981px) 1024px, 100vw\" \/><\/figure>\n\n\n\n<figure class=\"wp-block-image size-large\"><img data-recalc-dims=\"1\" loading=\"lazy\" decoding=\"async\" width=\"1024\" height=\"577\" data-id=\"157237\" src=\"https:\/\/i0.wp.com\/www.claret.org\/wp-content\/uploads\/2023\/10\/Discerning-Leadership-Workshop-in-ASCLA-West-Conference-Ocotber-2023-14.jpg?resize=1024%2C577&#038;ssl=1\" alt=\"\" class=\"wp-image-157237\" title=\"\" srcset=\"https:\/\/www.claret.org\/wp-content\/uploads\/2023\/10\/Discerning-Leadership-Workshop-in-ASCLA-West-Conference-Ocotber-2023-14-1024x577.jpg 1024w, https:\/\/www.claret.org\/wp-content\/uploads\/2023\/10\/Discerning-Leadership-Workshop-in-ASCLA-West-Conference-Ocotber-2023-14-980x552.jpg 980w, https:\/\/www.claret.org\/wp-content\/uploads\/2023\/10\/Discerning-Leadership-Workshop-in-ASCLA-West-Conference-Ocotber-2023-14-480x270.jpg 480w\" sizes=\"(min-width: 0px) and (max-width: 480px) 480px, (min-width: 481px) and (max-width: 980px) 980px, (min-width: 981px) 1024px, 100vw\" \/><\/figure>\n\n\n\n<figure class=\"wp-block-image size-large\"><img data-recalc-dims=\"1\" loading=\"lazy\" decoding=\"async\" width=\"1024\" height=\"768\" data-id=\"157243\" src=\"https:\/\/i0.wp.com\/www.claret.org\/wp-content\/uploads\/2023\/10\/Discerning-Leadership-Workshop-in-ASCLA-West-Conference-Ocotber-2023-15.jpg?resize=1024%2C768&#038;ssl=1\" alt=\"\" class=\"wp-image-157243\" title=\"\" srcset=\"https:\/\/www.claret.org\/wp-content\/uploads\/2023\/10\/Discerning-Leadership-Workshop-in-ASCLA-West-Conference-Ocotber-2023-15-1024x768.jpg 1024w, https:\/\/www.claret.org\/wp-content\/uploads\/2023\/10\/Discerning-Leadership-Workshop-in-ASCLA-West-Conference-Ocotber-2023-15-980x735.jpg 980w, https:\/\/www.claret.org\/wp-content\/uploads\/2023\/10\/Discerning-Leadership-Workshop-in-ASCLA-West-Conference-Ocotber-2023-15-480x360.jpg 480w\" sizes=\"(min-width: 0px) and (max-width: 480px) 480px, (min-width: 481px) and (max-width: 980px) 980px, (min-width: 981px) 1024px, 100vw\" \/><\/figure>\n<\/figure>\n\n<p><\/p>\n","protected":false},"excerpt":{"rendered":"<p>Negombo, Sri Lanka. Los claretianos de Sri Lanka e India (ASCLA West Conference) se reunieron para un taller transformador titulado \u00abLiderazgo Claretiano de Discernimiento\u00bb del 2 al 7 de octubre de 2023, en el sereno Pastures Spirituality Center en Bolawalana, Negombo, Sri Lanka. Este taller, parte de una serie organizada en toda la Congregaci\u00f3n, ten\u00eda [&hellip;]<\/p>\n","protected":false},"author":69,"featured_media":157254,"comment_status":"closed","ping_status":"closed","sticky":false,"template":"","format":"standard","meta":{"_et_pb_use_builder":"","_et_pb_old_content":"","_et_gb_content_width":"","footnotes":""},"categories":[246,4979],"tags":[],"class_list":["post-157256","post","type-post","status-publish","format-standard","has-post-thumbnail","hentry","category-st-joseph-vaz-es","category-taller-de-liderazgo-discerniente"],"jetpack_featured_media_url":"https:\/\/i0.wp.com\/www.claret.org\/wp-content\/uploads\/2023\/10\/Discerning-Leadership-Workshop-in-ASCLA-West-Conference-Ocotber-2023-13.jpg?fit=1280%2C720&ssl=1","jetpack_sharing_enabled":true,"jetpack_shortlink":"https:\/\/wp.me\/pdaBmi-EUo","jetpack_likes_enabled":true,"_links":{"self":[{"href":"https:\/\/www.claret.org\/es\/wp-json\/wp\/v2\/posts\/157256","targetHints":{"allow":["GET"]}}],"collection":[{"href":"https:\/\/www.claret.org\/es\/wp-json\/wp\/v2\/posts"}],"about":[{"href":"https:\/\/www.claret.org\/es\/wp-json\/wp\/v2\/types\/post"}],"author":[{"embeddable":true,"href":"https:\/\/www.claret.org\/es\/wp-json\/wp\/v2\/users\/69"}],"replies":[{"embeddable":true,"href":"https:\/\/www.claret.org\/es\/wp-json\/wp\/v2\/comments?post=157256"}],"version-history":[{"count":0,"href":"https:\/\/www.claret.org\/es\/wp-json\/wp\/v2\/posts\/157256\/revisions"}],"wp:featuredmedia":[{"embeddable":true,"href":"https:\/\/www.claret.org\/es\/wp-json\/wp\/v2\/media\/157254"}],"wp:attachment":[{"href":"https:\/\/www.claret.org\/es\/wp-json\/wp\/v2\/media?parent=157256"}],"wp:term":[{"taxonomy":"category","embeddable":true,"href":"https:\/\/www.claret.org\/es\/wp-json\/wp\/v2\/categories?post=157256"},{"taxonomy":"post_tag","embeddable":true,"href":"https:\/\/www.claret.org\/es\/wp-json\/wp\/v2\/tags?post=157256"}],"curies":[{"name":"wp","href":"https:\/\/api.w.org\/{rel}","templated":true}]}}