{"id":158546,"date":"2023-10-25T11:00:00","date_gmt":"2023-10-25T09:00:00","guid":{"rendered":"https:\/\/www.claret.org\/inauguracion-del-ano-academico-del-claretianum-un-compromiso-con-la-vida-consagrada-en-tiempos-desafiantes\/"},"modified":"2023-10-30T15:48:25","modified_gmt":"2023-10-30T14:48:25","slug":"inauguracion-del-ano-academico-del-claretianum-un-compromiso-con-la-vida-consagrada-en-tiempos-desafiantes","status":"publish","type":"post","link":"https:\/\/www.claret.org\/es\/inauguracion-del-ano-academico-del-claretianum-un-compromiso-con-la-vida-consagrada-en-tiempos-desafiantes\/","title":{"rendered":"Inauguraci\u00f3n del A\u00f1o Acad\u00e9mico del Claretianum: Un Compromiso con la Vida Consagrada en Tiempos Desafiantes"},"content":{"rendered":"\n<p class=\"has-drop-cap\"><p><b>Roma, Italia. <\/b><span style=\"font-weight: 400;\">En un mundo marcado por conflictos y desaf\u00edos, el Pontificio Instituto de Teolog\u00eda de la Vida Consagrada, Claretianum, inaugur\u00f3 su 52\u00ba a\u00f1o acad\u00e9mico el lunes 23 de octubre de 2023, reafirmando su compromiso con la formaci\u00f3n teol\u00f3gica y espiritual.<\/span><\/p><\/p>\n\n<p>La jornada comenz\u00f3 con una solemne Eucarist\u00eda en la Bas\u00edlica Parroquial Nuestra Se\u00f1ora de Guadalupe y San Felipe M\u00e1rtir, invocando la gu\u00eda del Esp\u00edritu Santo. Presidi\u00f3 la celebraci\u00f3n el Superior General, el P. Mathew Vattamattam, CMF, quien en su homil\u00eda reflexion\u00f3 sobre los retos actuales: los conflictos globales, el S\u00ednodo de la Sinodalidad de la Iglesia y la preparaci\u00f3n para el 175\u00ba aniversario de la fundaci\u00f3n de la Congregaci\u00f3n. Destac\u00f3 la relevancia de la misi\u00f3n de los institutos de vida consagrada y agradeci\u00f3 la labor formativa del Claretianum.<\/p>\n\n<p><\/p>\n\n<p><\/p>\n\n<figure class=\"wp-block-gallery has-nested-images columns-2 is-cropped wp-block-gallery-1 is-layout-flex wp-block-gallery-is-layout-flex\">\n<figure class=\"wp-block-image size-large\"><img data-recalc-dims=\"1\" loading=\"lazy\" decoding=\"async\" width=\"1024\" height=\"576\" data-id=\"158485\" src=\"https:\/\/i0.wp.com\/www.claret.org\/wp-content\/uploads\/2023\/10\/Claretianum-Inaguration-2023-12.png?resize=1024%2C576&#038;ssl=1\" alt=\"\" class=\"wp-image-158485\" title=\"\" srcset=\"https:\/\/www.claret.org\/wp-content\/uploads\/2023\/10\/Claretianum-Inaguration-2023-12-980x551.png 980w, https:\/\/www.claret.org\/wp-content\/uploads\/2023\/10\/Claretianum-Inaguration-2023-12-480x270.png 480w\" sizes=\"(min-width: 0px) and (max-width: 480px) 480px, (min-width: 481px) and (max-width: 980px) 980px, (min-width: 981px) 1024px, 100vw\" \/><\/figure>\n\n\n\n<figure class=\"wp-block-image size-large\"><img data-recalc-dims=\"1\" loading=\"lazy\" decoding=\"async\" width=\"1024\" height=\"576\" data-id=\"158479\" src=\"https:\/\/i0.wp.com\/www.claret.org\/wp-content\/uploads\/2023\/10\/Claretianum-Inaguration-2023-13.png?resize=1024%2C576&#038;ssl=1\" alt=\"\" class=\"wp-image-158479\" title=\"\" srcset=\"https:\/\/www.claret.org\/wp-content\/uploads\/2023\/10\/Claretianum-Inaguration-2023-13-980x551.png 980w, https:\/\/www.claret.org\/wp-content\/uploads\/2023\/10\/Claretianum-Inaguration-2023-13-480x270.png 480w\" sizes=\"(min-width: 0px) and (max-width: 480px) 480px, (min-width: 481px) and (max-width: 980px) 980px, (min-width: 981px) 1024px, 100vw\" \/><\/figure>\n\n\n\n<figure class=\"wp-block-image size-large\"><img data-recalc-dims=\"1\" loading=\"lazy\" decoding=\"async\" width=\"1024\" height=\"576\" data-id=\"158491\" src=\"https:\/\/i0.wp.com\/www.claret.org\/wp-content\/uploads\/2023\/10\/Claretianum-Inaguration-2023-15.png?resize=1024%2C576&#038;ssl=1\" alt=\"\" class=\"wp-image-158491\" title=\"\" srcset=\"https:\/\/www.claret.org\/wp-content\/uploads\/2023\/10\/Claretianum-Inaguration-2023-15-980x551.png 980w, https:\/\/www.claret.org\/wp-content\/uploads\/2023\/10\/Claretianum-Inaguration-2023-15-480x270.png 480w\" sizes=\"(min-width: 0px) and (max-width: 480px) 480px, (min-width: 481px) and (max-width: 980px) 980px, (min-width: 981px) 1024px, 100vw\" \/><\/figure>\n\n\n\n<figure class=\"wp-block-image size-large\"><img data-recalc-dims=\"1\" loading=\"lazy\" decoding=\"async\" width=\"1024\" height=\"576\" data-id=\"158497\" src=\"https:\/\/i0.wp.com\/www.claret.org\/wp-content\/uploads\/2023\/10\/Claretianum-Inaguration-2023-16.png?resize=1024%2C576&#038;ssl=1\" alt=\"\" class=\"wp-image-158497\" title=\"\" srcset=\"https:\/\/www.claret.org\/wp-content\/uploads\/2023\/10\/Claretianum-Inaguration-2023-16-980x551.png 980w, https:\/\/www.claret.org\/wp-content\/uploads\/2023\/10\/Claretianum-Inaguration-2023-16-480x270.png 480w\" sizes=\"(min-width: 0px) and (max-width: 480px) 480px, (min-width: 481px) and (max-width: 980px) 980px, (min-width: 981px) 1024px, 100vw\" \/><\/figure>\n<\/figure>\n\n<p><\/p>\n\n<p><\/p>\n\n<p>El evento continu\u00f3 en el Aula Magna del Instituto, donde el Rector Magn\u00edfico de la Pontificia Universidad Lateranense, S. E. Mons. Alfonso Vincenzo Amarante, CSsR, ofreci\u00f3 unas palabras de bienvenida. El Padre Ricardo Volo, CMF, secretario del Instituto, present\u00f3 un informe sobre las actividades y la demograf\u00eda estudiantil.<\/p>\n\n<p><p><span style=\"font-weight: 400;\">La lecci\u00f3n inaugural fue impartida por el Prof. Bernardo Molina, OFMCap, quien explor\u00f3 la \u00abfisonom\u00eda carism\u00e1tica de la Regla de vida de los Frailes Menores\u00bb. Este tema fue elegido para conmemorar el octavo centenario de la bula \u00abSolet annuere\u00bb (29 de noviembre de 1223) del Papa Honorio III, que aprob\u00f3 la Regla de los Frailes Menores, marcando un hito en la historia de la vida consagrada.<\/span><\/p><\/p>\n\n<p>El evento culmin\u00f3 con un encuentro fraterno, donde los asistentes compartieron sus esperanzas y buenos deseos para un a\u00f1o acad\u00e9mico 2023-2024 lleno de frutos y aprendizajes.<\/p>\n\n<p><\/p>\n\n<p><\/p>\n\n<figure class=\"wp-block-gallery has-nested-images columns-default is-cropped wp-block-gallery-2 is-layout-flex wp-block-gallery-is-layout-flex\">\n<figure class=\"wp-block-image size-large\"><img data-recalc-dims=\"1\" loading=\"lazy\" decoding=\"async\" width=\"1024\" height=\"576\" data-id=\"158503\" src=\"https:\/\/i0.wp.com\/www.claret.org\/wp-content\/uploads\/2023\/10\/Claretianum-Inaguration-2023-1.png?resize=1024%2C576&#038;ssl=1\" alt=\"\" class=\"wp-image-158503\" title=\"\" srcset=\"https:\/\/www.claret.org\/wp-content\/uploads\/2023\/10\/Claretianum-Inaguration-2023-1-980x551.png 980w, https:\/\/www.claret.org\/wp-content\/uploads\/2023\/10\/Claretianum-Inaguration-2023-1-480x270.png 480w\" sizes=\"(min-width: 0px) and (max-width: 480px) 480px, (min-width: 481px) and (max-width: 980px) 980px, (min-width: 981px) 1024px, 100vw\" \/><\/figure>\n\n\n\n<figure class=\"wp-block-image size-large\"><img data-recalc-dims=\"1\" loading=\"lazy\" decoding=\"async\" width=\"1024\" height=\"576\" data-id=\"158515\" src=\"https:\/\/i0.wp.com\/www.claret.org\/wp-content\/uploads\/2023\/10\/Claretianum-Inaguration-2023-8.png?resize=1024%2C576&#038;ssl=1\" alt=\"\" class=\"wp-image-158515\" title=\"\" srcset=\"https:\/\/www.claret.org\/wp-content\/uploads\/2023\/10\/Claretianum-Inaguration-2023-8-980x551.png 980w, https:\/\/www.claret.org\/wp-content\/uploads\/2023\/10\/Claretianum-Inaguration-2023-8-480x270.png 480w\" sizes=\"(min-width: 0px) and (max-width: 480px) 480px, (min-width: 481px) and (max-width: 980px) 980px, (min-width: 981px) 1024px, 100vw\" \/><\/figure>\n\n\n\n<figure class=\"wp-block-image size-large\"><img data-recalc-dims=\"1\" loading=\"lazy\" decoding=\"async\" width=\"1024\" height=\"576\" data-id=\"158509\" src=\"https:\/\/i0.wp.com\/www.claret.org\/wp-content\/uploads\/2023\/10\/Claretianum-Inaguration-2023-4.png?resize=1024%2C576&#038;ssl=1\" alt=\"\" class=\"wp-image-158509\" title=\"\" srcset=\"https:\/\/www.claret.org\/wp-content\/uploads\/2023\/10\/Claretianum-Inaguration-2023-4-980x551.png 980w, https:\/\/www.claret.org\/wp-content\/uploads\/2023\/10\/Claretianum-Inaguration-2023-4-480x270.png 480w\" sizes=\"(min-width: 0px) and (max-width: 480px) 480px, (min-width: 481px) and (max-width: 980px) 980px, (min-width: 981px) 1024px, 100vw\" \/><\/figure>\n\n\n\n<figure class=\"wp-block-image size-large\"><img data-recalc-dims=\"1\" loading=\"lazy\" decoding=\"async\" width=\"1024\" height=\"576\" data-id=\"158527\" src=\"https:\/\/i0.wp.com\/www.claret.org\/wp-content\/uploads\/2023\/10\/Claretianum-Inaguration-2023-9.png?resize=1024%2C576&#038;ssl=1\" alt=\"\" class=\"wp-image-158527\" title=\"\" srcset=\"https:\/\/www.claret.org\/wp-content\/uploads\/2023\/10\/Claretianum-Inaguration-2023-9-980x551.png 980w, https:\/\/www.claret.org\/wp-content\/uploads\/2023\/10\/Claretianum-Inaguration-2023-9-480x270.png 480w\" sizes=\"(min-width: 0px) and (max-width: 480px) 480px, (min-width: 481px) and (max-width: 980px) 980px, (min-width: 981px) 1024px, 100vw\" \/><\/figure>\n\n\n\n<figure class=\"wp-block-image size-large\"><img data-recalc-dims=\"1\" loading=\"lazy\" decoding=\"async\" width=\"1024\" height=\"576\" data-id=\"158533\" src=\"https:\/\/i0.wp.com\/www.claret.org\/wp-content\/uploads\/2023\/10\/Claretianum-Inaguration-2023-11.png?resize=1024%2C576&#038;ssl=1\" alt=\"\" class=\"wp-image-158533\" title=\"\" srcset=\"https:\/\/www.claret.org\/wp-content\/uploads\/2023\/10\/Claretianum-Inaguration-2023-11-980x551.png 980w, https:\/\/www.claret.org\/wp-content\/uploads\/2023\/10\/Claretianum-Inaguration-2023-11-480x270.png 480w\" sizes=\"(min-width: 0px) and (max-width: 480px) 480px, (min-width: 481px) and (max-width: 980px) 980px, (min-width: 981px) 1024px, 100vw\" \/><\/figure>\n\n\n\n<figure class=\"wp-block-image size-large\"><img data-recalc-dims=\"1\" loading=\"lazy\" decoding=\"async\" width=\"1024\" height=\"576\" data-id=\"158521\" src=\"https:\/\/i0.wp.com\/www.claret.org\/wp-content\/uploads\/2023\/10\/Claretianum-Inaguration-2023-10.png?resize=1024%2C576&#038;ssl=1\" alt=\"\" class=\"wp-image-158521\" title=\"\" srcset=\"https:\/\/www.claret.org\/wp-content\/uploads\/2023\/10\/Claretianum-Inaguration-2023-10-980x551.png 980w, https:\/\/www.claret.org\/wp-content\/uploads\/2023\/10\/Claretianum-Inaguration-2023-10-480x270.png 480w\" sizes=\"(min-width: 0px) and (max-width: 480px) 480px, (min-width: 481px) and (max-width: 980px) 980px, (min-width: 981px) 1024px, 100vw\" \/><\/figure>\n<\/figure>\n","protected":false},"excerpt":{"rendered":"<p>Roma, Italia. En un mundo marcado por conflictos y desaf\u00edos, el Pontificio Instituto de Teolog\u00eda de la Vida Consagrada, Claretianum, inaugur\u00f3 su 52\u00ba a\u00f1o acad\u00e9mico el lunes 23 de octubre de 2023, reafirmando su compromiso con la formaci\u00f3n teol\u00f3gica y espiritual. La jornada comenz\u00f3 con una solemne Eucarist\u00eda en la Bas\u00edlica Parroquial Nuestra Se\u00f1ora de [&hellip;]<\/p>\n","protected":false},"author":69,"featured_media":158544,"comment_status":"closed","ping_status":"closed","sticky":false,"template":"","format":"standard","meta":{"_et_pb_use_builder":"","_et_pb_old_content":"","_et_gb_content_width":"","footnotes":""},"categories":[346,417],"tags":[],"class_list":["post-158546","post","type-post","status-publish","format-standard","has-post-thumbnail","hentry","category-claretianum-es","category-vida-consagrada"],"jetpack_featured_media_url":"https:\/\/i0.wp.com\/www.claret.org\/wp-content\/uploads\/2023\/10\/vlcsnap-2023-10-30-15h36m45s797.png?fit=1920%2C1080&ssl=1","jetpack_sharing_enabled":true,"jetpack_shortlink":"https:\/\/wp.me\/pdaBmi-Ffc","jetpack_likes_enabled":true,"_links":{"self":[{"href":"https:\/\/www.claret.org\/es\/wp-json\/wp\/v2\/posts\/158546","targetHints":{"allow":["GET"]}}],"collection":[{"href":"https:\/\/www.claret.org\/es\/wp-json\/wp\/v2\/posts"}],"about":[{"href":"https:\/\/www.claret.org\/es\/wp-json\/wp\/v2\/types\/post"}],"author":[{"embeddable":true,"href":"https:\/\/www.claret.org\/es\/wp-json\/wp\/v2\/users\/69"}],"replies":[{"embeddable":true,"href":"https:\/\/www.claret.org\/es\/wp-json\/wp\/v2\/comments?post=158546"}],"version-history":[{"count":0,"href":"https:\/\/www.claret.org\/es\/wp-json\/wp\/v2\/posts\/158546\/revisions"}],"wp:featuredmedia":[{"embeddable":true,"href":"https:\/\/www.claret.org\/es\/wp-json\/wp\/v2\/media\/158544"}],"wp:attachment":[{"href":"https:\/\/www.claret.org\/es\/wp-json\/wp\/v2\/media?parent=158546"}],"wp:term":[{"taxonomy":"category","embeddable":true,"href":"https:\/\/www.claret.org\/es\/wp-json\/wp\/v2\/categories?post=158546"},{"taxonomy":"post_tag","embeddable":true,"href":"https:\/\/www.claret.org\/es\/wp-json\/wp\/v2\/tags?post=158546"}],"curies":[{"name":"wp","href":"https:\/\/api.w.org\/{rel}","templated":true}]}}