{"id":160426,"date":"2023-12-13T15:50:21","date_gmt":"2023-12-13T14:50:21","guid":{"rendered":"https:\/\/www.claret.org\/mons-gustavo-manuel-larrazabal-cmf-nuevo-obispo-de-la-diocesis-de-mar-de-plata\/"},"modified":"2023-12-13T15:58:23","modified_gmt":"2023-12-13T14:58:23","slug":"mons-gustavo-manuel-larrazabal-cmf-nuevo-obispo-de-la-diocesis-de-mar-de-plata","status":"publish","type":"post","link":"https:\/\/www.claret.org\/es\/mons-gustavo-manuel-larrazabal-cmf-nuevo-obispo-de-la-diocesis-de-mar-de-plata\/","title":{"rendered":"Mons. Gustavo Manuel Larraz\u00e1bal, CMF, Nuevo Obispo de la Di\u00f3cesis de Mar de Plata"},"content":{"rendered":"\n<p><strong>Buenos Aires, Argentina.<\/strong> El 13 de diciembre de 2023, el Papa Francisco acept\u00f3 la renuncia de monse\u00f1or Jos\u00e9 Mar\u00eda Bali\u00f1a, recientemente elegido obispo de Mar del Plata. El Papa nombr\u00f3 a Monse\u00f1or Gustavo Manuel Larraz\u00e1bal CMF, de 62 a\u00f1os, obispo titular de Buslacena y obispo auxiliar de San Juan de Cuyo, como nuevo obispo de la di\u00f3cesis de Mar del Plata.<\/p>\n\n<p>El 26 de marzo de 2022, Mons. Larraz\u00e1bal fue nombrado obispo titular de Buslacena y auxiliar de San Juan de Cuyo. Recibi\u00f3 su ordenaci\u00f3n episcopal el 18 de junio de 2022, en el Estadio UPCN V\u00f3ley de la capital de San Juan, de manos del arzobispo local, monse\u00f1or Jorge Eduardo Lozano.<\/p>\n\n<p><strong>M\u00e1s sobre Mons. Larraz\u00e1bal:<\/strong><\/p>\n\n<p><a href=\"\/? p=115261\" target=\"_blank\" rel=\"noreferrer noopener\">Rev. Padre Gustavo Manuel Larraz\u00e1bal, C.M.F. Nombrado Obispo Auxiliar de la Arquidi\u00f3cesis de San Juan de Cuyo<\/a><\/p>\n\n<p><a href=\"\/\/? p=123987\" target=\"_blank\" rel=\"noreferrer noopener\">Ordenaci\u00f3n episcopal: Mons. Gustavo Manuel Larraz\u00e1bal, CMF, elegido, consagrado, determinado a adorar, caminar y acompa\u00f1ar al Pueblo de Dios<\/a><\/p>\n","protected":false},"excerpt":{"rendered":"<p>El Papa Francisco nombr\u00f3 a Mons. Gustavo Manuel Larraz\u00e1bal, CMF, como nuevo obispo de la di\u00f3cesis de Mar del Plata en Argentina el 13 de diciembre de 2023.<\/p>\n","protected":false},"author":2,"featured_media":124029,"comment_status":"closed","ping_status":"closed","sticky":false,"template":"","format":"standard","meta":{"_et_pb_use_builder":"","_et_pb_old_content":"","_et_gb_content_width":"","footnotes":""},"categories":[566,504],"tags":[],"class_list":["post-160426","post","type-post","status-publish","format-standard","has-post-thumbnail","hentry","category-cardenales-y-obispos","category-noticias-eclesiales"],"jetpack_featured_media_url":"https:\/\/i0.wp.com\/www.claret.org\/wp-content\/uploads\/2022\/06\/SJ-20220618-Episcopal-Ordination-of-Larrazabal-13.png?fit=1364%2C785&ssl=1","jetpack_sharing_enabled":true,"jetpack_shortlink":"https:\/\/wp.me\/pdaBmi-FJw","jetpack_likes_enabled":true,"_links":{"self":[{"href":"https:\/\/www.claret.org\/es\/wp-json\/wp\/v2\/posts\/160426","targetHints":{"allow":["GET"]}}],"collection":[{"href":"https:\/\/www.claret.org\/es\/wp-json\/wp\/v2\/posts"}],"about":[{"href":"https:\/\/www.claret.org\/es\/wp-json\/wp\/v2\/types\/post"}],"author":[{"embeddable":true,"href":"https:\/\/www.claret.org\/es\/wp-json\/wp\/v2\/users\/2"}],"replies":[{"embeddable":true,"href":"https:\/\/www.claret.org\/es\/wp-json\/wp\/v2\/comments?post=160426"}],"version-history":[{"count":0,"href":"https:\/\/www.claret.org\/es\/wp-json\/wp\/v2\/posts\/160426\/revisions"}],"wp:featuredmedia":[{"embeddable":true,"href":"https:\/\/www.claret.org\/es\/wp-json\/wp\/v2\/media\/124029"}],"wp:attachment":[{"href":"https:\/\/www.claret.org\/es\/wp-json\/wp\/v2\/media?parent=160426"}],"wp:term":[{"taxonomy":"category","embeddable":true,"href":"https:\/\/www.claret.org\/es\/wp-json\/wp\/v2\/categories?post=160426"},{"taxonomy":"post_tag","embeddable":true,"href":"https:\/\/www.claret.org\/es\/wp-json\/wp\/v2\/tags?post=160426"}],"curies":[{"name":"wp","href":"https:\/\/api.w.org\/{rel}","templated":true}]}}