{"id":160902,"date":"2023-12-31T18:34:41","date_gmt":"2023-12-31T17:34:41","guid":{"rendered":"https:\/\/www.claret.org\/estoy-entre-vosotros-como-el-que-sirve-ordenacion-de-un-claretiano-del-circulo-polar-artico\/"},"modified":"2023-12-31T18:51:30","modified_gmt":"2023-12-31T17:51:30","slug":"estoy-entre-vosotros-como-el-que-sirve-ordenacion-del-claretiano-del-circulo-polar-artico","status":"publish","type":"post","link":"https:\/\/www.claret.org\/es\/estoy-entre-vosotros-como-el-que-sirve-ordenacion-del-claretiano-del-circulo-polar-artico\/","title":{"rendered":"Estoy entre vosotros como el que sirve. Ordenaci\u00f3n de un claretiano del C\u00edrculo polar \u00e1rtico"},"content":{"rendered":"\n<p><strong>San Petersburgo, Rusia.<\/strong> El ruso claretiano P. Malov Denis Dmitriyevich, CMF, fue ordenado sacerdote el 16 de diciembre de 2023, en la Catedral de la Asunci\u00f3n en San Petersburgo, Rusia. El obispo Nicolai Gennadevich Dubinin, O.F.M. Conv., el obispo auxiliar de Madre di Dio a Mosca (Mosc\u00fa) y obispo titular de Aquae en Byzacena, le confiri\u00f3 la orden.<\/p>\n\n<p>Los d\u00edas previos al 16 de diciembre, d\u00eda de la ordenaci\u00f3n, fueron llegando desde lejos, no sin dificultades por la situaci\u00f3n actual en Rusia, el superior provincial, P. Adolfo Lamata Muyo, cmf, y el prefecto de apostolado de la provincia de Santiago, P. Luis Arribas Estebaranz, cmf, y el superior local de la comunidad de San Petersburgo, Mariano\u00a0Sedano, cmf. Los claretianos de Siberia tambi\u00e9n estuvieron presentes ese d\u00eda a trav\u00e9s de la presencia del polaco P. Marcin Dragan, CMF, de la comunidad Obschina Klaretinov &#8211; Bratsk en Siberia, a unos 1000 kil\u00f3metros al este de Krasnoyarsk. La familia y amigos del P. Dennis estuvieron presentes, as\u00ed como los feligreses que vinieron desde la parroquia de St. Michael en Murmansk.<\/p>\n\n<p><\/p>\n\n<figure class=\"wp-block-gallery has-nested-images columns-default is-cropped wp-block-gallery-1 is-layout-flex wp-block-gallery-is-layout-flex\">\n<figure class=\"wp-block-image size-large\"><img data-recalc-dims=\"1\" loading=\"lazy\" decoding=\"async\" width=\"1080\" height=\"1620\" data-id=\"160871\" src=\"https:\/\/i0.wp.com\/www.claret.org\/wp-content\/uploads\/2023\/12\/SA-20231216-Ordenacion-de-Malov-Denis-Dmitriyevich-9.jpg?resize=1080%2C1620&#038;ssl=1\" alt=\"\" class=\"wp-image-160871\" title=\"\" srcset=\"https:\/\/www.claret.org\/wp-content\/uploads\/2023\/12\/SA-20231216-Ordenacion-de-Malov-Denis-Dmitriyevich-9.jpg 1080w, https:\/\/www.claret.org\/wp-content\/uploads\/2023\/12\/SA-20231216-Ordenacion-de-Malov-Denis-Dmitriyevich-9-980x1470.jpg 980w, https:\/\/www.claret.org\/wp-content\/uploads\/2023\/12\/SA-20231216-Ordenacion-de-Malov-Denis-Dmitriyevich-9-480x720.jpg 480w\" sizes=\"(min-width: 0px) and (max-width: 480px) 480px, (min-width: 481px) and (max-width: 980px) 980px, (min-width: 981px) 1080px, 100vw\" \/><\/figure>\n\n\n\n<figure class=\"wp-block-image size-large\"><img data-recalc-dims=\"1\" loading=\"lazy\" decoding=\"async\" width=\"1080\" height=\"1385\" data-id=\"160865\" src=\"https:\/\/i0.wp.com\/www.claret.org\/wp-content\/uploads\/2023\/12\/SA-20231216-Ordenacion-de-Malov-Denis-Dmitriyevich-4.jpg?resize=1080%2C1385&#038;ssl=1\" alt=\"\" class=\"wp-image-160865\" title=\"\" srcset=\"https:\/\/www.claret.org\/wp-content\/uploads\/2023\/12\/SA-20231216-Ordenacion-de-Malov-Denis-Dmitriyevich-4.jpg 1080w, https:\/\/www.claret.org\/wp-content\/uploads\/2023\/12\/SA-20231216-Ordenacion-de-Malov-Denis-Dmitriyevich-4-980x1257.jpg 980w, https:\/\/www.claret.org\/wp-content\/uploads\/2023\/12\/SA-20231216-Ordenacion-de-Malov-Denis-Dmitriyevich-4-480x616.jpg 480w\" sizes=\"(min-width: 0px) and (max-width: 480px) 480px, (min-width: 481px) and (max-width: 980px) 980px, (min-width: 981px) 1080px, 100vw\" \/><\/figure>\n\n\n\n<figure class=\"wp-block-image size-large\"><img data-recalc-dims=\"1\" loading=\"lazy\" decoding=\"async\" width=\"1080\" height=\"1166\" data-id=\"160877\" src=\"https:\/\/i0.wp.com\/www.claret.org\/wp-content\/uploads\/2023\/12\/SA-20231216-Ordenacion-de-Malov-Denis-Dmitriyevich-6.jpg?resize=1080%2C1166&#038;ssl=1\" alt=\"\" class=\"wp-image-160877\" title=\"\" srcset=\"https:\/\/www.claret.org\/wp-content\/uploads\/2023\/12\/SA-20231216-Ordenacion-de-Malov-Denis-Dmitriyevich-6.jpg 1080w, https:\/\/www.claret.org\/wp-content\/uploads\/2023\/12\/SA-20231216-Ordenacion-de-Malov-Denis-Dmitriyevich-6-980x1058.jpg 980w, https:\/\/www.claret.org\/wp-content\/uploads\/2023\/12\/SA-20231216-Ordenacion-de-Malov-Denis-Dmitriyevich-6-480x518.jpg 480w\" sizes=\"(min-width: 0px) and (max-width: 480px) 480px, (min-width: 481px) and (max-width: 980px) 980px, (min-width: 981px) 1080px, 100vw\" \/><\/figure>\n\n\n\n<figure class=\"wp-block-image size-large\"><img data-recalc-dims=\"1\" loading=\"lazy\" decoding=\"async\" width=\"1080\" height=\"720\" data-id=\"160883\" src=\"https:\/\/i0.wp.com\/www.claret.org\/wp-content\/uploads\/2023\/12\/SA-20231216-Ordenacion-de-Malov-Denis-Dmitriyevich-5.jpg?resize=1080%2C720&#038;ssl=1\" alt=\"\" class=\"wp-image-160883\" title=\"\" srcset=\"https:\/\/www.claret.org\/wp-content\/uploads\/2023\/12\/SA-20231216-Ordenacion-de-Malov-Denis-Dmitriyevich-5.jpg 1080w, https:\/\/www.claret.org\/wp-content\/uploads\/2023\/12\/SA-20231216-Ordenacion-de-Malov-Denis-Dmitriyevich-5-980x653.jpg 980w, https:\/\/www.claret.org\/wp-content\/uploads\/2023\/12\/SA-20231216-Ordenacion-de-Malov-Denis-Dmitriyevich-5-480x320.jpg 480w\" sizes=\"(min-width: 0px) and (max-width: 480px) 480px, (min-width: 481px) and (max-width: 980px) 980px, (min-width: 981px) 1080px, 100vw\" \/><\/figure>\n<\/figure>\n\n<p><\/p>\n\n<p>En las semanas previas, Denis junto con los seminaristas del Seminario interdiocesano Mar\u00eda Reina de los Ap\u00f3stoles, hab\u00edan preparado con especial esmero todos los detalles de la celebraci\u00f3n, que result\u00f3 muy digna, sin perder la emotividad propia de un evento como \u00e9ste. Alg\u00fan detalle significativo fue la imposici\u00f3n de la casulla por parte del P, Provincial. Adolfo Lamata, regalo de la comunidad parroquial de Murmansk y de la comunidad claretiana de san Petersburgo. La \u201cofrenda del pueblo santo de Dios\u201d en forma de c\u00e1liz y patena que Denis ya sacerdote recibi\u00f3, le fue entregada al Obispo por la madre del neopresb\u00edtero y uno de sus hermanos.<\/p>\n\n<p>Al terminar la celebraci\u00f3n, el Obispo cedi\u00f3 la palabra al P. Provincial, quien resalt\u00f3 la profunda alegr\u00eda de toda la Provincia de Santiago al celebrar la culminaci\u00f3n de la etapa de formaci\u00f3n inicial de Denis, llamado a servir a la Iglesia en nuestra familia claretiana gracias a la presencia de la Congregaci\u00f3n en el territorio del Norte Polar desde hace casi 25 a\u00f1os. Dese\u00f3 a Denis que el testimonio de la alegr\u00eda misionera en el servicio al Pueblo de Dios fuese siempre su cualidad m\u00e1s activa. <\/p>\n\n<p>Durante su discurso de agradecimiento, el P. Denis dijo:<\/p>\n\n<blockquote class=\"wp-block-quote is-layout-flow wp-block-quote-is-layout-flow\">\n<p>Por favor, rezad por m\u00ed, para que en mi ministerio sacerdotal pueda ser parte de vosotros. Porque soy parte de este pueblo. \u00abEstoy entre vosotros como el que sirve\u00bb. Estoy aqu\u00ed para vosotros. Dios quiera que os sea \u00fatil\u00bb.<\/p>\n<\/blockquote>\n\n<p>Por \u00faltimo tom\u00f3 la palabra Rita, la madre de Denis, quien dijo que Dios hab\u00eda bendecido a su familia al elegir entre sus miembros a un ministro para el servicio eclesial. Tambi\u00e9n dio gracias a Dios por los misioneros claretianos que no tuvieron miedo a las duras condiciones del C\u00edrculo Polar \u00c1rtico y vinieron a servir al pueblo de Dios a Murmansk. <\/p>\n\n<blockquote class=\"wp-block-quote is-layout-flow wp-block-quote-is-layout-flow\">\n<p>\u00abCreo y espero que en la persona de mi hijo la Iglesia haya encontrado un digno sucesor de la obra de San Antonio Mar\u00eda Claret y los santos ap\u00f3stoles, un pastor para quien el amor a Dios y al pr\u00f3jimo no sea un conjunto de palabras altisonantes, sino abnegaci\u00f3n expresada en acciones cotidianas de servicio\u00bb. <\/p>\n<\/blockquote>\n\n<p>Tambi\u00e9n ley\u00f3 una felicitaci\u00f3n en nombre de la comunidad parroquial a Den\u00eds, que se sent\u00eda feliz de ver a uno de sus hijos puesto al servicio de los dem\u00e1s hermanos en la fe.<\/p>\n\n<p><\/p>\n\n<figure class=\"wp-block-gallery has-nested-images columns-default is-cropped wp-block-gallery-2 is-layout-flex wp-block-gallery-is-layout-flex\">\n<figure class=\"wp-block-image size-large\"><img data-recalc-dims=\"1\" loading=\"lazy\" decoding=\"async\" width=\"1080\" height=\"720\" data-id=\"160889\" src=\"https:\/\/i0.wp.com\/www.claret.org\/wp-content\/uploads\/2023\/12\/SA-20231216-Ordenacion-de-Malov-Denis-Dmitriyevich-7.jpg?resize=1080%2C720&#038;ssl=1\" alt=\"\" class=\"wp-image-160889\" title=\"\" srcset=\"https:\/\/www.claret.org\/wp-content\/uploads\/2023\/12\/SA-20231216-Ordenacion-de-Malov-Denis-Dmitriyevich-7.jpg 1080w, https:\/\/www.claret.org\/wp-content\/uploads\/2023\/12\/SA-20231216-Ordenacion-de-Malov-Denis-Dmitriyevich-7-980x653.jpg 980w, https:\/\/www.claret.org\/wp-content\/uploads\/2023\/12\/SA-20231216-Ordenacion-de-Malov-Denis-Dmitriyevich-7-480x320.jpg 480w\" sizes=\"(min-width: 0px) and (max-width: 480px) 480px, (min-width: 481px) and (max-width: 980px) 980px, (min-width: 981px) 1080px, 100vw\" \/><\/figure>\n\n\n\n<figure class=\"wp-block-image size-large\"><img data-recalc-dims=\"1\" loading=\"lazy\" decoding=\"async\" width=\"1080\" height=\"735\" data-id=\"160895\" src=\"https:\/\/i0.wp.com\/www.claret.org\/wp-content\/uploads\/2023\/12\/SA-20231216-Ordenacion-de-Malov-Denis-Dmitriyevich-8.jpg?resize=1080%2C735&#038;ssl=1\" alt=\"\" class=\"wp-image-160895\" title=\"\" srcset=\"https:\/\/www.claret.org\/wp-content\/uploads\/2023\/12\/SA-20231216-Ordenacion-de-Malov-Denis-Dmitriyevich-8.jpg 1080w, https:\/\/www.claret.org\/wp-content\/uploads\/2023\/12\/SA-20231216-Ordenacion-de-Malov-Denis-Dmitriyevich-8-980x667.jpg 980w, https:\/\/www.claret.org\/wp-content\/uploads\/2023\/12\/SA-20231216-Ordenacion-de-Malov-Denis-Dmitriyevich-8-480x327.jpg 480w\" sizes=\"(min-width: 0px) and (max-width: 480px) 480px, (min-width: 481px) and (max-width: 980px) 980px, (min-width: 981px) 1080px, 100vw\" \/><\/figure>\n<\/figure>\n\n<p><\/p>\n","protected":false},"excerpt":{"rendered":"<p>El ruso claretiano P. Malov Denis Dmitriyevich, CMF, fue ordenado sacerdote el 16 de diciembre de 2023, en la Catedral de la Asunci\u00f3n de San Petersburgo por el obispo Nicolai Gennadevich Dubinin, O.F.M. Conv.<\/p>\n","protected":false},"author":2,"featured_media":160864,"comment_status":"closed","ping_status":"closed","sticky":false,"template":"","format":"standard","meta":{"_et_pb_use_builder":"","_et_pb_old_content":"","_et_gb_content_width":"","footnotes":""},"categories":[573,341],"tags":[],"class_list":["post-160902","post","type-post","status-publish","format-standard","has-post-thumbnail","hentry","category-ordenaciones","category-santiago-es"],"jetpack_featured_media_url":"https:\/\/i0.wp.com\/www.claret.org\/wp-content\/uploads\/2023\/12\/SA-20231216-Ordenacion-de-Malov-Denis-Dmitriyevich-1.jpg?fit=1080%2C720&ssl=1","jetpack_sharing_enabled":true,"jetpack_shortlink":"https:\/\/wp.me\/pdaBmi-FRc","jetpack_likes_enabled":true,"_links":{"self":[{"href":"https:\/\/www.claret.org\/es\/wp-json\/wp\/v2\/posts\/160902","targetHints":{"allow":["GET"]}}],"collection":[{"href":"https:\/\/www.claret.org\/es\/wp-json\/wp\/v2\/posts"}],"about":[{"href":"https:\/\/www.claret.org\/es\/wp-json\/wp\/v2\/types\/post"}],"author":[{"embeddable":true,"href":"https:\/\/www.claret.org\/es\/wp-json\/wp\/v2\/users\/2"}],"replies":[{"embeddable":true,"href":"https:\/\/www.claret.org\/es\/wp-json\/wp\/v2\/comments?post=160902"}],"version-history":[{"count":0,"href":"https:\/\/www.claret.org\/es\/wp-json\/wp\/v2\/posts\/160902\/revisions"}],"wp:featuredmedia":[{"embeddable":true,"href":"https:\/\/www.claret.org\/es\/wp-json\/wp\/v2\/media\/160864"}],"wp:attachment":[{"href":"https:\/\/www.claret.org\/es\/wp-json\/wp\/v2\/media?parent=160902"}],"wp:term":[{"taxonomy":"category","embeddable":true,"href":"https:\/\/www.claret.org\/es\/wp-json\/wp\/v2\/categories?post=160902"},{"taxonomy":"post_tag","embeddable":true,"href":"https:\/\/www.claret.org\/es\/wp-json\/wp\/v2\/tags?post=160902"}],"curies":[{"name":"wp","href":"https:\/\/api.w.org\/{rel}","templated":true}]}}