{"id":163121,"date":"2024-02-08T19:05:22","date_gmt":"2024-02-08T18:05:22","guid":{"rendered":"https:\/\/www.claret.org\/abrazando-en-la-llamada-de-dios-ordenaciones-en-camerun-e-india\/"},"modified":"2024-02-09T09:52:05","modified_gmt":"2024-02-09T08:52:05","slug":"abrazando-en-la-llamada-de-dios-ordenaciones-en-camerun-e-india","status":"publish","type":"post","link":"https:\/\/www.claret.org\/es\/abrazando-en-la-llamada-de-dios-ordenaciones-en-camerun-e-india\/","title":{"rendered":"Abrazando en la llamada de Dios: Ordenaciones en Camer\u00fan e India"},"content":{"rendered":"\n<p class=\"has-drop-cap\">La Parroquia de San P\u00edo X en Ngoya, en la Di\u00f3cesis de Obala en Camer\u00fan, fue testigo de un acontecimiento trascendental el 1 de febrero de 2024, ya que la Conmemoraci\u00f3n de los M\u00e1rtires Claretianos se convirti\u00f3 en el tel\u00f3n de fondo para una serie de ordenaciones. La solemne celebraci\u00f3n eucar\u00edstica marc\u00f3 las ordenaciones diaconales y presbiterales de hermanos y di\u00e1conos claretianos. Monse\u00f1or Sosth\u00e8ne Bayemi Matjei, el Obispo de Obala, presidi\u00f3 la sagrada ceremonia, llenando la ocasi\u00f3n de solemnidad y gracia.<\/p>\n\n<p>En un compromiso fiel con la Iglesia y su misi\u00f3n, cuatro hermanos fueron ordenados al diaconado: Albert Pascal Embolo, Norbert Doulani, Simon Armel Essomba y Wilson Tim Ankiambom.<\/p>\n\n<p><\/p>\n\n<p><\/p>\n\n<figure class=\"wp-block-gallery has-nested-images columns-default is-cropped wp-block-gallery-1 is-layout-flex wp-block-gallery-is-layout-flex\">\n<figure class=\"wp-block-image size-large\"><img data-recalc-dims=\"1\" loading=\"lazy\" decoding=\"async\" width=\"1024\" height=\"684\" data-id=\"163040\" src=\"https:\/\/i0.wp.com\/www.claret.org\/wp-content\/uploads\/2024\/02\/Cameroun-Diaconate-Ordination-2024-17.jpg?resize=1024%2C684&#038;ssl=1\" alt=\"\" class=\"wp-image-163040\" title=\"\" srcset=\"https:\/\/www.claret.org\/wp-content\/uploads\/2024\/02\/Cameroun-Diaconate-Ordination-2024-17-980x654.jpg 980w, https:\/\/www.claret.org\/wp-content\/uploads\/2024\/02\/Cameroun-Diaconate-Ordination-2024-17-480x321.jpg 480w\" sizes=\"(min-width: 0px) and (max-width: 480px) 480px, (min-width: 481px) and (max-width: 980px) 980px, (min-width: 981px) 1024px, 100vw\" \/><\/figure>\n\n\n\n<figure class=\"wp-block-image size-large\"><img data-recalc-dims=\"1\" loading=\"lazy\" decoding=\"async\" width=\"1024\" height=\"684\" data-id=\"163022\" src=\"https:\/\/i0.wp.com\/www.claret.org\/wp-content\/uploads\/2024\/02\/Cameroun-Diaconate-Ordination-2024-1.jpg?resize=1024%2C684&#038;ssl=1\" alt=\"\" class=\"wp-image-163022\" title=\"\" srcset=\"https:\/\/www.claret.org\/wp-content\/uploads\/2024\/02\/Cameroun-Diaconate-Ordination-2024-1-980x654.jpg 980w, https:\/\/www.claret.org\/wp-content\/uploads\/2024\/02\/Cameroun-Diaconate-Ordination-2024-1-480x321.jpg 480w\" sizes=\"(min-width: 0px) and (max-width: 480px) 480px, (min-width: 481px) and (max-width: 980px) 980px, (min-width: 981px) 1024px, 100vw\" \/><\/figure>\n<\/figure>\n\n<p><\/p>\n\n<p><\/p>\n\n<p>Los di\u00e1conos Bertin Abeng D. Frundi, Casimir Mevoungou, Cedric Raoul Tedongmo, Martin Joel Mboudou, Melvin Ngwakongnwi Neba, Steve Rodrigue Ndomo y Ulrich Mbah Essomba, fueron ordenados sacerdotes.<\/p>\n\n<p>En su homil\u00eda, Monse\u00f1or Sosth\u00e8ne Bayemi Matjei subray\u00f3 la importancia de la unci\u00f3n, destacando su papel crucial as\u00ed como la investidura divina y la misi\u00f3n espiritual que confiere a quienes la reciben. El obispo anim\u00f3 a los hermanos a convertirse en buenos servidores, gu\u00edas y pastores del pueblo de Dios. Deber\u00e1n buscar ardientemente la compasi\u00f3n, la humildad y estar totalmente dedicados en su ministerio. Dijo: <\/p>\n\n<blockquote class=\"wp-block-quote is-layout-flow wp-block-quote-is-layout-flow\">\n<p>\u201cOs invito a seguir el ejemplo de Cristo Jes\u00fas en los evangelios y tambi\u00e9n el de vuestro fundador, San Antonio Mar\u00eda Claret, quien ardi\u00f3 con un gran celo apost\u00f3lico\u201d.<\/p>\n<\/blockquote>\n\n<p>Despu\u00e9s de la Misa, el Obispo, los nuevos sacerdotes y di\u00e1conos, otros cofrades, familiares y otros invitados se reunieron en el Teologado del Inmaculado Coraz\u00f3n de Mar\u00eda para continuar compartiendo la alegr\u00eda durante una comida fraternal ofrecida por la Delegaci\u00f3n.<\/p>\n\n<p><\/p>\n\n<p><\/p>\n\n<figure class=\"wp-block-gallery has-nested-images columns-default is-cropped wp-block-gallery-2 is-layout-flex wp-block-gallery-is-layout-flex\">\n<figure class=\"wp-block-image size-large\"><img data-recalc-dims=\"1\" loading=\"lazy\" decoding=\"async\" width=\"1024\" height=\"684\" data-id=\"163046\" src=\"https:\/\/i0.wp.com\/www.claret.org\/wp-content\/uploads\/2024\/02\/Cameroun-Diaconate-Ordination-2024-7.jpg?resize=1024%2C684&#038;ssl=1\" alt=\"\" class=\"wp-image-163046\" title=\"\" srcset=\"https:\/\/www.claret.org\/wp-content\/uploads\/2024\/02\/Cameroun-Diaconate-Ordination-2024-7-980x654.jpg 980w, https:\/\/www.claret.org\/wp-content\/uploads\/2024\/02\/Cameroun-Diaconate-Ordination-2024-7-480x321.jpg 480w\" sizes=\"(min-width: 0px) and (max-width: 480px) 480px, (min-width: 481px) and (max-width: 980px) 980px, (min-width: 981px) 1024px, 100vw\" \/><\/figure>\n\n\n\n<figure class=\"wp-block-image size-large\"><img data-recalc-dims=\"1\" loading=\"lazy\" decoding=\"async\" width=\"1024\" height=\"684\" data-id=\"163052\" src=\"https:\/\/i0.wp.com\/www.claret.org\/wp-content\/uploads\/2024\/02\/Cameroun-Diaconate-Ordination-2024-12.jpg?resize=1024%2C684&#038;ssl=1\" alt=\"\" class=\"wp-image-163052\" title=\"\" srcset=\"https:\/\/www.claret.org\/wp-content\/uploads\/2024\/02\/Cameroun-Diaconate-Ordination-2024-12-980x654.jpg 980w, https:\/\/www.claret.org\/wp-content\/uploads\/2024\/02\/Cameroun-Diaconate-Ordination-2024-12-480x321.jpg 480w\" sizes=\"(min-width: 0px) and (max-width: 480px) 480px, (min-width: 481px) and (max-width: 980px) 980px, (min-width: 981px) 1024px, 100vw\" \/><\/figure>\n\n\n\n<figure class=\"wp-block-image size-large\"><img data-recalc-dims=\"1\" loading=\"lazy\" decoding=\"async\" width=\"1024\" height=\"684\" data-id=\"163058\" src=\"https:\/\/i0.wp.com\/www.claret.org\/wp-content\/uploads\/2024\/02\/Cameroun-Diaconate-Ordination-2024-8-1.jpg?resize=1024%2C684&#038;ssl=1\" alt=\"\" class=\"wp-image-163058\" title=\"\" srcset=\"https:\/\/www.claret.org\/wp-content\/uploads\/2024\/02\/Cameroun-Diaconate-Ordination-2024-8-1-980x654.jpg 980w, https:\/\/www.claret.org\/wp-content\/uploads\/2024\/02\/Cameroun-Diaconate-Ordination-2024-8-1-480x321.jpg 480w\" sizes=\"(min-width: 0px) and (max-width: 480px) 480px, (min-width: 481px) and (max-width: 980px) 980px, (min-width: 981px) 1024px, 100vw\" \/><\/figure>\n\n\n\n<figure class=\"wp-block-image size-large\"><img data-recalc-dims=\"1\" loading=\"lazy\" decoding=\"async\" width=\"1024\" height=\"684\" data-id=\"163064\" src=\"https:\/\/i0.wp.com\/www.claret.org\/wp-content\/uploads\/2024\/02\/Cameroun-Diaconate-Ordination-2024-15.jpg?resize=1024%2C684&#038;ssl=1\" alt=\"\" class=\"wp-image-163064\" title=\"\" srcset=\"https:\/\/www.claret.org\/wp-content\/uploads\/2024\/02\/Cameroun-Diaconate-Ordination-2024-15-980x654.jpg 980w, https:\/\/www.claret.org\/wp-content\/uploads\/2024\/02\/Cameroun-Diaconate-Ordination-2024-15-480x321.jpg 480w\" sizes=\"(min-width: 0px) and (max-width: 480px) 480px, (min-width: 481px) and (max-width: 980px) 980px, (min-width: 981px) 1024px, 100vw\" \/><\/figure>\n\n\n\n<figure class=\"wp-block-image size-large\"><img data-recalc-dims=\"1\" loading=\"lazy\" decoding=\"async\" width=\"1024\" height=\"684\" data-id=\"163070\" src=\"https:\/\/i0.wp.com\/www.claret.org\/wp-content\/uploads\/2024\/02\/Cameroun-Diaconate-Ordination-2024-24.jpg?resize=1024%2C684&#038;ssl=1\" alt=\"\" class=\"wp-image-163070\" title=\"\" srcset=\"https:\/\/www.claret.org\/wp-content\/uploads\/2024\/02\/Cameroun-Diaconate-Ordination-2024-24-980x654.jpg 980w, https:\/\/www.claret.org\/wp-content\/uploads\/2024\/02\/Cameroun-Diaconate-Ordination-2024-24-480x321.jpg 480w\" sizes=\"(min-width: 0px) and (max-width: 480px) 480px, (min-width: 481px) and (max-width: 980px) 980px, (min-width: 981px) 1024px, 100vw\" \/><\/figure>\n\n\n\n<figure class=\"wp-block-image size-large\"><img data-recalc-dims=\"1\" loading=\"lazy\" decoding=\"async\" width=\"1024\" height=\"684\" data-id=\"163076\" src=\"https:\/\/i0.wp.com\/www.claret.org\/wp-content\/uploads\/2024\/02\/Cameroun-Diaconate-Ordination-2024-31.jpg?resize=1024%2C684&#038;ssl=1\" alt=\"\" class=\"wp-image-163076\" title=\"\" srcset=\"https:\/\/www.claret.org\/wp-content\/uploads\/2024\/02\/Cameroun-Diaconate-Ordination-2024-31-980x654.jpg 980w, https:\/\/www.claret.org\/wp-content\/uploads\/2024\/02\/Cameroun-Diaconate-Ordination-2024-31-480x321.jpg 480w\" sizes=\"(min-width: 0px) and (max-width: 480px) 480px, (min-width: 481px) and (max-width: 980px) 980px, (min-width: 981px) 1024px, 100vw\" \/><\/figure>\n<\/figure>\n\n<p><\/p>\n\n<p><\/p>\n\n<p>En una ceremonia sagrada celebrada en la Parroquia de San Sebasti\u00e1n en Charal, India, el Di\u00e1cono Dayas Vazhakalaputhenpura CMF, perteneciente a la Provincia de Santiago, fue ordenado al sacerdocio. El trascendental evento tuvo lugar el 3 de febrero de 2024, mediante la imposici\u00f3n de manos por el Obispo Joseph Pamplany, Obispo de la Arquidi\u00f3cesis de Thalassery, India.<\/p>\n\n<p>La ceremonia de ordenaci\u00f3n cont\u00f3 con la asistencia de delegados de la provincia de Santiago, sacerdotes y hermanos de la provincia de Santo Tom\u00e1s, clero, familiares y amigos, quienes se reunieron para presenciar y celebrar esta Sagrada Ceremonia.<\/p>\n\n<p><\/p>\n\n<p><\/p>\n\n<figure class=\"wp-block-gallery has-nested-images columns-default is-cropped wp-block-gallery-3 is-layout-flex wp-block-gallery-is-layout-flex\">\n<figure class=\"wp-block-image size-large\"><img data-recalc-dims=\"1\" loading=\"lazy\" decoding=\"async\" width=\"1024\" height=\"682\" data-id=\"163198\" src=\"https:\/\/i0.wp.com\/www.claret.org\/wp-content\/uploads\/2024\/02\/IMG-20240209-WA0035-1.jpg?resize=1024%2C682&#038;ssl=1\" alt=\"\" class=\"wp-image-163198\" title=\"\" srcset=\"https:\/\/www.claret.org\/wp-content\/uploads\/2024\/02\/IMG-20240209-WA0035-1-1024x682.jpg 1024w, https:\/\/www.claret.org\/wp-content\/uploads\/2024\/02\/IMG-20240209-WA0035-1-980x653.jpg 980w, https:\/\/www.claret.org\/wp-content\/uploads\/2024\/02\/IMG-20240209-WA0035-1-480x320.jpg 480w\" sizes=\"(min-width: 0px) and (max-width: 480px) 480px, (min-width: 481px) and (max-width: 980px) 980px, (min-width: 981px) 1024px, 100vw\" \/><\/figure>\n\n\n\n<figure class=\"wp-block-image size-large\"><img data-recalc-dims=\"1\" loading=\"lazy\" decoding=\"async\" width=\"1024\" height=\"462\" data-id=\"163082\" src=\"https:\/\/i0.wp.com\/www.claret.org\/wp-content\/uploads\/2024\/02\/ordination-of-Dayas-Vazhakalaputhenpura-2024-7.jpg?resize=1024%2C462&#038;ssl=1\" alt=\"\" class=\"wp-image-163082\" title=\"\" srcset=\"https:\/\/www.claret.org\/wp-content\/uploads\/2024\/02\/ordination-of-Dayas-Vazhakalaputhenpura-2024-7-1024x462.jpg 1024w, https:\/\/www.claret.org\/wp-content\/uploads\/2024\/02\/ordination-of-Dayas-Vazhakalaputhenpura-2024-7-980x442.jpg 980w, https:\/\/www.claret.org\/wp-content\/uploads\/2024\/02\/ordination-of-Dayas-Vazhakalaputhenpura-2024-7-480x217.jpg 480w\" sizes=\"(min-width: 0px) and (max-width: 480px) 480px, (min-width: 481px) and (max-width: 980px) 980px, (min-width: 981px) 1024px, 100vw\" \/><\/figure>\n\n\n\n<figure class=\"wp-block-image size-large\"><img data-recalc-dims=\"1\" loading=\"lazy\" decoding=\"async\" width=\"1080\" height=\"720\" data-id=\"163168\" src=\"https:\/\/i0.wp.com\/www.claret.org\/wp-content\/uploads\/2024\/02\/IMG-20240209-WA0035.jpg?resize=1080%2C720&#038;ssl=1\" alt=\"\" class=\"wp-image-163168\" title=\"\" srcset=\"https:\/\/www.claret.org\/wp-content\/uploads\/2024\/02\/IMG-20240209-WA0035.jpg 1280w, https:\/\/www.claret.org\/wp-content\/uploads\/2024\/02\/IMG-20240209-WA0035-980x653.jpg 980w, https:\/\/www.claret.org\/wp-content\/uploads\/2024\/02\/IMG-20240209-WA0035-480x320.jpg 480w\" sizes=\"(min-width: 0px) and (max-width: 480px) 480px, (min-width: 481px) and (max-width: 980px) 980px, (min-width: 981px) 1280px, 100vw\" \/><\/figure>\n\n\n\n<figure class=\"wp-block-image size-large\"><img data-recalc-dims=\"1\" loading=\"lazy\" decoding=\"async\" width=\"1080\" height=\"720\" data-id=\"163174\" src=\"https:\/\/i0.wp.com\/www.claret.org\/wp-content\/uploads\/2024\/02\/IMG-20240209-WA0028.jpg?resize=1080%2C720&#038;ssl=1\" alt=\"\" class=\"wp-image-163174\" title=\"\" srcset=\"https:\/\/www.claret.org\/wp-content\/uploads\/2024\/02\/IMG-20240209-WA0028.jpg 1500w, https:\/\/www.claret.org\/wp-content\/uploads\/2024\/02\/IMG-20240209-WA0028-1280x853.jpg 1280w, https:\/\/www.claret.org\/wp-content\/uploads\/2024\/02\/IMG-20240209-WA0028-980x653.jpg 980w, https:\/\/www.claret.org\/wp-content\/uploads\/2024\/02\/IMG-20240209-WA0028-480x320.jpg 480w\" sizes=\"(min-width: 0px) and (max-width: 480px) 480px, (min-width: 481px) and (max-width: 980px) 980px, (min-width: 981px) and (max-width: 1280px) 1280px, (min-width: 1281px) 1500px, 100vw\" \/><\/figure>\n\n\n\n<figure class=\"wp-block-image size-large\"><img data-recalc-dims=\"1\" loading=\"lazy\" decoding=\"async\" width=\"1080\" height=\"720\" data-id=\"163180\" src=\"https:\/\/i0.wp.com\/www.claret.org\/wp-content\/uploads\/2024\/02\/IMG-20240209-WA0023.jpg?resize=1080%2C720&#038;ssl=1\" alt=\"\" class=\"wp-image-163180\" title=\"\" srcset=\"https:\/\/www.claret.org\/wp-content\/uploads\/2024\/02\/IMG-20240209-WA0023.jpg 1500w, https:\/\/www.claret.org\/wp-content\/uploads\/2024\/02\/IMG-20240209-WA0023-1280x853.jpg 1280w, https:\/\/www.claret.org\/wp-content\/uploads\/2024\/02\/IMG-20240209-WA0023-980x653.jpg 980w, https:\/\/www.claret.org\/wp-content\/uploads\/2024\/02\/IMG-20240209-WA0023-480x320.jpg 480w\" sizes=\"(min-width: 0px) and (max-width: 480px) 480px, (min-width: 481px) and (max-width: 980px) 980px, (min-width: 981px) and (max-width: 1280px) 1280px, (min-width: 1281px) 1500px, 100vw\" \/><\/figure>\n\n\n\n<figure class=\"wp-block-image size-large\"><img data-recalc-dims=\"1\" loading=\"lazy\" decoding=\"async\" width=\"1080\" height=\"720\" data-id=\"163192\" src=\"https:\/\/i0.wp.com\/www.claret.org\/wp-content\/uploads\/2024\/02\/IMG-20240209-WA0017.jpg?resize=1080%2C720&#038;ssl=1\" alt=\"\" class=\"wp-image-163192\" title=\"\" srcset=\"https:\/\/www.claret.org\/wp-content\/uploads\/2024\/02\/IMG-20240209-WA0017.jpg 1500w, https:\/\/www.claret.org\/wp-content\/uploads\/2024\/02\/IMG-20240209-WA0017-1280x853.jpg 1280w, https:\/\/www.claret.org\/wp-content\/uploads\/2024\/02\/IMG-20240209-WA0017-980x653.jpg 980w, https:\/\/www.claret.org\/wp-content\/uploads\/2024\/02\/IMG-20240209-WA0017-480x320.jpg 480w\" sizes=\"(min-width: 0px) and (max-width: 480px) 480px, (min-width: 481px) and (max-width: 980px) 980px, (min-width: 981px) and (max-width: 1280px) 1280px, (min-width: 1281px) 1500px, 100vw\" \/><\/figure>\n\n\n\n<figure class=\"wp-block-image size-large\"><img data-recalc-dims=\"1\" loading=\"lazy\" decoding=\"async\" width=\"1024\" height=\"683\" data-id=\"163204\" src=\"https:\/\/i0.wp.com\/www.claret.org\/wp-content\/uploads\/2024\/02\/IMG-20240209-WA0026.jpg?resize=1024%2C683&#038;ssl=1\" alt=\"\" class=\"wp-image-163204\" title=\"\" srcset=\"https:\/\/www.claret.org\/wp-content\/uploads\/2024\/02\/IMG-20240209-WA0026-980x653.jpg 980w, https:\/\/www.claret.org\/wp-content\/uploads\/2024\/02\/IMG-20240209-WA0026-480x320.jpg 480w\" sizes=\"(min-width: 0px) and (max-width: 480px) 480px, (min-width: 481px) and (max-width: 980px) 980px, (min-width: 981px) 1024px, 100vw\" \/><\/figure>\n<\/figure>\n","protected":false},"excerpt":{"rendered":"<p>La Parroquia de San P\u00edo X en Ngoya, en la Di\u00f3cesis de Obala en Camer\u00fan, fue testigo de un acontecimiento trascendental el 1 de febrero de 2024, ya que la Conmemoraci\u00f3n de los M\u00e1rtires Claretianos se convirti\u00f3 en el tel\u00f3n de fondo para una serie de ordenaciones. La solemne celebraci\u00f3n eucar\u00edstica marc\u00f3 las ordenaciones diaconales [&hellip;]<\/p>\n","protected":false},"author":69,"featured_media":163119,"comment_status":"closed","ping_status":"closed","sticky":false,"template":"","format":"standard","meta":{"_et_pb_use_builder":"","_et_pb_old_content":"","_et_gb_content_width":"","footnotes":""},"categories":[132,573,341],"tags":[],"class_list":["post-163121","post","type-post","status-publish","format-standard","has-post-thumbnail","hentry","category-cameroun-es","category-ordenaciones","category-santiago-es"],"jetpack_featured_media_url":"https:\/\/i0.wp.com\/www.claret.org\/wp-content\/uploads\/2024\/02\/Cameroun-Diaconate-Ordination-2024-19-scaled.jpg?fit=2880%2C1923&ssl=1","jetpack_sharing_enabled":true,"jetpack_shortlink":"https:\/\/wp.me\/pdaBmi-GqZ","jetpack_likes_enabled":true,"_links":{"self":[{"href":"https:\/\/www.claret.org\/es\/wp-json\/wp\/v2\/posts\/163121","targetHints":{"allow":["GET"]}}],"collection":[{"href":"https:\/\/www.claret.org\/es\/wp-json\/wp\/v2\/posts"}],"about":[{"href":"https:\/\/www.claret.org\/es\/wp-json\/wp\/v2\/types\/post"}],"author":[{"embeddable":true,"href":"https:\/\/www.claret.org\/es\/wp-json\/wp\/v2\/users\/69"}],"replies":[{"embeddable":true,"href":"https:\/\/www.claret.org\/es\/wp-json\/wp\/v2\/comments?post=163121"}],"version-history":[{"count":0,"href":"https:\/\/www.claret.org\/es\/wp-json\/wp\/v2\/posts\/163121\/revisions"}],"wp:featuredmedia":[{"embeddable":true,"href":"https:\/\/www.claret.org\/es\/wp-json\/wp\/v2\/media\/163119"}],"wp:attachment":[{"href":"https:\/\/www.claret.org\/es\/wp-json\/wp\/v2\/media?parent=163121"}],"wp:term":[{"taxonomy":"category","embeddable":true,"href":"https:\/\/www.claret.org\/es\/wp-json\/wp\/v2\/categories?post=163121"},{"taxonomy":"post_tag","embeddable":true,"href":"https:\/\/www.claret.org\/es\/wp-json\/wp\/v2\/tags?post=163121"}],"curies":[{"name":"wp","href":"https:\/\/api.w.org\/{rel}","templated":true}]}}