{"id":163824,"date":"2024-02-29T12:53:51","date_gmt":"2024-02-29T11:53:51","guid":{"rendered":"https:\/\/www.claret.org\/nombramiento-del-p-aitor-jimenez-cmf-como-subsecretario-de-la-diclsal\/"},"modified":"2024-02-29T12:57:42","modified_gmt":"2024-02-29T11:57:42","slug":"nombramiento-del-p-aitor-jimenez-cmf-como-subsecretario-de-la-diclsal","status":"publish","type":"post","link":"https:\/\/www.claret.org\/es\/nombramiento-del-p-aitor-jimenez-cmf-como-subsecretario-de-la-diclsal\/","title":{"rendered":"Nombramiento del P. Aitor Jim\u00e9nez CMF como subsecretario de la DICLSAL."},"content":{"rendered":"\n<p class=\"has-drop-cap\"><p><strong>Rome.<\/strong> El Santo Padre ha nombrado al P. Aitor Jim\u00e9nez CMF subsecretario del Dicasterio para los Institutos de Vida Consagrada y las Sociedades de Vida Apost\u00f3lica(DIVCSVA). Nos alegramos con nuestro hermano por la merecida confianza, le deseamos un excelente trabajo en favor de la vida consagrada y le ofrecemos nuestro apoyo y oraciones. Es una alegr\u00eda y un honor para toda la Congregaci\u00f3n.<\/p><\/p>\n\n<p><p><strong>Curriculum vitae<\/strong><br\/>El P. Jim\u00e9nez Echave, CMF, naci\u00f3 el 29 de diciembre de 1962 en Luchana-Baracaldo (Espa\u00f1a). El 13 de septiembre de 1987 hizo su Profesi\u00f3n Perpetua en la Congregaci\u00f3n de los Misioneros Hijos del Inmaculado Coraz\u00f3n de Mar\u00eda, y el 30 de abril de 1989 fue ordenado sacerdote. \u041d\u0430 se doctor\u00f3 en Utroque lure y en Teolog\u00eda de la Vida Consagrada por la Pontificia Universidad Lateranense de Roma (Italia). Posee varios diplomas, entre ellos uno en Derecho Can\u00f3nico Oriental. Desde 2006 es Oficial del Dicasterio para los Institutos de Vida Consagrada y las Sociedades de Vida Apost\u00f3lica.<\/p><\/p>\n","protected":false},"excerpt":{"rendered":"<p>Rome. El Santo Padre ha nombrado al P. Aitor Jim\u00e9nez CMF subsecretario del Dicasterio para los Institutos de Vida Consagrada y las Sociedades de Vida Apost\u00f3lica(DIVCSVA). Nos alegramos con nuestro hermano por la merecida confianza, le deseamos un excelente trabajo en favor de la vida consagrada y le ofrecemos nuestro apoyo y oraciones. Es una [&hellip;]<\/p>\n","protected":false},"author":69,"featured_media":163822,"comment_status":"closed","ping_status":"closed","sticky":false,"template":"","format":"standard","meta":{"_et_pb_use_builder":"","_et_pb_old_content":"","_et_gb_content_width":"","footnotes":""},"categories":[533],"tags":[],"class_list":["post-163824","post","type-post","status-publish","format-standard","has-post-thumbnail","hentry","category-la-congregacion"],"jetpack_featured_media_url":"https:\/\/i0.wp.com\/www.claret.org\/wp-content\/uploads\/2024\/02\/Fr-Aitur.jpg?fit=1890%2C1200&ssl=1","jetpack_sharing_enabled":true,"jetpack_shortlink":"https:\/\/wp.me\/pdaBmi-GCk","jetpack_likes_enabled":true,"_links":{"self":[{"href":"https:\/\/www.claret.org\/es\/wp-json\/wp\/v2\/posts\/163824","targetHints":{"allow":["GET"]}}],"collection":[{"href":"https:\/\/www.claret.org\/es\/wp-json\/wp\/v2\/posts"}],"about":[{"href":"https:\/\/www.claret.org\/es\/wp-json\/wp\/v2\/types\/post"}],"author":[{"embeddable":true,"href":"https:\/\/www.claret.org\/es\/wp-json\/wp\/v2\/users\/69"}],"replies":[{"embeddable":true,"href":"https:\/\/www.claret.org\/es\/wp-json\/wp\/v2\/comments?post=163824"}],"version-history":[{"count":0,"href":"https:\/\/www.claret.org\/es\/wp-json\/wp\/v2\/posts\/163824\/revisions"}],"wp:featuredmedia":[{"embeddable":true,"href":"https:\/\/www.claret.org\/es\/wp-json\/wp\/v2\/media\/163822"}],"wp:attachment":[{"href":"https:\/\/www.claret.org\/es\/wp-json\/wp\/v2\/media?parent=163824"}],"wp:term":[{"taxonomy":"category","embeddable":true,"href":"https:\/\/www.claret.org\/es\/wp-json\/wp\/v2\/categories?post=163824"},{"taxonomy":"post_tag","embeddable":true,"href":"https:\/\/www.claret.org\/es\/wp-json\/wp\/v2\/tags?post=163824"}],"curies":[{"name":"wp","href":"https:\/\/api.w.org\/{rel}","templated":true}]}}