{"id":164555,"date":"2024-03-25T10:38:42","date_gmt":"2024-03-25T09:38:42","guid":{"rendered":"https:\/\/www.claret.org\/acercar-el-cielo-a-la-tierra-bendicion-de-la-imagen-del-corazon-de-maria-en-brasil\/"},"modified":"2024-03-25T10:41:43","modified_gmt":"2024-03-25T09:41:43","slug":"acercar-el-cielo-a-la-tierra-bendicion-de-la-imagen-del-corazon-de-maria-en-brasil","status":"publish","type":"post","link":"https:\/\/www.claret.org\/es\/acercar-el-cielo-a-la-tierra-bendicion-de-la-imagen-del-corazon-de-maria-en-brasil\/","title":{"rendered":"Acercar el cielo a la tierra: bendici\u00f3n de la imagen del Coraz\u00f3n de Mar\u00eda en Brasil"},"content":{"rendered":"\n<p class=\"has-drop-cap\"><p><b>S\u00e3o Paulo, Brasil.<\/b><span style=\"font-weight: 400;\"> En la misa celebrada el d\u00eda 19 de marzo de 2024, dedicada a San Jos\u00e9, el Prefecto de Apostolado de la Provincia Claretiana de Brasil, P. Jos\u00e9 Heitor Vasconcelos de Menezes, CMF, bendijo las im\u00e1genes del Inmaculado Coraz\u00f3n de Mar\u00eda. Ser\u00e1n enviadas a nueve unidades de la Red de Educaci\u00f3n Claretiana, al Instituto Claret, a la Curia Provincial, a la comunidad misionera interprovincial de Mozambique y a otras cinco comunidades claretianas en Brasil.<\/span><\/p><\/p>\n\n<p><\/p>\n\n<p><\/p>\n\n<figure class=\"wp-block-gallery has-nested-images columns-default is-cropped wp-block-gallery-1 is-layout-flex wp-block-gallery-is-layout-flex\">\n<figure class=\"wp-block-image size-large\"><img data-recalc-dims=\"1\" loading=\"lazy\" decoding=\"async\" width=\"1024\" height=\"683\" data-id=\"164524\" src=\"https:\/\/i0.wp.com\/www.claret.org\/wp-content\/uploads\/2024\/03\/IMG_9872.jpg?resize=1024%2C683&#038;ssl=1\" alt=\"\" class=\"wp-image-164524\" title=\"\" srcset=\"https:\/\/www.claret.org\/wp-content\/uploads\/2024\/03\/IMG_9872-980x653.jpg 980w, https:\/\/www.claret.org\/wp-content\/uploads\/2024\/03\/IMG_9872-480x320.jpg 480w\" sizes=\"(min-width: 0px) and (max-width: 480px) 480px, (min-width: 481px) and (max-width: 980px) 980px, (min-width: 981px) 1024px, 100vw\" \/><\/figure>\n\n\n\n<figure class=\"wp-block-image size-large\"><img data-recalc-dims=\"1\" loading=\"lazy\" decoding=\"async\" width=\"1024\" height=\"683\" data-id=\"164512\" src=\"https:\/\/i0.wp.com\/www.claret.org\/wp-content\/uploads\/2024\/03\/IMG_9848.jpg?resize=1024%2C683&#038;ssl=1\" alt=\"\" class=\"wp-image-164512\" title=\"\" srcset=\"https:\/\/www.claret.org\/wp-content\/uploads\/2024\/03\/IMG_9848-980x653.jpg 980w, https:\/\/www.claret.org\/wp-content\/uploads\/2024\/03\/IMG_9848-480x320.jpg 480w\" sizes=\"(min-width: 0px) and (max-width: 480px) 480px, (min-width: 481px) and (max-width: 980px) 980px, (min-width: 981px) 1024px, 100vw\" \/><\/figure>\n\n\n\n<figure class=\"wp-block-image size-large\"><img data-recalc-dims=\"1\" loading=\"lazy\" decoding=\"async\" width=\"1024\" height=\"683\" data-id=\"164518\" src=\"https:\/\/i0.wp.com\/www.claret.org\/wp-content\/uploads\/2024\/03\/IMG_9711.jpg?resize=1024%2C683&#038;ssl=1\" alt=\"\" class=\"wp-image-164518\" title=\"\" srcset=\"https:\/\/www.claret.org\/wp-content\/uploads\/2024\/03\/IMG_9711-980x653.jpg 980w, https:\/\/www.claret.org\/wp-content\/uploads\/2024\/03\/IMG_9711-480x320.jpg 480w\" sizes=\"(min-width: 0px) and (max-width: 480px) 480px, (min-width: 481px) and (max-width: 980px) 980px, (min-width: 981px) 1024px, 100vw\" \/><\/figure>\n<\/figure>\n\n<p><\/p>\n\n<p><\/p>\n\n<p>La celebraci\u00f3n tuvo lugar en la iglesia de Nuestra Se\u00f1ora del Rosario, en la ciudad de Campinas, en S\u00e3o Paulo, presidida por el P. Heitor de Menezes, delegado por el Superior Provincial P. Eguione Nogueira Ricardo, CMF, que no pudo estar presente. En su homil\u00eda, el P. Heitor record\u00f3 c\u00f3mo los claretianos asumieron la misi\u00f3n en ese lugar y c\u00f3mo sus trabajos fueron fructificando, siendo hoy posible ver esos frutos. Lo compar\u00f3 con el proceso educativo realizado por los colegios, centros universitarios e instituciones sociales de la Provincia. <\/p>\n\n<blockquote class=\"wp-block-quote is-layout-flow wp-block-quote-is-layout-flow\">\n<p><p><span style=\"font-weight: 400;\">\u201c<\/span><i><span style=\"font-weight: 400;\">La educaci\u00f3n es eso: plantamos en el coraz\u00f3n de las personas semillas y valores que ir\u00e1n fructificando y que probablmente ni vamos a saber qu\u00e9 fructific\u00f3 o qu\u00e9 recoger\u00e1n otras personas<\/span><\/i><span style=\"font-weight: 400;\">\u201d, reflexion\u00f3.<\/span><\/p><\/p>\n<\/blockquote>\n\n<p>El P. Heitor explic\u00f3 la importancia de la devoci\u00f3n al Coraz\u00f3n de Mar\u00eda para la Congregaci\u00f3n Claretiana. \u201cCuando miramos esta imagen del Coraz\u00f3n de Mar\u00eda, vemos que ella no lleva solo un t\u00edtulo. El Coraz\u00f3n de Mar\u00eda es la propia identidad de Mar\u00eda, es el ser de Mar\u00eda. El Coraz\u00f3n de Mar\u00eda es la forma como ella se presenta ante nosotros\u201d, destac\u00f3. Pidi\u00f3 a los educadores que, al recibir la imagen, la coloquen donde todos puedan verla y, a trav\u00e9s de ella, vean la puerta del cielo, pues, al hacer la voluntad del Padre, ella se convirti\u00f3 en el lugar donde \u00c9l habita. <\/p>\n\n<blockquote class=\"wp-block-quote is-layout-flow wp-block-quote-is-layout-flow\">\n<p><p><span style=\"font-weight: 400;\">\u201c<\/span><i><span style=\"font-weight: 400;\">El coraz\u00f3n de Mar\u00eda ya no le pertenece. Todo en Mar\u00eda pertenece a Dios y al Cristo que engendr\u00f3 en su ser. Por eso, Mar\u00eda no se pertenece a s\u00ed misma y su coraz\u00f3n es puerta del cielo<\/span><\/i><span style=\"font-weight: 400;\">\u201d.<\/span><\/p><\/p>\n<\/blockquote>\n\n<p>Se produjeron 17 im\u00e1genes, en la f\u00e1brica de Sistina Arte Sacra, en Brasil. Han sido pintadas por el artista Igor Guilherme. La imagen que ir\u00e1 para Mozambique recibi\u00f3 colores y estampados propios de la cultura africana, permitiendo que los fieles puedan reconocerse en el Coraz\u00f3n de Mar\u00eda.<\/p>\n\n<p>Texto: Suzana Costa Coutinho \u2013 Fotos: Gabriel Coutinho de Oliveira Junior<\/p>\n\n<p><\/p>\n\n<figure class=\"wp-block-gallery has-nested-images columns-default is-cropped wp-block-gallery-2 is-layout-flex wp-block-gallery-is-layout-flex\">\n<figure class=\"wp-block-image size-large\"><img data-recalc-dims=\"1\" loading=\"lazy\" decoding=\"async\" width=\"1024\" height=\"683\" data-id=\"164530\" src=\"https:\/\/i0.wp.com\/www.claret.org\/wp-content\/uploads\/2024\/03\/IMG_9693.jpg?resize=1024%2C683&#038;ssl=1\" alt=\"\" class=\"wp-image-164530\" title=\"\" srcset=\"https:\/\/www.claret.org\/wp-content\/uploads\/2024\/03\/IMG_9693-980x653.jpg 980w, https:\/\/www.claret.org\/wp-content\/uploads\/2024\/03\/IMG_9693-480x320.jpg 480w\" sizes=\"(min-width: 0px) and (max-width: 480px) 480px, (min-width: 481px) and (max-width: 980px) 980px, (min-width: 981px) 1024px, 100vw\" \/><\/figure>\n\n\n\n<figure class=\"wp-block-image size-large\"><img data-recalc-dims=\"1\" loading=\"lazy\" decoding=\"async\" width=\"1024\" height=\"683\" data-id=\"164536\" src=\"https:\/\/i0.wp.com\/www.claret.org\/wp-content\/uploads\/2024\/03\/IMG_9685.jpg?resize=1024%2C683&#038;ssl=1\" alt=\"\" class=\"wp-image-164536\" title=\"\" srcset=\"https:\/\/www.claret.org\/wp-content\/uploads\/2024\/03\/IMG_9685-980x653.jpg 980w, https:\/\/www.claret.org\/wp-content\/uploads\/2024\/03\/IMG_9685-480x320.jpg 480w\" sizes=\"(min-width: 0px) and (max-width: 480px) 480px, (min-width: 481px) and (max-width: 980px) 980px, (min-width: 981px) 1024px, 100vw\" \/><\/figure>\n\n\n\n<figure class=\"wp-block-image size-large\"><img data-recalc-dims=\"1\" loading=\"lazy\" decoding=\"async\" width=\"1024\" height=\"683\" data-id=\"164542\" src=\"https:\/\/i0.wp.com\/www.claret.org\/wp-content\/uploads\/2024\/03\/IMG_9684.jpg?resize=1024%2C683&#038;ssl=1\" alt=\"\" class=\"wp-image-164542\" title=\"\" srcset=\"https:\/\/www.claret.org\/wp-content\/uploads\/2024\/03\/IMG_9684-980x653.jpg 980w, https:\/\/www.claret.org\/wp-content\/uploads\/2024\/03\/IMG_9684-480x320.jpg 480w\" sizes=\"(min-width: 0px) and (max-width: 480px) 480px, (min-width: 481px) and (max-width: 980px) 980px, (min-width: 981px) 1024px, 100vw\" \/><\/figure>\n<\/figure>\n","protected":false},"excerpt":{"rendered":"<p>S\u00e3o Paulo, Brasil. En la misa celebrada el d\u00eda 19 de marzo de 2024, dedicada a San Jos\u00e9, el Prefecto de Apostolado de la Provincia Claretiana de Brasil, P. Jos\u00e9 Heitor Vasconcelos de Menezes, CMF, bendijo las im\u00e1genes del Inmaculado Coraz\u00f3n de Mar\u00eda. Ser\u00e1n enviadas a nueve unidades de la Red de Educaci\u00f3n Claretiana, al [&hellip;]<\/p>\n","protected":false},"author":69,"featured_media":164553,"comment_status":"closed","ping_status":"closed","sticky":false,"template":"","format":"standard","meta":{"_et_pb_use_builder":"","_et_pb_old_content":"","_et_gb_content_width":"","footnotes":""},"categories":[364],"tags":[],"class_list":["post-164555","post","type-post","status-publish","format-standard","has-post-thumbnail","hentry","category-brasil-es"],"jetpack_featured_media_url":"https:\/\/i0.wp.com\/www.claret.org\/wp-content\/uploads\/2024\/03\/IMG_9698-scaled.jpg?fit=2880%2C1920&ssl=1","jetpack_sharing_enabled":true,"jetpack_shortlink":"https:\/\/wp.me\/pdaBmi-GO7","jetpack_likes_enabled":true,"_links":{"self":[{"href":"https:\/\/www.claret.org\/es\/wp-json\/wp\/v2\/posts\/164555","targetHints":{"allow":["GET"]}}],"collection":[{"href":"https:\/\/www.claret.org\/es\/wp-json\/wp\/v2\/posts"}],"about":[{"href":"https:\/\/www.claret.org\/es\/wp-json\/wp\/v2\/types\/post"}],"author":[{"embeddable":true,"href":"https:\/\/www.claret.org\/es\/wp-json\/wp\/v2\/users\/69"}],"replies":[{"embeddable":true,"href":"https:\/\/www.claret.org\/es\/wp-json\/wp\/v2\/comments?post=164555"}],"version-history":[{"count":0,"href":"https:\/\/www.claret.org\/es\/wp-json\/wp\/v2\/posts\/164555\/revisions"}],"wp:featuredmedia":[{"embeddable":true,"href":"https:\/\/www.claret.org\/es\/wp-json\/wp\/v2\/media\/164553"}],"wp:attachment":[{"href":"https:\/\/www.claret.org\/es\/wp-json\/wp\/v2\/media?parent=164555"}],"wp:term":[{"taxonomy":"category","embeddable":true,"href":"https:\/\/www.claret.org\/es\/wp-json\/wp\/v2\/categories?post=164555"},{"taxonomy":"post_tag","embeddable":true,"href":"https:\/\/www.claret.org\/es\/wp-json\/wp\/v2\/tags?post=164555"}],"curies":[{"name":"wp","href":"https:\/\/api.w.org\/{rel}","templated":true}]}}