{"id":164937,"date":"2024-04-10T11:09:00","date_gmt":"2024-04-10T09:09:00","guid":{"rendered":"https:\/\/www.claret.org\/los-claretianos-del-congo-iluminan-el-175-aniversario-con-una-sesion-de-formacion\/"},"modified":"2024-04-10T11:09:00","modified_gmt":"2024-04-10T09:09:00","slug":"los-claretianos-del-congo-iluminan-el-175-aniversario-con-una-sesion-de-formacion","status":"publish","type":"post","link":"https:\/\/www.claret.org\/es\/los-claretianos-del-congo-iluminan-el-175-aniversario-con-una-sesion-de-formacion\/","title":{"rendered":"Los claretianos del Congo iluminan el 175 aniversario con una sesi\u00f3n de formaci\u00f3n"},"content":{"rendered":"\r\n<p><b>Kikwit, Congo.<\/b><span style=\"font-weight: 400;\"> La Delegaci\u00f3n Independiente del Congo organiz\u00f3 recientemente en su residencia de Kikwit una sesi\u00f3n de formaci\u00f3n permanente para el estado del Quinquenio, que se celebrar\u00e1 del 2 al 6 de abril de 2024. Con el tel\u00f3n de fondo de la celebraci\u00f3n del 175 aniversario de la fundaci\u00f3n de la congregaci\u00f3n, la sesi\u00f3n gir\u00f3 en torno al tema \u00abDifundir la llama del Esp\u00edritu\u00bb.<\/span><\/p>\r\n<p><span style=\"font-weight: 400;\">Bajo la direcci\u00f3n de los padres Placide Sumbula, Tryphon Bimbangu y Alexandre-Fran\u00e7ois Mwanza, CMFF, la sesi\u00f3n profundiz\u00f3 en tres subtemas convincentes. En primer lugar, se explor\u00f3 el viaje de cinco a\u00f1os de San Antonio Mar\u00eda Claret, ofreciendo una visi\u00f3n profunda de sus notables experiencias. En segundo lugar, el papel de la Palabra de Dios en la misi\u00f3n de Claret y de los claretianos. Por \u00faltimo, la sesi\u00f3n abord\u00f3 el desaf\u00edo contempor\u00e1neo de ser oyente y servidor de la Palabra, haciendo hincapi\u00e9 en las dimensiones psico-socio-espirituales de esta empresa vital.<\/span><\/p>\r\n<p><span style=\"font-weight: 400;\">El compromiso se vio enriquecido por la participaci\u00f3n activa de diez claretianos, cada uno de ellos en los cinco a\u00f1os iniciales de su sacerdocio ministerial. Sus aportaciones a\u00f1adieron profundidad y dinamismo a los debates, fomentando una atm\u00f3sfera de colaboraci\u00f3n orientada al crecimiento y la reflexi\u00f3n colectivos.<\/span><\/p>\r\n","protected":false},"excerpt":{"rendered":"<p>Kikwit, Congo. La Delegaci\u00f3n Independiente del Congo organiz\u00f3 recientemente en su residencia de Kikwit una sesi\u00f3n de formaci\u00f3n permanente para el estado del Quinquenio, que se celebrar\u00e1 del 2 al 6 de abril de 2024. Con el tel\u00f3n de fondo de la celebraci\u00f3n del 175 aniversario de la fundaci\u00f3n de la congregaci\u00f3n, la sesi\u00f3n gir\u00f3 [&hellip;]<\/p>\n","protected":false},"author":69,"featured_media":164934,"comment_status":"closed","ping_status":"closed","sticky":false,"template":"","format":"standard","meta":{"_et_pb_use_builder":"","_et_pb_old_content":"","_et_gb_content_width":"","footnotes":""},"categories":[141,623],"tags":[],"class_list":["post-164937","post","type-post","status-publish","format-standard","has-post-thumbnail","hentry","category-congo-es","category-formacion-permanente"],"jetpack_featured_media_url":"https:\/\/i0.wp.com\/www.claret.org\/wp-content\/uploads\/2024\/04\/WhatsApp-Image-2024-04-05-at-19.22.01_c6c224e6.jpg?fit=1080%2C810&ssl=1","jetpack_sharing_enabled":true,"jetpack_shortlink":"https:\/\/wp.me\/pdaBmi-GUh","jetpack_likes_enabled":true,"_links":{"self":[{"href":"https:\/\/www.claret.org\/es\/wp-json\/wp\/v2\/posts\/164937","targetHints":{"allow":["GET"]}}],"collection":[{"href":"https:\/\/www.claret.org\/es\/wp-json\/wp\/v2\/posts"}],"about":[{"href":"https:\/\/www.claret.org\/es\/wp-json\/wp\/v2\/types\/post"}],"author":[{"embeddable":true,"href":"https:\/\/www.claret.org\/es\/wp-json\/wp\/v2\/users\/69"}],"replies":[{"embeddable":true,"href":"https:\/\/www.claret.org\/es\/wp-json\/wp\/v2\/comments?post=164937"}],"version-history":[{"count":0,"href":"https:\/\/www.claret.org\/es\/wp-json\/wp\/v2\/posts\/164937\/revisions"}],"wp:featuredmedia":[{"embeddable":true,"href":"https:\/\/www.claret.org\/es\/wp-json\/wp\/v2\/media\/164934"}],"wp:attachment":[{"href":"https:\/\/www.claret.org\/es\/wp-json\/wp\/v2\/media?parent=164937"}],"wp:term":[{"taxonomy":"category","embeddable":true,"href":"https:\/\/www.claret.org\/es\/wp-json\/wp\/v2\/categories?post=164937"},{"taxonomy":"post_tag","embeddable":true,"href":"https:\/\/www.claret.org\/es\/wp-json\/wp\/v2\/tags?post=164937"}],"curies":[{"name":"wp","href":"https:\/\/api.w.org\/{rel}","templated":true}]}}