{"id":165145,"date":"2024-04-16T10:05:35","date_gmt":"2024-04-16T08:05:35","guid":{"rendered":"https:\/\/www.claret.org\/asamblea-anual-2024-delegacion-independiente-de-san-jose-vaz\/"},"modified":"2024-04-16T10:05:35","modified_gmt":"2024-04-16T08:05:35","slug":"asamblea-anual-2024-delegacion-independiente-de-san-jose-vaz","status":"publish","type":"post","link":"https:\/\/www.claret.org\/es\/asamblea-anual-2024-delegacion-independiente-de-san-jose-vaz\/","title":{"rendered":"Asamblea Anual &#8211; 2024 : Delegaci\u00f3n Independiente de San Jos\u00e9 Vaz"},"content":{"rendered":"\r\n<p><span style=\"font-weight: 400;\"><strong>Kattuwa, Sri Lanka.<\/strong> La Delegaci\u00f3n Independiente de San Jos\u00e9 Vaz celebr\u00f3 su Asamblea Anual del 8 al 12 de abril de 2024 en el Seminario de San Claret, Kattuwa, Sri Lanka.\u00a0<\/span><\/p>\r\n<p><span style=\"font-weight: 400;\">La jornada inaugural comenz\u00f3 en un ambiente reverente con la Celebraci\u00f3n Eucar\u00edstica inaugural presidida por el P. Joseph Jeyaseelan, CMF, Superior Mayor. Al d\u00eda siguiente, tres especialistas iluminaron a los participantes con sus aportaciones y reflexiones sobre las tendencias sociopol\u00edticas actuales (Sra. Bhavani Fonseka, Center for Policy Alternatives &#8211; Colombo), las tendencias eclesiales actuales (P. Quintus Fernando, Rector del Seminario Nacional) y las tendencias congregacionales actuales (P. Efren Limpo, CMF, Secretario General).\u00a0<\/span><\/p>\r\n<p><span style=\"font-weight: 400;\">A continuaci\u00f3n, la Asamblea pas\u00f3 a los informes. Estos informes se centraron en la realidad general de la Delegaci\u00f3n en general y por prefecturas. Una parte importante de los informes fue la evaluaci\u00f3n intermedia del plan de acci\u00f3n para el trienio 2022-2025, basado en la exhortaci\u00f3n de la Asamblea de 2022, Hermanos en Comunidad, Vanguardias en Misi\u00f3n.\u00a0<\/span><\/p>\r\n\r\n\r\n\r\n<p>&nbsp;<\/p>\r\n\r\n\r\n\r\n<p>&nbsp;<\/p>\r\n\r\n\r\n\r\n<figure class=\"wp-block-gallery has-nested-images columns-default is-cropped wp-block-gallery-1 is-layout-flex wp-block-gallery-is-layout-flex\">\r\n<figure class=\"wp-block-image size-large\"><img data-recalc-dims=\"1\" loading=\"lazy\" decoding=\"async\" width=\"1024\" height=\"682\" data-id=\"165096\" class=\"wp-image-165096\" src=\"https:\/\/i0.wp.com\/www.claret.org\/wp-content\/uploads\/2024\/04\/WhatsApp-Image-2024-04-12-at-19.26.05.jpeg?resize=1024%2C682&#038;ssl=1\" alt=\"\" title=\"\" srcset=\"https:\/\/www.claret.org\/wp-content\/uploads\/2024\/04\/WhatsApp-Image-2024-04-12-at-19.26.05-980x653.jpeg 980w, https:\/\/www.claret.org\/wp-content\/uploads\/2024\/04\/WhatsApp-Image-2024-04-12-at-19.26.05-480x320.jpeg 480w\" sizes=\"(min-width: 0px) and (max-width: 480px) 480px, (min-width: 481px) and (max-width: 980px) 980px, (min-width: 981px) 1024px, 100vw\" \/><\/figure>\r\n\r\n\r\n\r\n<figure class=\"wp-block-image size-large\"><img data-recalc-dims=\"1\" loading=\"lazy\" decoding=\"async\" width=\"1024\" height=\"576\" data-id=\"165090\" class=\"wp-image-165090\" src=\"https:\/\/i0.wp.com\/www.claret.org\/wp-content\/uploads\/2024\/04\/WhatsApp-Image-2024-04-12-at-19.29.30.jpeg?resize=1024%2C576&#038;ssl=1\" alt=\"\" title=\"\" srcset=\"https:\/\/www.claret.org\/wp-content\/uploads\/2024\/04\/WhatsApp-Image-2024-04-12-at-19.29.30-980x551.jpeg 980w, https:\/\/www.claret.org\/wp-content\/uploads\/2024\/04\/WhatsApp-Image-2024-04-12-at-19.29.30-480x270.jpeg 480w\" sizes=\"(min-width: 0px) and (max-width: 480px) 480px, (min-width: 481px) and (max-width: 980px) 980px, (min-width: 981px) 1024px, 100vw\" \/><\/figure>\r\n\r\n\r\n\r\n<figure class=\"wp-block-image size-large\"><img data-recalc-dims=\"1\" loading=\"lazy\" decoding=\"async\" width=\"1024\" height=\"682\" data-id=\"165089\" class=\"wp-image-165089\" src=\"https:\/\/i0.wp.com\/www.claret.org\/wp-content\/uploads\/2024\/04\/WhatsApp-Image-2024-04-12-at-19.29.49.jpeg?resize=1024%2C682&#038;ssl=1\" alt=\"\" title=\"\" srcset=\"https:\/\/www.claret.org\/wp-content\/uploads\/2024\/04\/WhatsApp-Image-2024-04-12-at-19.29.49-980x653.jpeg 980w, https:\/\/www.claret.org\/wp-content\/uploads\/2024\/04\/WhatsApp-Image-2024-04-12-at-19.29.49-480x320.jpeg 480w\" sizes=\"(min-width: 0px) and (max-width: 480px) 480px, (min-width: 481px) and (max-width: 980px) 980px, (min-width: 981px) 1024px, 100vw\" \/><\/figure>\r\n<\/figure>\r\n\r\n\r\n\r\n<p>&nbsp;<\/p>\r\n\r\n\r\n\r\n<p>&nbsp;<\/p>\r\n\r\n\r\n\r\n<p><span style=\"font-weight: 400;\">Durante los dos \u00faltimos d\u00edas, se debatieron de forma sinodal varios temas relativos a la vida y la misi\u00f3n de la Delegaci\u00f3n. La Asamblea tambi\u00e9n dedic\u00f3 un tiempo considerable a actualizar, debatir y compartir reflexiones sobre la nueva fundaci\u00f3n en Sud\u00e1n del Sur como parte de la misi\u00f3n de la Delegaci\u00f3n Independiente de San Jos\u00e9 Vaz.\u00a0<\/span><\/p>\r\n<p><span style=\"font-weight: 400;\">A la Asamblea asistieron todos los miembros profesos, incluidos los miembros profesos de otros \u00d3rganos mayores en formaci\u00f3n en Sri Lanka. La Asamblea termin\u00f3 en la tarde del 12 de abril con la reflexi\u00f3n final del Superior Mayor titulada \u00abHacia un futuro esperanzador con audacia arraigada &amp; arraigo audaz\u00bb.<\/span><\/p>\r\n<p><span style=\"font-weight: 400;\">Fuente: P. Annroy CMF, Secretario de la Delegaci\u00f3n Independiente de San Jos\u00e9 Vaz.<\/span><\/p>\r\n\r\n\r\n\r\n<p>&nbsp;<\/p>\r\n\r\n\r\n\r\n<p>&nbsp;<\/p>\r\n\r\n\r\n\r\n<figure class=\"wp-block-gallery has-nested-images columns-default is-cropped wp-block-gallery-2 is-layout-flex wp-block-gallery-is-layout-flex\">\r\n<figure class=\"wp-block-image size-large\"><img data-recalc-dims=\"1\" loading=\"lazy\" decoding=\"async\" width=\"1024\" height=\"682\" data-id=\"165108\" class=\"wp-image-165108\" src=\"https:\/\/i0.wp.com\/www.claret.org\/wp-content\/uploads\/2024\/04\/WhatsApp-Image-2024-04-12-at-19.34.32.jpeg?resize=1024%2C682&#038;ssl=1\" alt=\"\" title=\"\" srcset=\"https:\/\/www.claret.org\/wp-content\/uploads\/2024\/04\/WhatsApp-Image-2024-04-12-at-19.34.32-980x653.jpeg 980w, https:\/\/www.claret.org\/wp-content\/uploads\/2024\/04\/WhatsApp-Image-2024-04-12-at-19.34.32-480x320.jpeg 480w\" sizes=\"(min-width: 0px) and (max-width: 480px) 480px, (min-width: 481px) and (max-width: 980px) 980px, (min-width: 981px) 1024px, 100vw\" \/><\/figure>\r\n\r\n\r\n\r\n<figure class=\"wp-block-image size-large\"><img data-recalc-dims=\"1\" loading=\"lazy\" decoding=\"async\" width=\"1024\" height=\"682\" data-id=\"165120\" class=\"wp-image-165120\" src=\"https:\/\/i0.wp.com\/www.claret.org\/wp-content\/uploads\/2024\/04\/WhatsApp-Image-2024-04-12-at-19.34.36.jpeg?resize=1024%2C682&#038;ssl=1\" alt=\"\" title=\"\" srcset=\"https:\/\/www.claret.org\/wp-content\/uploads\/2024\/04\/WhatsApp-Image-2024-04-12-at-19.34.36-980x653.jpeg 980w, https:\/\/www.claret.org\/wp-content\/uploads\/2024\/04\/WhatsApp-Image-2024-04-12-at-19.34.36-480x320.jpeg 480w\" sizes=\"(min-width: 0px) and (max-width: 480px) 480px, (min-width: 481px) and (max-width: 980px) 980px, (min-width: 981px) 1024px, 100vw\" \/><\/figure>\r\n\r\n\r\n\r\n<figure class=\"wp-block-image size-large\"><img data-recalc-dims=\"1\" loading=\"lazy\" decoding=\"async\" width=\"1024\" height=\"682\" data-id=\"165102\" class=\"wp-image-165102\" src=\"https:\/\/i0.wp.com\/www.claret.org\/wp-content\/uploads\/2024\/04\/WhatsApp-Image-2024-04-12-at-19.29.49-1.jpeg?resize=1024%2C682&#038;ssl=1\" alt=\"\" title=\"\" srcset=\"https:\/\/www.claret.org\/wp-content\/uploads\/2024\/04\/WhatsApp-Image-2024-04-12-at-19.29.49-1-980x653.jpeg 980w, https:\/\/www.claret.org\/wp-content\/uploads\/2024\/04\/WhatsApp-Image-2024-04-12-at-19.29.49-1-480x320.jpeg 480w\" sizes=\"(min-width: 0px) and (max-width: 480px) 480px, (min-width: 481px) and (max-width: 980px) 980px, (min-width: 981px) 1024px, 100vw\" \/><\/figure>\r\n\r\n\r\n\r\n<figure class=\"wp-block-image size-large\"><img data-recalc-dims=\"1\" loading=\"lazy\" decoding=\"async\" width=\"1024\" height=\"682\" data-id=\"165114\" class=\"wp-image-165114\" src=\"https:\/\/i0.wp.com\/www.claret.org\/wp-content\/uploads\/2024\/04\/WhatsApp-Image-2024-04-12-at-19.34.37.jpeg?resize=1024%2C682&#038;ssl=1\" alt=\"\" title=\"\" srcset=\"https:\/\/www.claret.org\/wp-content\/uploads\/2024\/04\/WhatsApp-Image-2024-04-12-at-19.34.37-980x653.jpeg 980w, https:\/\/www.claret.org\/wp-content\/uploads\/2024\/04\/WhatsApp-Image-2024-04-12-at-19.34.37-480x320.jpeg 480w\" sizes=\"(min-width: 0px) and (max-width: 480px) 480px, (min-width: 481px) and (max-width: 980px) 980px, (min-width: 981px) 1024px, 100vw\" \/><\/figure>\r\n\r\n\r\n\r\n<figure class=\"wp-block-image size-large\"><img data-recalc-dims=\"1\" loading=\"lazy\" decoding=\"async\" width=\"1024\" height=\"682\" data-id=\"165126\" class=\"wp-image-165126\" src=\"https:\/\/i0.wp.com\/www.claret.org\/wp-content\/uploads\/2024\/04\/WhatsApp-Image-2024-04-12-at-19.34.40.jpeg?resize=1024%2C682&#038;ssl=1\" alt=\"\" title=\"\" srcset=\"https:\/\/www.claret.org\/wp-content\/uploads\/2024\/04\/WhatsApp-Image-2024-04-12-at-19.34.40-980x653.jpeg 980w, https:\/\/www.claret.org\/wp-content\/uploads\/2024\/04\/WhatsApp-Image-2024-04-12-at-19.34.40-480x320.jpeg 480w\" sizes=\"(min-width: 0px) and (max-width: 480px) 480px, (min-width: 481px) and (max-width: 980px) 980px, (min-width: 981px) 1024px, 100vw\" \/><\/figure>\r\n\r\n\r\n\r\n<figure class=\"wp-block-image size-large\"><img data-recalc-dims=\"1\" loading=\"lazy\" decoding=\"async\" width=\"1024\" height=\"576\" data-id=\"165132\" class=\"wp-image-165132\" src=\"https:\/\/i0.wp.com\/www.claret.org\/wp-content\/uploads\/2024\/04\/WhatsApp-Image-2024-04-12-at-19.34.56-2.jpeg?resize=1024%2C576&#038;ssl=1\" alt=\"\" title=\"\" srcset=\"https:\/\/www.claret.org\/wp-content\/uploads\/2024\/04\/WhatsApp-Image-2024-04-12-at-19.34.56-2-980x551.jpeg 980w, https:\/\/www.claret.org\/wp-content\/uploads\/2024\/04\/WhatsApp-Image-2024-04-12-at-19.34.56-2-480x270.jpeg 480w\" sizes=\"(min-width: 0px) and (max-width: 480px) 480px, (min-width: 481px) and (max-width: 980px) 980px, (min-width: 981px) 1024px, 100vw\" \/><\/figure>\r\n<\/figure>\r\n","protected":false},"excerpt":{"rendered":"<p>Kattuwa, Sri Lanka. La Delegaci\u00f3n Independiente de San Jos\u00e9 Vaz celebr\u00f3 su Asamblea Anual del 8 al 12 de abril de 2024 en el Seminario de San Claret, Kattuwa, Sri Lanka.\u00a0 La jornada inaugural comenz\u00f3 en un ambiente reverente con la Celebraci\u00f3n Eucar\u00edstica inaugural presidida por el P. Joseph Jeyaseelan, CMF, Superior Mayor. Al d\u00eda [&hellip;]<\/p>\n","protected":false},"author":69,"featured_media":165143,"comment_status":"closed","ping_status":"closed","sticky":false,"template":"","format":"standard","meta":{"_et_pb_use_builder":"","_et_pb_old_content":"","_et_gb_content_width":"","footnotes":""},"categories":[246],"tags":[],"class_list":["post-165145","post","type-post","status-publish","format-standard","has-post-thumbnail","hentry","category-st-joseph-vaz-es"],"jetpack_featured_media_url":"https:\/\/i0.wp.com\/www.claret.org\/wp-content\/uploads\/2024\/04\/WhatsApp-Image-2024-04-12-at-19.20.39.jpeg?fit=1600%2C1063&ssl=1","jetpack_sharing_enabled":true,"jetpack_shortlink":"https:\/\/wp.me\/pdaBmi-GXD","jetpack_likes_enabled":true,"_links":{"self":[{"href":"https:\/\/www.claret.org\/es\/wp-json\/wp\/v2\/posts\/165145","targetHints":{"allow":["GET"]}}],"collection":[{"href":"https:\/\/www.claret.org\/es\/wp-json\/wp\/v2\/posts"}],"about":[{"href":"https:\/\/www.claret.org\/es\/wp-json\/wp\/v2\/types\/post"}],"author":[{"embeddable":true,"href":"https:\/\/www.claret.org\/es\/wp-json\/wp\/v2\/users\/69"}],"replies":[{"embeddable":true,"href":"https:\/\/www.claret.org\/es\/wp-json\/wp\/v2\/comments?post=165145"}],"version-history":[{"count":0,"href":"https:\/\/www.claret.org\/es\/wp-json\/wp\/v2\/posts\/165145\/revisions"}],"wp:featuredmedia":[{"embeddable":true,"href":"https:\/\/www.claret.org\/es\/wp-json\/wp\/v2\/media\/165143"}],"wp:attachment":[{"href":"https:\/\/www.claret.org\/es\/wp-json\/wp\/v2\/media?parent=165145"}],"wp:term":[{"taxonomy":"category","embeddable":true,"href":"https:\/\/www.claret.org\/es\/wp-json\/wp\/v2\/categories?post=165145"},{"taxonomy":"post_tag","embeddable":true,"href":"https:\/\/www.claret.org\/es\/wp-json\/wp\/v2\/tags?post=165145"}],"curies":[{"name":"wp","href":"https:\/\/api.w.org\/{rel}","templated":true}]}}