{"id":16666,"date":"2018-04-15T12:14:38","date_gmt":"2018-04-15T10:14:38","guid":{"rendered":"https:\/\/www.claret.org\/?p=16666"},"modified":"2018-04-18T12:26:06","modified_gmt":"2018-04-18T10:26:06","slug":"50-anos-de-la-creacion-de-la-provincia-de-euskal-herria","status":"publish","type":"post","link":"https:\/\/www.claret.org\/es\/50-anos-de-la-creacion-de-la-provincia-de-euskal-herria\/","title":{"rendered":"50 A\u00d1OS DE LA CREACI\u00d3N DE LA PROVINCIA DE EUSKAL HERRIA"},"content":{"rendered":"<p>Fue en el cap\u00edtulo General celebrado en el Colegio Internacional \u201cClaretianum\u201d de Roma, desde el 1 de septiembre al 14 de noviembre de 1967, cuando se debati\u00f3, en la sesi\u00f3n capitular matutina del 27 de octubre de 1967 &#8211; no sin acaloradas intervenciones a favor y en contra &#8211;  el Proyecto del nuevo Organismo mayor vasco-navarro con este resultado de la votaci\u00f3n: placet 32 &#8211; non placet 27.<\/p>\n<p>Las razones y motivaciones para la creaci\u00f3n de este nuevo Organismo mayor, no fueron propiamente pol\u00edticas, sino pastorales. Hab\u00eda que sintonizar con el Pueblo al que se quer\u00eda evangelizar, en este caso el Pueblo vasco-navarro. El criterio evangelizador de la inculturaci\u00f3n hab\u00eda que aplicarlo y practicarlo en el territorio de Alava, Bizkaia, Gipuzkoa y Navarra, en su historia, lengua y cultura propia. Todo un reto ante el horizonte trazado por el Concilio Vaticano II y en sinton\u00eda con las Iglesia locales.<\/p>\n<p>El Superior General, Antonio Leghisa visitaba la Provincia de Cantabria del 20 al 29 de febrero. El 1 de abril el Consejo General aprobaba la nueva reestructuraci\u00f3n: se erig\u00eda una nueva Provincia (La Provincia de Le\u00f3n) y se produc\u00eda una modificaci\u00f3n parcial de las Provincias de Castilla y Cantabria ya existentes. Cantabria (creada en 1950) seguir\u00eda llam\u00e1ndose as\u00ed hasta el a\u00f1o 1980 en que se llamar\u00eda Provincia de Euskal-Herria, con una configuraci\u00f3n territorial concreta: el Pa\u00eds Vasco-Navarro, y se empez\u00f3 a constituirse como Provincia con la designaci\u00f3n por el Consejo General del primer Gobierno Provincial: fue el 5 de abril de 1968 y la toma de posesi\u00f3n el 15 del mismo mes y a\u00f1o en la Curia Provincial de Bilbao. Durar\u00eda solamente un a\u00f1o y dos meses. No se acert\u00f3 en lograr una mayor conciliaci\u00f3n de posturas. Y present\u00f3 la dimisi\u00f3n.<\/p>\n<p>Vendr\u00edan despu\u00e9s los siguientes Cap\u00edtulos y nuevos gobiernos provinciales que fueron dando vida a un proyecto de vida misionera inculturada tanto en los centros educativos de San Sebasti\u00e1n, Askartza en Leioa, Larraona en Pamplona, como en el ministerio parroquial en Bilbao, San Sebasti\u00e1n, Vitoria y Agurain-Salvatierra; en la proyecci\u00f3n misionera en el Norte de Potos\u00ed (Bolivia) y otros ministerios. Con hermanos de Provincia colaborando en otros Organismos de la Congregaci\u00f3n (Madrid, Roma, etc.).<\/p>\n<blockquote><p><em>A los 50 a\u00f1os de aquellos or\u00edgenes de la nueva Provincia, guiados por el esp\u00edritu de Claret y del Coraz\u00f3n de Mar\u00eda, nos sentimos identificados y con gran sentido de pertenencia congregacional en este rinc\u00f3n de Europa. Hemos dado lo mejor que hemos tenido y estamos teniendo como misioneros inculturados en este Pueblo que nos ha tocado vivir y evangelizar.<\/em><\/p><\/blockquote>\n<p>&nbsp;<\/p>\n<p><strong><a href=\"https:\/\/www.claret.org\/category\/ecla\/sanctus-paulus\/euskal-herria\/\">Noticias sobre Euskal Herria<\/a><\/strong><\/p>\n","protected":false},"excerpt":{"rendered":"<p>Fue en el cap\u00edtulo General celebrado en el Colegio Internacional \u201cClaretianum\u201d de Roma, desde el 1 de septiembre al 14 de noviembre de 1967, cuando se debati\u00f3, en la sesi\u00f3n capitular matutina del 27 de octubre de 1967 &#8211; no sin acaloradas intervenciones a favor y en contra &#8211; el Proyecto del nuevo Organismo mayor [&hellip;]<\/p>\n","protected":false},"author":2,"featured_media":16667,"comment_status":"closed","ping_status":"closed","sticky":false,"template":"","format":"standard","meta":{"_et_pb_use_builder":"","_et_pb_old_content":"","_et_gb_content_width":"","footnotes":""},"categories":[281,296],"tags":[],"class_list":["post-16666","post","type-post","status-publish","format-standard","has-post-thumbnail","hentry","category-ecla-es","category-euskal-herria-es"],"jetpack_featured_media_url":"https:\/\/i0.wp.com\/www.claret.org\/wp-content\/uploads\/2018\/04\/banner7A.jpg?fit=780%2C170&ssl=1","jetpack_sharing_enabled":true,"jetpack_shortlink":"https:\/\/wp.me\/pdaBmi-4kO","jetpack_likes_enabled":true,"_links":{"self":[{"href":"https:\/\/www.claret.org\/es\/wp-json\/wp\/v2\/posts\/16666","targetHints":{"allow":["GET"]}}],"collection":[{"href":"https:\/\/www.claret.org\/es\/wp-json\/wp\/v2\/posts"}],"about":[{"href":"https:\/\/www.claret.org\/es\/wp-json\/wp\/v2\/types\/post"}],"author":[{"embeddable":true,"href":"https:\/\/www.claret.org\/es\/wp-json\/wp\/v2\/users\/2"}],"replies":[{"embeddable":true,"href":"https:\/\/www.claret.org\/es\/wp-json\/wp\/v2\/comments?post=16666"}],"version-history":[{"count":0,"href":"https:\/\/www.claret.org\/es\/wp-json\/wp\/v2\/posts\/16666\/revisions"}],"wp:featuredmedia":[{"embeddable":true,"href":"https:\/\/www.claret.org\/es\/wp-json\/wp\/v2\/media\/16667"}],"wp:attachment":[{"href":"https:\/\/www.claret.org\/es\/wp-json\/wp\/v2\/media?parent=16666"}],"wp:term":[{"taxonomy":"category","embeddable":true,"href":"https:\/\/www.claret.org\/es\/wp-json\/wp\/v2\/categories?post=16666"},{"taxonomy":"post_tag","embeddable":true,"href":"https:\/\/www.claret.org\/es\/wp-json\/wp\/v2\/tags?post=16666"}],"curies":[{"name":"wp","href":"https:\/\/api.w.org\/{rel}","templated":true}]}}