{"id":167031,"date":"2024-06-06T09:33:48","date_gmt":"2024-06-06T07:33:48","guid":{"rendered":"https:\/\/www.claret.org\/renovacion-espiritual-y-de-construccion-comunitaria-retiro-y-asamblea-anual-de-la-provincia-usa-canada\/"},"modified":"2024-06-06T09:36:55","modified_gmt":"2024-06-06T07:36:55","slug":"renovacion-espiritual-y-de-construccion-comunitaria-retiro-y-asamblea-anual-de-la-provincia-usa-canada","status":"publish","type":"post","link":"https:\/\/www.claret.org\/es\/renovacion-espiritual-y-de-construccion-comunitaria-retiro-y-asamblea-anual-de-la-provincia-usa-canada\/","title":{"rendered":"Renovaci\u00f3n espiritual y de construcci\u00f3n comunitaria: Retiro y Asamblea anual de la Provincia USA-CANADA"},"content":{"rendered":"\n<p class=\"has-drop-cap\"><p><strong>Mundelein, Chicago:<\/strong> El retiro y Asamblea anual de la Provincia USA-CANADA, celebrado del 27 de mayo al 1 de junio de 2024 en Mundelein, Chicago, fue un acontecimiento extraordinario y espiritualmente enriquecedor. Este encuentro h\u00edbrido comenz\u00f3 con la Misa del Esp\u00edritu Santo, presidida por el P. Henry Omonisaye, CMF. Su inspiradora homil\u00eda desafi\u00f3 a la provincia a convertirse en instrumentos del Esp\u00edritu Santo y proclamar con valent\u00eda la Buena Nueva.<\/p><\/p>\n\n<p>El evento comenz\u00f3 con la Entronizaci\u00f3n de las Escrituras y una reflexi\u00f3n sobre el 175\u00ba A\u00f1o Jubilar, un tiempo para la santidad, la liberaci\u00f3n y la celebraci\u00f3n de la providencia divina. Los temas del retiro, a saber, el arraigo misionero, la audacia, la perseverancia, la creatividad y la apertura al Esp\u00edritu, subrayaron la disposici\u00f3n a aprender del pasado y a abrazar el futuro con un compromiso renovado.<\/p>\n\n<p>Los debates del primer d\u00eda se centraron en la construcci\u00f3n de comunidades misioneras hol\u00edsticas que aprecien la diversidad, los dones y los talentos, fomentando la unidad y una misi\u00f3n compartida. Se hizo hincapi\u00e9 en trabajar juntos por el Evangelio, reforzando o b\u00fasqueda colectiva.<\/p>\n\n<p><\/p>\n\n<p><\/p>\n\n<figure class=\"wp-block-gallery has-nested-images columns-default is-cropped wp-block-gallery-1 is-layout-flex wp-block-gallery-is-layout-flex\">\n<figure class=\"wp-block-image size-large\"><img data-recalc-dims=\"1\" loading=\"lazy\" decoding=\"async\" width=\"1024\" height=\"682\" data-id=\"166970\" src=\"https:\/\/i0.wp.com\/www.claret.org\/wp-content\/uploads\/2024\/06\/ab2.jpg?resize=1024%2C682&#038;ssl=1\" alt=\"\" class=\"wp-image-166970\" title=\"\" srcset=\"https:\/\/www.claret.org\/wp-content\/uploads\/2024\/06\/ab2-980x653.jpg 980w, https:\/\/www.claret.org\/wp-content\/uploads\/2024\/06\/ab2-480x320.jpg 480w\" sizes=\"(min-width: 0px) and (max-width: 480px) 480px, (min-width: 481px) and (max-width: 980px) 980px, (min-width: 981px) 1024px, 100vw\" \/><\/figure>\n\n\n\n<figure class=\"wp-block-image size-large\"><img data-recalc-dims=\"1\" loading=\"lazy\" decoding=\"async\" width=\"1024\" height=\"683\" data-id=\"166976\" src=\"https:\/\/i0.wp.com\/www.claret.org\/wp-content\/uploads\/2024\/06\/ab7.jpg?resize=1024%2C683&#038;ssl=1\" alt=\"\" class=\"wp-image-166976\" title=\"\" srcset=\"https:\/\/www.claret.org\/wp-content\/uploads\/2024\/06\/ab7-980x653.jpg 980w, https:\/\/www.claret.org\/wp-content\/uploads\/2024\/06\/ab7-480x320.jpg 480w\" sizes=\"(min-width: 0px) and (max-width: 480px) 480px, (min-width: 481px) and (max-width: 980px) 980px, (min-width: 981px) 1024px, 100vw\" \/><\/figure>\n\n\n\n<figure class=\"wp-block-image size-large\"><img data-recalc-dims=\"1\" loading=\"lazy\" decoding=\"async\" width=\"1024\" height=\"683\" data-id=\"166982\" src=\"https:\/\/i0.wp.com\/www.claret.org\/wp-content\/uploads\/2024\/06\/ab12.jpg?resize=1024%2C683&#038;ssl=1\" alt=\"\" class=\"wp-image-166982\" title=\"\" srcset=\"https:\/\/www.claret.org\/wp-content\/uploads\/2024\/06\/ab12-980x653.jpg 980w, https:\/\/www.claret.org\/wp-content\/uploads\/2024\/06\/ab12-480x320.jpg 480w\" sizes=\"(min-width: 0px) and (max-width: 480px) 480px, (min-width: 481px) and (max-width: 980px) 980px, (min-width: 981px) 1024px, 100vw\" \/><\/figure>\n<\/figure>\n\n<p><\/p>\n\n<p><\/p>\n\n<p>El segundo d\u00eda, el Provincial, P. Paul Keller, CMF, dirigi\u00f3 sesiones din\u00e1micas sobre lo que hace una gran vida comunitaria. Hizo hincapi\u00e9 en que la comunidad es el primer acto de la misi\u00f3n. El d\u00eda estuvo lleno de reflexiones interactivas sobre la oraci\u00f3n comunitaria, los proyectos, las reuniones, las jornadas de reflexi\u00f3n, la comunicaci\u00f3n, la correcci\u00f3n fraterna y el di\u00e1logo. El d\u00eda incluy\u00f3 una animada sesi\u00f3n de intercambio de historias y sketches sobre nuestras experiencias comunitarias cotidianas, destacando v\u00edvidamente las alegr\u00edas y los retos de la vida comunitaria.<\/p>\n\n<p>El tercer d\u00eda, el P. Mark Francis, CMF, gui\u00f3 a la Asamblea en sus reflexiones sobre la liturgia evangelizadora. Desafi\u00f3 a prestar m\u00e1s atenci\u00f3n a la forma de celebrar las liturgias y transmitir el mensaje del Evangelio de una manera atractiva y relevante para aquellos a quienes servimos. Estas sesiones subrayaron la importancia de unas celebraciones lit\u00fargicas significativas y contextualmente resonantes.<\/p>\n\n<p>El \u00faltimo d\u00eda se dedic\u00f3 a los asuntos administrativos de la provincia. Las presentaciones abarcaron el estado de la provincia, los informes financieros, las actualizaciones de la pastoral vocacional y de formaci\u00f3n, y las actividades de apostolado. Este amplio panorama aclar\u00f3 los cambios en curso, los esfuerzos de reestructuraci\u00f3n, las nuevas comunidades y las misiones. Una sesi\u00f3n de preguntas y respuestas permiti\u00f3 a los participantes dialogar directamente con los responsables sobre estos temas cruciales.<\/p>\n\n<p>El retiro y la Asamblea de la Provincia de USA-CANADA fueron un momento de profunda reflexi\u00f3n, renovaci\u00f3n y construcci\u00f3n de la comunidad. Reafirm\u00f3 con fuerza el compromiso inquebrantable con la llamada misionera. El evento dot\u00f3 a los miembros de la provincia de las herramientas espirituales y pr\u00e1cticas necesarias para avanzar con fe y entusiasmo.<\/p>\n\n<p><\/p>\n\n<p><\/p>\n\n<figure class=\"wp-block-gallery has-nested-images columns-default is-cropped wp-block-gallery-2 is-layout-flex wp-block-gallery-is-layout-flex\">\n<figure class=\"wp-block-image size-large\"><img data-recalc-dims=\"1\" loading=\"lazy\" decoding=\"async\" width=\"1024\" height=\"651\" data-id=\"166988\" src=\"https:\/\/i0.wp.com\/www.claret.org\/wp-content\/uploads\/2024\/06\/AB.jpg?resize=1024%2C651&#038;ssl=1\" alt=\"\" class=\"wp-image-166988\" title=\"\" srcset=\"https:\/\/www.claret.org\/wp-content\/uploads\/2024\/06\/AB-980x623.jpg 980w, https:\/\/www.claret.org\/wp-content\/uploads\/2024\/06\/AB-480x305.jpg 480w\" sizes=\"(min-width: 0px) and (max-width: 480px) 480px, (min-width: 481px) and (max-width: 980px) 980px, (min-width: 981px) 1024px, 100vw\" \/><\/figure>\n\n\n\n<figure class=\"wp-block-image size-large\"><img data-recalc-dims=\"1\" loading=\"lazy\" decoding=\"async\" width=\"1024\" height=\"682\" data-id=\"166994\" src=\"https:\/\/i0.wp.com\/www.claret.org\/wp-content\/uploads\/2024\/06\/ab3.jpg?resize=1024%2C682&#038;ssl=1\" alt=\"\" class=\"wp-image-166994\" title=\"\" srcset=\"https:\/\/www.claret.org\/wp-content\/uploads\/2024\/06\/ab3-980x653.jpg 980w, https:\/\/www.claret.org\/wp-content\/uploads\/2024\/06\/ab3-480x320.jpg 480w\" sizes=\"(min-width: 0px) and (max-width: 480px) 480px, (min-width: 481px) and (max-width: 980px) 980px, (min-width: 981px) 1024px, 100vw\" \/><\/figure>\n\n\n\n<figure class=\"wp-block-image size-large\"><img data-recalc-dims=\"1\" loading=\"lazy\" decoding=\"async\" width=\"1024\" height=\"682\" data-id=\"167000\" src=\"https:\/\/i0.wp.com\/www.claret.org\/wp-content\/uploads\/2024\/06\/ab4.jpg?resize=1024%2C682&#038;ssl=1\" alt=\"\" class=\"wp-image-167000\" title=\"\" srcset=\"https:\/\/www.claret.org\/wp-content\/uploads\/2024\/06\/ab4-980x653.jpg 980w, https:\/\/www.claret.org\/wp-content\/uploads\/2024\/06\/ab4-480x320.jpg 480w\" sizes=\"(min-width: 0px) and (max-width: 480px) 480px, (min-width: 481px) and (max-width: 980px) 980px, (min-width: 981px) 1024px, 100vw\" \/><\/figure>\n\n\n\n<figure class=\"wp-block-image size-large\"><img data-recalc-dims=\"1\" loading=\"lazy\" decoding=\"async\" width=\"1024\" height=\"683\" data-id=\"167012\" src=\"https:\/\/i0.wp.com\/www.claret.org\/wp-content\/uploads\/2024\/06\/ab8.jpg?resize=1024%2C683&#038;ssl=1\" alt=\"\" class=\"wp-image-167012\" title=\"\" srcset=\"https:\/\/www.claret.org\/wp-content\/uploads\/2024\/06\/ab8-980x653.jpg 980w, https:\/\/www.claret.org\/wp-content\/uploads\/2024\/06\/ab8-480x320.jpg 480w\" sizes=\"(min-width: 0px) and (max-width: 480px) 480px, (min-width: 481px) and (max-width: 980px) 980px, (min-width: 981px) 1024px, 100vw\" \/><\/figure>\n\n\n\n<figure class=\"wp-block-image size-large\"><img data-recalc-dims=\"1\" loading=\"lazy\" decoding=\"async\" width=\"1024\" height=\"652\" data-id=\"167006\" src=\"https:\/\/i0.wp.com\/www.claret.org\/wp-content\/uploads\/2024\/06\/ab11.jpg?resize=1024%2C652&#038;ssl=1\" alt=\"\" class=\"wp-image-167006\" title=\"\" srcset=\"https:\/\/www.claret.org\/wp-content\/uploads\/2024\/06\/ab11-980x624.jpg 980w, https:\/\/www.claret.org\/wp-content\/uploads\/2024\/06\/ab11-480x306.jpg 480w\" sizes=\"(min-width: 0px) and (max-width: 480px) 480px, (min-width: 481px) and (max-width: 980px) 980px, (min-width: 981px) 1024px, 100vw\" \/><\/figure>\n\n\n\n<figure class=\"wp-block-image size-large\"><img data-recalc-dims=\"1\" loading=\"lazy\" decoding=\"async\" width=\"1024\" height=\"683\" data-id=\"167018\" src=\"https:\/\/i0.wp.com\/www.claret.org\/wp-content\/uploads\/2024\/06\/ab13.jpg?resize=1024%2C683&#038;ssl=1\" alt=\"\" class=\"wp-image-167018\" title=\"\" srcset=\"https:\/\/www.claret.org\/wp-content\/uploads\/2024\/06\/ab13-980x653.jpg 980w, https:\/\/www.claret.org\/wp-content\/uploads\/2024\/06\/ab13-480x320.jpg 480w\" sizes=\"(min-width: 0px) and (max-width: 480px) 480px, (min-width: 481px) and (max-width: 980px) 980px, (min-width: 981px) 1024px, 100vw\" \/><\/figure>\n<\/figure>\n","protected":false},"excerpt":{"rendered":"<p>Mundelein, Chicago: El retiro y Asamblea anual de la Provincia USA-CANADA, celebrado del 27 de mayo al 1 de junio de 2024 en Mundelein, Chicago, fue un acontecimiento extraordinario y espiritualmente enriquecedor. Este encuentro h\u00edbrido comenz\u00f3 con la Misa del Esp\u00edritu Santo, presidida por el P. Henry Omonisaye, CMF. Su inspiradora homil\u00eda desafi\u00f3 a la [&hellip;]<\/p>\n","protected":false},"author":69,"featured_media":167029,"comment_status":"closed","ping_status":"closed","sticky":false,"template":"","format":"standard","meta":{"_et_pb_use_builder":"","_et_pb_old_content":"","_et_gb_content_width":"","footnotes":""},"categories":[601],"tags":[],"class_list":["post-167031","post","type-post","status-publish","format-standard","has-post-thumbnail","hentry","category-usa-canada-es"],"jetpack_featured_media_url":"https:\/\/i0.wp.com\/www.claret.org\/wp-content\/uploads\/2024\/06\/ab10.jpg?fit=1914%2C1065&ssl=1","jetpack_sharing_enabled":true,"jetpack_shortlink":"https:\/\/wp.me\/pdaBmi-Hs3","jetpack_likes_enabled":true,"_links":{"self":[{"href":"https:\/\/www.claret.org\/es\/wp-json\/wp\/v2\/posts\/167031","targetHints":{"allow":["GET"]}}],"collection":[{"href":"https:\/\/www.claret.org\/es\/wp-json\/wp\/v2\/posts"}],"about":[{"href":"https:\/\/www.claret.org\/es\/wp-json\/wp\/v2\/types\/post"}],"author":[{"embeddable":true,"href":"https:\/\/www.claret.org\/es\/wp-json\/wp\/v2\/users\/69"}],"replies":[{"embeddable":true,"href":"https:\/\/www.claret.org\/es\/wp-json\/wp\/v2\/comments?post=167031"}],"version-history":[{"count":0,"href":"https:\/\/www.claret.org\/es\/wp-json\/wp\/v2\/posts\/167031\/revisions"}],"wp:featuredmedia":[{"embeddable":true,"href":"https:\/\/www.claret.org\/es\/wp-json\/wp\/v2\/media\/167029"}],"wp:attachment":[{"href":"https:\/\/www.claret.org\/es\/wp-json\/wp\/v2\/media?parent=167031"}],"wp:term":[{"taxonomy":"category","embeddable":true,"href":"https:\/\/www.claret.org\/es\/wp-json\/wp\/v2\/categories?post=167031"},{"taxonomy":"post_tag","embeddable":true,"href":"https:\/\/www.claret.org\/es\/wp-json\/wp\/v2\/tags?post=167031"}],"curies":[{"name":"wp","href":"https:\/\/api.w.org\/{rel}","templated":true}]}}