{"id":167235,"date":"2024-06-10T10:39:53","date_gmt":"2024-06-10T08:39:53","guid":{"rendered":"https:\/\/www.claret.org\/claretianos-en-corea-celebran-su-retiro-anual-junto-al-175o-aniversario-de-la-congregacion\/"},"modified":"2024-06-10T10:41:24","modified_gmt":"2024-06-10T08:41:24","slug":"claretianos-en-corea-celebran-su-retiro-anual-junto-al-175o-aniversario-de-la-congregacion","status":"publish","type":"post","link":"https:\/\/www.claret.org\/es\/claretianos-en-corea-celebran-su-retiro-anual-junto-al-175o-aniversario-de-la-congregacion\/","title":{"rendered":"Claretianos en Corea celebran su Retiro Anual junto al 175\u00ba Aniversario de la Congregaci\u00f3n"},"content":{"rendered":"\n<p class=\"has-drop-cap\"><p><b>Nampyeong, Corea.<\/b><span style=\"font-weight: 400;\"> Los claretianos en Corea del Sur celebraron un doble evento del 3 al 8 de junio de 2024, celebrando su Retiro Anual en Nampyeong, Corea junto con el 175\u00ba Aniversario de la Fundaci\u00f3n de la Congregaci\u00f3n. El retiro sirvi\u00f3 como un tiempo de compartir fraternal y una profunda exploraci\u00f3n de la propia identidad claretiana. Fue animado por hasta diez claretianos, exponi\u00e9ndo dos temas por d\u00eda. Bajo el lema \u2018Identidad de un Misionero Claretiano\u2019, el retiro estuvo dedicado a proporcionar una aut\u00e9ntica experiencia claretiana.<\/span><\/p><\/p>\n\n<p>La segunda parte de la celebraci\u00f3n se centr\u00f3 en el 175\u00ba aniversario de la Fundaci\u00f3n de la congregaci\u00f3n. Los eventos incluyeron una eucarist\u00eda. Durante la Misa, el Superior de la Delegaci\u00f3n distribuy\u00f3 la cruz claretiana, promovida por el Gobierno General para este aniversario. Este evento culminar\u00e1 en julio con una serie de celebraciones que involucrar\u00e1n a benefactores y amigos. Durante el encuentro final, se ofrecer\u00e1n charlas sobre temas claretianos y presentaciones, destacando la presencia claretiana en todo el mundo. Tambi\u00e9n se distribuir\u00e1n regalos conmemorativos que marcan el 175\u00ba aniversario a los asistentes.<\/p>\n\n<p>Fuente: Padre Sebasti\u00e1n Eruvelikunnel, CMF, Delegaci\u00f3n Independiente de Korea, encargado de Comunicaci\u00f3n.<\/p>\n\n<p><\/p>\n\n<p><\/p>\n\n<figure class=\"wp-block-gallery has-nested-images columns-default is-cropped wp-block-gallery-1 is-layout-flex wp-block-gallery-is-layout-flex\">\n<figure class=\"wp-block-image size-large\"><img data-recalc-dims=\"1\" loading=\"lazy\" decoding=\"async\" width=\"768\" height=\"1024\" data-id=\"167216\" src=\"https:\/\/i0.wp.com\/www.claret.org\/wp-content\/uploads\/2024\/06\/Korea-assembly-and-retreat-May-2024-3.jpg?resize=768%2C1024&#038;ssl=1\" alt=\"\" class=\"wp-image-167216\" title=\"\"><\/figure>\n\n\n\n<figure class=\"wp-block-image size-large\"><img data-recalc-dims=\"1\" loading=\"lazy\" decoding=\"async\" width=\"768\" height=\"1024\" data-id=\"167214\" src=\"https:\/\/i0.wp.com\/www.claret.org\/wp-content\/uploads\/2024\/06\/Korea-assembly-and-retreat-May-2024-4.jpg?resize=768%2C1024&#038;ssl=1\" alt=\"\" class=\"wp-image-167214\" title=\"\"><\/figure>\n\n\n\n<figure class=\"wp-block-image size-large\"><img data-recalc-dims=\"1\" loading=\"lazy\" decoding=\"async\" width=\"768\" height=\"1024\" data-id=\"167215\" src=\"https:\/\/i0.wp.com\/www.claret.org\/wp-content\/uploads\/2024\/06\/Korea-assembly-and-retreat-May-2024-5.jpg?resize=768%2C1024&#038;ssl=1\" alt=\"\" class=\"wp-image-167215\" title=\"\"><\/figure>\n\n\n\n<figure class=\"wp-block-image size-large\"><img data-recalc-dims=\"1\" loading=\"lazy\" decoding=\"async\" width=\"1024\" height=\"768\" data-id=\"167222\" src=\"https:\/\/i0.wp.com\/www.claret.org\/wp-content\/uploads\/2024\/06\/Korea-assembly-and-retreat-May-2024-9.jpg?resize=1024%2C768&#038;ssl=1\" alt=\"\" class=\"wp-image-167222\" title=\"\" srcset=\"https:\/\/www.claret.org\/wp-content\/uploads\/2024\/06\/Korea-assembly-and-retreat-May-2024-9-980x735.jpg 980w, https:\/\/www.claret.org\/wp-content\/uploads\/2024\/06\/Korea-assembly-and-retreat-May-2024-9-480x360.jpg 480w\" sizes=\"(min-width: 0px) and (max-width: 480px) 480px, (min-width: 481px) and (max-width: 980px) 980px, (min-width: 981px) 1024px, 100vw\" \/><\/figure>\n<\/figure>\n","protected":false},"excerpt":{"rendered":"<p>Nampyeong, Corea. Los claretianos en Corea del Sur celebraron un doble evento del 3 al 8 de junio de 2024, celebrando su Retiro Anual en Nampyeong, Corea junto con el 175\u00ba Aniversario de la Fundaci\u00f3n de la Congregaci\u00f3n. El retiro sirvi\u00f3 como un tiempo de compartir fraternal y una profunda exploraci\u00f3n de la propia identidad [&hellip;]<\/p>\n","protected":false},"author":69,"featured_media":167233,"comment_status":"closed","ping_status":"closed","sticky":false,"template":"","format":"standard","meta":{"_et_pb_use_builder":"","_et_pb_old_content":"","_et_gb_content_width":"","footnotes":""},"categories":[211],"tags":[],"class_list":["post-167235","post","type-post","status-publish","format-standard","has-post-thumbnail","hentry","category-korea-es"],"jetpack_featured_media_url":"https:\/\/i0.wp.com\/www.claret.org\/wp-content\/uploads\/2024\/06\/Korea-assembly-and-retreat-May-2024-7.jpg?fit=1440%2C968&ssl=1","jetpack_sharing_enabled":true,"jetpack_shortlink":"https:\/\/wp.me\/pdaBmi-Hvl","jetpack_likes_enabled":true,"_links":{"self":[{"href":"https:\/\/www.claret.org\/es\/wp-json\/wp\/v2\/posts\/167235","targetHints":{"allow":["GET"]}}],"collection":[{"href":"https:\/\/www.claret.org\/es\/wp-json\/wp\/v2\/posts"}],"about":[{"href":"https:\/\/www.claret.org\/es\/wp-json\/wp\/v2\/types\/post"}],"author":[{"embeddable":true,"href":"https:\/\/www.claret.org\/es\/wp-json\/wp\/v2\/users\/69"}],"replies":[{"embeddable":true,"href":"https:\/\/www.claret.org\/es\/wp-json\/wp\/v2\/comments?post=167235"}],"version-history":[{"count":0,"href":"https:\/\/www.claret.org\/es\/wp-json\/wp\/v2\/posts\/167235\/revisions"}],"wp:featuredmedia":[{"embeddable":true,"href":"https:\/\/www.claret.org\/es\/wp-json\/wp\/v2\/media\/167233"}],"wp:attachment":[{"href":"https:\/\/www.claret.org\/es\/wp-json\/wp\/v2\/media?parent=167235"}],"wp:term":[{"taxonomy":"category","embeddable":true,"href":"https:\/\/www.claret.org\/es\/wp-json\/wp\/v2\/categories?post=167235"},{"taxonomy":"post_tag","embeddable":true,"href":"https:\/\/www.claret.org\/es\/wp-json\/wp\/v2\/tags?post=167235"}],"curies":[{"name":"wp","href":"https:\/\/api.w.org\/{rel}","templated":true}]}}