{"id":16890,"date":"2018-02-07T18:15:59","date_gmt":"2018-02-07T16:15:59","guid":{"rendered":"https:\/\/www.claret.org\/asamblea-de-los-gobiernos-de-la-mision-de-gabon-y-de-la-delegacion-de-guinea-ecuatorial\/"},"modified":"2019-07-06T11:08:02","modified_gmt":"2019-07-06T09:08:02","slug":"asamblea-de-los-gobiernos-de-la-mision-de-gabon-y-de-la-delegacion-de-guinea-ecuatorial","status":"publish","type":"post","link":"https:\/\/www.claret.org\/es\/asamblea-de-los-gobiernos-de-la-mision-de-gabon-y-de-la-delegacion-de-guinea-ecuatorial\/","title":{"rendered":"Asamblea de los Gobiernos de la Misi\u00f3n de Gab\u00f3n y de la Delegaci\u00f3n de Guinea Ecuatorial"},"content":{"rendered":"<p><strong>Bata, Guinea Ecuatorial.<\/strong> El mi\u00e9rcoles, 7 de febrero, y por la ma\u00f1ana comenz\u00f3 en la Casa de Formaci\u00f3n \u00abP. Jos\u00e9 Xifre \u00abde Bata la Asamblea de los Gobiernos de la Misi\u00f3n de Gab\u00f3n y la Delegaci\u00f3n de Guinea Ecuatorial, presidida por el Vicario General, P. Gonzalo Fern\u00e1ndez. El objetivo es consolidar los pasos hacia la realizaci\u00f3n del proyecto de reorganizaci\u00f3n y uni\u00f3n de Gab\u00f3n y Guinea Ecuatorial.<\/p>\n<p>Oremos por los frutos de la Asamblea.<\/p>\n","protected":false},"excerpt":{"rendered":"<p>Bata, Guinea Ecuatorial. El mi\u00e9rcoles, 7 de febrero, y por la ma\u00f1ana comenz\u00f3 en la Casa de Formaci\u00f3n \u00abP. Jos\u00e9 Xifre \u00abde Bata la Asamblea de los Gobiernos de la Misi\u00f3n de Gab\u00f3n y la Delegaci\u00f3n de Guinea Ecuatorial, presidida por el Vicario General, P. Gonzalo Fern\u00e1ndez. El objetivo es consolidar los pasos hacia la [&hellip;]<\/p>\n","protected":false},"author":1,"featured_media":5875,"comment_status":"closed","ping_status":"closed","sticky":false,"template":"","format":"standard","meta":{"_et_pb_use_builder":"","_et_pb_old_content":"","_et_gb_content_width":"","footnotes":""},"categories":[984,171],"tags":[],"class_list":["post-16890","post","type-post","status-publish","format-standard","has-post-thumbnail","hentry","category-acla-es","category-padre-xifre-es"],"jetpack_featured_media_url":"https:\/\/i0.wp.com\/www.claret.org\/wp-content\/uploads\/2018\/02\/WhatsApp-Image-2018-02-08-at-04.39.16-1080x607.jpeg?fit=1080%2C607&ssl=1","jetpack_sharing_enabled":true,"jetpack_shortlink":"https:\/\/wp.me\/pdaBmi-4oq","jetpack_likes_enabled":true,"_links":{"self":[{"href":"https:\/\/www.claret.org\/es\/wp-json\/wp\/v2\/posts\/16890","targetHints":{"allow":["GET"]}}],"collection":[{"href":"https:\/\/www.claret.org\/es\/wp-json\/wp\/v2\/posts"}],"about":[{"href":"https:\/\/www.claret.org\/es\/wp-json\/wp\/v2\/types\/post"}],"author":[{"embeddable":true,"href":"https:\/\/www.claret.org\/es\/wp-json\/wp\/v2\/users\/1"}],"replies":[{"embeddable":true,"href":"https:\/\/www.claret.org\/es\/wp-json\/wp\/v2\/comments?post=16890"}],"version-history":[{"count":0,"href":"https:\/\/www.claret.org\/es\/wp-json\/wp\/v2\/posts\/16890\/revisions"}],"wp:featuredmedia":[{"embeddable":true,"href":"https:\/\/www.claret.org\/es\/wp-json\/wp\/v2\/media\/5875"}],"wp:attachment":[{"href":"https:\/\/www.claret.org\/es\/wp-json\/wp\/v2\/media?parent=16890"}],"wp:term":[{"taxonomy":"category","embeddable":true,"href":"https:\/\/www.claret.org\/es\/wp-json\/wp\/v2\/categories?post=16890"},{"taxonomy":"post_tag","embeddable":true,"href":"https:\/\/www.claret.org\/es\/wp-json\/wp\/v2\/tags?post=16890"}],"curies":[{"name":"wp","href":"https:\/\/api.w.org\/{rel}","templated":true}]}}