{"id":16897,"date":"2018-01-20T10:25:07","date_gmt":"2018-01-20T08:25:07","guid":{"rendered":"https:\/\/www.claret.org\/6-festivales-biblicos-en-camerun\/"},"modified":"2018-01-20T10:25:07","modified_gmt":"2018-01-20T08:25:07","slug":"6-festivales-biblicos-en-camerun","status":"publish","type":"post","link":"https:\/\/www.claret.org\/es\/6-festivales-biblicos-en-camerun\/","title":{"rendered":"6 Festivales B\u00edblicos en Camer\u00fan"},"content":{"rendered":"<p><strong>Douala, Camer\u00fan. <\/strong>Los meses de diciembre y enero en la Delegaci\u00f3n de Camer\u00fan siempre se han dedicado a la celebraci\u00f3n de la Palabra de Dios con Cristo fiel a trav\u00e9s de los festivales b\u00edblicos. Dentro de ese espacio de tiempo, se organizaron seis Festivales B\u00edblicos en Douala y Yaund\u00e9.<\/p>\n<p>Todo comenz\u00f3 en la Arquidi\u00f3cesis de Douala, el 15 de diciembre. La Catedral de los Santos Pedro y Pablo de Duala estuvo llena de cristianos, laicos y religiosos. Los cristianos se reunieron para el tradicional y anual Festival de la Biblia de Navidad organizado por los Misioneros Claretianos. Fueron honrados con la presencia del Arzobispo Metropolitano de Douala, Mons. Samuel Kleda. El Festival de la Biblia tiene como objetivo hacer que la Palabra de Dios sea conocida y amada. Tambi\u00e9n es una oportunidad de oro para que nuestras actividades y producciones sean conocidas por el Pueblo de Dios.<\/p>\n<p>Nueva este a\u00f1o fue la procesi\u00f3n y la entronizaci\u00f3n de la Biblia dirigida por el Superior Mayor de Camer\u00fan, P. Michel Archange Tigui, CMF. La misma fue seguida por la Lectura P\u00fablica de la Palabra de Dios en franc\u00e9s e ingl\u00e9s por el Prefecto del Apostolado de la Biblia, el P. Jude Thaddeus Langeh, CMF, y, en concreto, de Juan 1, 1-14. Siguiendo con el verso \u00abEl Verbo se hizo carne y habit\u00f3 entre nosotros. Hemos visto su gloria, la gloria del \u00fanico Hijo, que vino del Padre, lleno de gracia y de verdad\u00bb (Juan 1, 14), el Superior Mayor hizo un llamado a los cristianos a permanecer fieles a la Palabra de Dios.<\/p>\n<p>En Douala hubo una gran cobertura medi\u00e1tica del Festival a trav\u00e9s de Veritas TV, Radio Veritas, que es la Radio y Televisi\u00f3n oficial de la Arquidi\u00f3cesis de Douala, LTM Radio y TV, y de otros peri\u00f3dicos locales. El \u00e9xito de este Festival se debi\u00f3 al alto nivel de preparaci\u00f3n a trav\u00e9s de la impresi\u00f3n de pancartas, folletos y tarjetas de invitaci\u00f3n. Tambi\u00e9n hubo muchos programas de televisi\u00f3n y radio que hicieron una amplia publicidad del evento.<\/p>\n<p>Por otro lado, en la Arquidi\u00f3cesis de Yaund\u00e9, se organizaron los Festivales B\u00edblicos en las siguientes Parroquias: Mar\u00eda Reina de los Ap\u00f3stoles Bas\u00edlica, Mvolye, Esp\u00edritu Santo, Parroquia franc\u00f3fona, Mvolye, San Jos\u00e9, Parroquia angl\u00f3fona, Mvog-Ada, SS. Pedro y Pablo Parroquia Angl\u00f3fona, Simbock, St Ann Parish, Obili. En estas Parroquias tuvimos la oportunidad de celebrar la Misa y de presentar La Pastoral B\u00edblica Claretiana.<\/p>\n<p>El tema \u00abProclamaci\u00f3n de la Buena Noticia\u00bb ha sido elegido para nuestra Pastoral B\u00edblica. Celebramos la Palabra de Dios y la difundimos por todos los medios posibles, particularmente a trav\u00e9s de las redes sociales &#8211; whatsapp, facebook, etc. -. El Festival de la Biblia nos brinda la ocasi\u00f3n de celebrar, predicar la Buena Nueva a todo el mundo, y de alentar a las personas a vivir y practicar esta Palabra en sus vidas diarias. A trav\u00e9s del Festival de la Biblia, tambi\u00e9n aprovechamos para presentar la nueva edici\u00f3n del Evangelium Bible Diary y otras publicaciones hechas por los Misioneros Claretianos. Muchos de ellos, as\u00ed como Seglares Claretianos y colaboradores, se hicieron presentes.<\/p>\n<p><em>Reportaje de: Valery Ngam (Voluntario de la pastoral B\u00edblica Claretiana, Douala, Camer\u00fan)<\/em><\/p>\n<p>[ngg_images source=\u00bbgalleries\u00bb container_ids=\u00bb22&#8243; display_type=\u00bbphotocrati-nextgen_pro_mosaic\u00bb row_height=\u00bb180&#8243; margins=\u00bb5&#8243; last_row=\u00bbjustify\u00bb lazy_load_enable=\u00bb1&#8243; lazy_load_initial=\u00bb35&#8243; lazy_load_batch=\u00bb15&#8243; display_type_view=\u00bbdefault\u00bb ngg_proofing_display=\u00bb0&#8243; captions_enabled=\u00bb0&#8243; captions_display_sharing=\u00bb1&#8243; captions_display_title=\u00bb1&#8243; captions_display_description=\u00bb1&#8243; captions_animation=\u00bbslideup\u00bb order_by=\u00bbsortorder\u00bb order_direction=\u00bbASC\u00bb returns=\u00bbincluded\u00bb maximum_entity_count=\u00bb500&#8243;]<\/p>\n","protected":false},"excerpt":{"rendered":"<p>Douala, Camer\u00fan. Los meses de diciembre y enero en la Delegaci\u00f3n de Camer\u00fan siempre se han dedicado a la celebraci\u00f3n de la Palabra de Dios con Cristo fiel a trav\u00e9s de los festivales b\u00edblicos. Dentro de ese espacio de tiempo, se organizaron seis Festivales B\u00edblicos en Douala y Yaund\u00e9. Todo comenz\u00f3 en la Arquidi\u00f3cesis de [&hellip;]<\/p>\n","protected":false},"author":1,"featured_media":0,"comment_status":"closed","ping_status":"closed","sticky":false,"template":"","format":"standard","meta":{"_et_pb_use_builder":"","_et_pb_old_content":"","_et_gb_content_width":"","footnotes":""},"categories":[984,132],"tags":[],"class_list":["post-16897","post","type-post","status-publish","format-standard","hentry","category-acla-es","category-cameroun-es"],"jetpack_featured_media_url":"","jetpack_sharing_enabled":true,"jetpack_shortlink":"https:\/\/wp.me\/pdaBmi-4ox","jetpack_likes_enabled":true,"_links":{"self":[{"href":"https:\/\/www.claret.org\/es\/wp-json\/wp\/v2\/posts\/16897","targetHints":{"allow":["GET"]}}],"collection":[{"href":"https:\/\/www.claret.org\/es\/wp-json\/wp\/v2\/posts"}],"about":[{"href":"https:\/\/www.claret.org\/es\/wp-json\/wp\/v2\/types\/post"}],"author":[{"embeddable":true,"href":"https:\/\/www.claret.org\/es\/wp-json\/wp\/v2\/users\/1"}],"replies":[{"embeddable":true,"href":"https:\/\/www.claret.org\/es\/wp-json\/wp\/v2\/comments?post=16897"}],"version-history":[{"count":0,"href":"https:\/\/www.claret.org\/es\/wp-json\/wp\/v2\/posts\/16897\/revisions"}],"wp:attachment":[{"href":"https:\/\/www.claret.org\/es\/wp-json\/wp\/v2\/media?parent=16897"}],"wp:term":[{"taxonomy":"category","embeddable":true,"href":"https:\/\/www.claret.org\/es\/wp-json\/wp\/v2\/categories?post=16897"},{"taxonomy":"post_tag","embeddable":true,"href":"https:\/\/www.claret.org\/es\/wp-json\/wp\/v2\/tags?post=16897"}],"curies":[{"name":"wp","href":"https:\/\/api.w.org\/{rel}","templated":true}]}}