{"id":16943,"date":"2015-09-11T14:36:28","date_gmt":"2015-09-11T12:36:28","guid":{"rendered":"https:\/\/www.claret.org\/adorar-caminar-y-acompanar-el-mensaje-del-santo-padre-a-la-congregacion\/"},"modified":"2015-09-11T14:36:28","modified_gmt":"2015-09-11T12:36:28","slug":"adorar-caminar-y-acompanar-el-mensaje-del-santo-padre-a-la-congregacion","status":"publish","type":"post","link":"https:\/\/www.claret.org\/es\/adorar-caminar-y-acompanar-el-mensaje-del-santo-padre-a-la-congregacion\/","title":{"rendered":"Adorar, caminar y acompa\u00f1ar: el mensaje del Santo Padre a la Congregaci\u00f3n"},"content":{"rendered":"<p><strong>Roma<\/strong>. En este d\u00eda del Cap\u00edtulo se destaca el encuentro de los Misioneros con el Papa Francisco en la sala del \u00abConsistorio\u00bb.<\/p>\n<p>El Superior General Mathew Vattamattam, CMF, en el comienzo de la audiencia, salud\u00f3 al Santo Padre manifest\u00e1ndole la cercan\u00eda y el apoyo de la Congregaci\u00f3n en la Misi\u00f3n de la Iglesia. La Misi\u00f3n Claretiana, expres\u00f3 el P. General, insiste hoy en las notas-clave de salida a las periferias y de cercan\u00eda con los pobres, conforme a Evangeli Gaudium. Despu\u00e9s del mensaje, le pidi\u00f3 la bendici\u00f3n para la Congregaci\u00f3n acompa\u00f1ada de una iluminaci\u00f3n.<\/p>\n<p>La respuesta del Santo Padre fue clara y generosa. Con el tono festivo y familiar, invit\u00f3 a los Misioneros a vivir enf\u00e1ticamente los verbos a Adorar, Caminar y Acompa\u00f1ar. Adorar: esta expresi\u00f3n destaca \u00abno perder el tiempo en pedir, agradecer, incluso alabar, sino solo adorar con el alma postrada\u00bb.<\/p>\n<p>Caminar: el hombre puede cantar la Gloria cuando \u00e9l insiste en que Dios camina en su historia. La Sagrada Historia da testimonio de esto; desde el principio hasta el final Dios no quer\u00eda estancarse. Porque el que no se mueve, dijo, se corrompe como el agua estancada.<\/p>\n<p>Acompa\u00f1ar: Dios camina con su gente siempre y nunca solo. Los disc\u00edpulos de Ema\u00fas lo narran de manera especial cuando Jes\u00fas fue y los acompa\u00f1\u00f3 en su jornada marcada por la tristeza y la angustia. \u00c9l camina con ellos para calentar y animar su coraz\u00f3n, enfatiz\u00f3 el Papa.<\/p>\n<p>Se puede descargar aqu\u00ed el <a href=\"https:\/\/www.claret.org\/sites\/default\/files\/area-cmf\/capitulo-general\/documentos\/papa_francisco_disc_improvisado_esp.pdf\">MENSAJE ESPONT\u00c1NEO DEL PAPA<\/a> (mensaje espont\u00e1neo del Papa Francisco en espa\u00f1ol) y el <a href=\"https:\/\/www.claret.org\/sites\/default\/files\/area-cmf\/capitulo-general\/documentos\/discurso_del_santo_padre.pdf\">DISCURSO OFICIAL<\/a> (discurso oficial en espa\u00f1ol).<\/p>\n<p>Despu\u00e9s de la audiencia, los miembros del Cap\u00edtulo fueron a la Curia General a almorzar. Ello tambi\u00e9n se enriquecieron con la visita guiada a la Curia General y a la Bas\u00edlica del Coraz\u00f3n de Mar\u00eda.<\/p>\n<div class=\"et_pb_slider et_pb_slider_fullwidth_off et_pb_gallery_post_type\">\n\t\t\t\t<div class=\"et_pb_slides\">\n\t\t\t\t\t<div class=\"et_pb_slide\" style=\"background: url(https:\/\/www.claret.org\/wp-content\/uploads\/2018\/03\/audiencia_papa_1_w.jpg);\"><\/div><div class=\"et_pb_slide\" style=\"background: url(https:\/\/www.claret.org\/wp-content\/uploads\/2018\/03\/audiencia_papa_2_w.jpg);\"><\/div><div class=\"et_pb_slide\" style=\"background: url(https:\/\/www.claret.org\/wp-content\/uploads\/2018\/03\/curia_visita_w.jpg);\"><\/div><div class=\"et_pb_slide\" style=\"background: url(https:\/\/www.claret.org\/wp-content\/uploads\/2018\/03\/audiencia_papa_3_w.jpg);\"><\/div>\n\t\t\t\t<\/div>\n\t\t\t<\/div>\n","protected":false},"excerpt":{"rendered":"<p>Roma. En este d\u00eda del Cap\u00edtulo se destaca el encuentro de los Misioneros con el Papa Francisco en la sala del \u00abConsistorio\u00bb. El Superior General Mathew Vattamattam, CMF, en el comienzo de la audiencia, salud\u00f3 al Santo Padre manifest\u00e1ndole la cercan\u00eda y el apoyo de la Congregaci\u00f3n en la Misi\u00f3n de la Iglesia. La Misi\u00f3n [&hellip;]<\/p>\n","protected":false},"author":1,"featured_media":6325,"comment_status":"closed","ping_status":"closed","sticky":false,"template":"","format":"standard","meta":{"_et_pb_use_builder":"","_et_pb_old_content":"","_et_gb_content_width":"","footnotes":""},"categories":[515],"tags":[],"class_list":["post-16943","post","type-post","status-publish","format-standard","has-post-thumbnail","hentry","category-capitulos-generales"],"jetpack_featured_media_url":"https:\/\/i0.wp.com\/www.claret.org\/wp-content\/uploads\/2018\/03\/audiencia_papa.jpg?fit=640%2C453&ssl=1","jetpack_sharing_enabled":true,"jetpack_shortlink":"https:\/\/wp.me\/pdaBmi-4ph","jetpack_likes_enabled":true,"_links":{"self":[{"href":"https:\/\/www.claret.org\/es\/wp-json\/wp\/v2\/posts\/16943","targetHints":{"allow":["GET"]}}],"collection":[{"href":"https:\/\/www.claret.org\/es\/wp-json\/wp\/v2\/posts"}],"about":[{"href":"https:\/\/www.claret.org\/es\/wp-json\/wp\/v2\/types\/post"}],"author":[{"embeddable":true,"href":"https:\/\/www.claret.org\/es\/wp-json\/wp\/v2\/users\/1"}],"replies":[{"embeddable":true,"href":"https:\/\/www.claret.org\/es\/wp-json\/wp\/v2\/comments?post=16943"}],"version-history":[{"count":0,"href":"https:\/\/www.claret.org\/es\/wp-json\/wp\/v2\/posts\/16943\/revisions"}],"wp:featuredmedia":[{"embeddable":true,"href":"https:\/\/www.claret.org\/es\/wp-json\/wp\/v2\/media\/6325"}],"wp:attachment":[{"href":"https:\/\/www.claret.org\/es\/wp-json\/wp\/v2\/media?parent=16943"}],"wp:term":[{"taxonomy":"category","embeddable":true,"href":"https:\/\/www.claret.org\/es\/wp-json\/wp\/v2\/categories?post=16943"},{"taxonomy":"post_tag","embeddable":true,"href":"https:\/\/www.claret.org\/es\/wp-json\/wp\/v2\/tags?post=16943"}],"curies":[{"name":"wp","href":"https:\/\/api.w.org\/{rel}","templated":true}]}}