{"id":170413,"date":"2024-08-07T12:46:46","date_gmt":"2024-08-07T10:46:46","guid":{"rendered":"https:\/\/www.claret.org\/campamento-de-ninos-claret-gospel-proporcionando-educacion-biblica-teatral-y-musical-para-los-ninos\/"},"modified":"2024-08-08T10:56:24","modified_gmt":"2024-08-08T08:56:24","slug":"campamento-de-ninos-claret-gospel-proporcionando-educacion-biblica-teatral-y-musical-para-los-ninos","status":"publish","type":"post","link":"https:\/\/www.claret.org\/es\/campamento-de-ninos-claret-gospel-proporcionando-educacion-biblica-teatral-y-musical-para-los-ninos\/","title":{"rendered":"Campamento de Ni\u00f1os Claret Gospel: Proporcionando educaci\u00f3n b\u00edblica, teatral y musical para los ni\u00f1os"},"content":{"rendered":"\n<p><strong>Douala, Camer\u00fan. <\/strong>La 4a edici\u00f3n del Campamento de Ni\u00f1os Claret Gospel (CCG) tuvo lugar del 1 al 4 de agosto de 2024 en el Centro de Formaci\u00f3n Juvenil Claret en Ndobo Bonaberi, Douala. El campamento, con el tema \u00abVen a m\u00ed como eres\u00bb (cf. Rm. 13:13), inspirado en el mensaje del Papa a los j\u00f3venes de Portugal, reuni\u00f3 a un centenar de ni\u00f1os de 14 a 18 a\u00f1os. Los colaboradores laicos, especialmente del sector juvenil, fueron sus coordinadores.<\/p>\n\n<p>El grupo CCG, una iniciativa de la Delegaci\u00f3n Independiente de Cameroun, tiene como objetivo proporcionar educaci\u00f3n b\u00edblica, teatral y musical a los ni\u00f1os. Esto implica ense\u00f1ar a los ni\u00f1os c\u00f3mo estudiar la Palabra de Dios y c\u00f3mo compartirla con otros a trav\u00e9s del teatro y la m\u00fasica.<\/p>\n\n<p><\/p>\n\n<figure class=\"wp-block-gallery has-nested-images columns-default is-cropped wp-block-gallery-1 is-layout-flex wp-block-gallery-is-layout-flex\">\n<figure class=\"wp-block-image size-large\"><img data-recalc-dims=\"1\" loading=\"lazy\" decoding=\"async\" width=\"960\" height=\"540\" data-id=\"170287\" src=\"https:\/\/i0.wp.com\/www.claret.org\/wp-content\/uploads\/2024\/08\/IMG-20240807-WA0006.jpg?resize=960%2C540&#038;ssl=1\" alt=\"\" class=\"wp-image-170287\" title=\"\" srcset=\"https:\/\/www.claret.org\/wp-content\/uploads\/2024\/08\/IMG-20240807-WA0006.jpg 960w, https:\/\/www.claret.org\/wp-content\/uploads\/2024\/08\/IMG-20240807-WA0006-480x270.jpg 480w\" sizes=\"(min-width: 0px) and (max-width: 480px) 480px, (min-width: 481px) 960px, 100vw\" \/><\/figure>\n\n\n\n<figure class=\"wp-block-image size-large\"><img data-recalc-dims=\"1\" loading=\"lazy\" decoding=\"async\" width=\"1024\" height=\"478\" data-id=\"170293\" src=\"https:\/\/i0.wp.com\/www.claret.org\/wp-content\/uploads\/2024\/08\/IMG-20240807-WA0005.jpg?resize=1024%2C478&#038;ssl=1\" alt=\"\" class=\"wp-image-170293\" title=\"\" srcset=\"https:\/\/www.claret.org\/wp-content\/uploads\/2024\/08\/IMG-20240807-WA0005-980x457.jpg 980w, https:\/\/www.claret.org\/wp-content\/uploads\/2024\/08\/IMG-20240807-WA0005-480x224.jpg 480w\" sizes=\"(min-width: 0px) and (max-width: 480px) 480px, (min-width: 481px) and (max-width: 980px) 980px, (min-width: 981px) 1024px, 100vw\" \/><\/figure>\n\n\n\n<figure class=\"wp-block-image size-large\"><img data-recalc-dims=\"1\" loading=\"lazy\" decoding=\"async\" width=\"1024\" height=\"478\" data-id=\"170299\" src=\"https:\/\/i0.wp.com\/www.claret.org\/wp-content\/uploads\/2024\/08\/IMG-20240807-WA0003.jpg?resize=1024%2C478&#038;ssl=1\" alt=\"\" class=\"wp-image-170299\" title=\"\" srcset=\"https:\/\/www.claret.org\/wp-content\/uploads\/2024\/08\/IMG-20240807-WA0003-980x457.jpg 980w, https:\/\/www.claret.org\/wp-content\/uploads\/2024\/08\/IMG-20240807-WA0003-480x224.jpg 480w\" sizes=\"(min-width: 0px) and (max-width: 480px) 480px, (min-width: 481px) and (max-width: 980px) 980px, (min-width: 981px) 1024px, 100vw\" \/><\/figure>\n\n\n\n<figure class=\"wp-block-image size-large\"><img data-recalc-dims=\"1\" loading=\"lazy\" decoding=\"async\" width=\"1024\" height=\"478\" data-id=\"170305\" src=\"https:\/\/i0.wp.com\/www.claret.org\/wp-content\/uploads\/2024\/08\/IMG-20240807-WA0004.jpg?resize=1024%2C478&#038;ssl=1\" alt=\"\" class=\"wp-image-170305\" title=\"\" srcset=\"https:\/\/www.claret.org\/wp-content\/uploads\/2024\/08\/IMG-20240807-WA0004-980x457.jpg 980w, https:\/\/www.claret.org\/wp-content\/uploads\/2024\/08\/IMG-20240807-WA0004-480x224.jpg 480w\" sizes=\"(min-width: 0px) and (max-width: 480px) 480px, (min-width: 481px) and (max-width: 980px) 980px, (min-width: 981px) 1024px, 100vw\" \/><\/figure>\n<\/figure>\n\n<p><\/p>\n\n<p>El campamento ten\u00eda varios aspectos esenciales. Los ni\u00f1os actuaron como panelistas en varias conferencias, que fueron moderadas por los coordinadores. Tambi\u00e9n hubo talleres y una muestra de los talentos de los ni\u00f1os, incluyendo un concurso b\u00edblico basado en la carta de San Pablo a los romanos y el YOUCAT y un drama sobre la conversi\u00f3n de San Pablo. Adem\u00e1s, hubo bailes tradicionales, juegos y otras actividades.<\/p>\n\n<p>El campamento se mantuvo con celebraciones eucar\u00edsticas diarias, adoraci\u00f3n del Sant\u00edsimo Sacramento, rezo del rosario y otras actividades.<\/p>\n","protected":false},"excerpt":{"rendered":"<p>Douala, Camer\u00fan. La 4a edici\u00f3n del Campamento de Ni\u00f1os Claret Gospel (CCG) tuvo lugar del 1 al 4 de agosto de 2024 en el Centro de Formaci\u00f3n Juvenil Claret en Ndobo Bonaberi, Douala. El campamento, con el tema \u00abVen a m\u00ed como eres\u00bb (cf. Rm. 13:13), inspirado en el mensaje del Papa a los j\u00f3venes [&hellip;]<\/p>\n","protected":false},"author":2,"featured_media":170316,"comment_status":"closed","ping_status":"closed","sticky":false,"template":"","format":"standard","meta":{"_et_pb_use_builder":"","_et_pb_old_content":"","_et_gb_content_width":"","footnotes":""},"categories":[132],"tags":[],"class_list":["post-170413","post","type-post","status-publish","format-standard","has-post-thumbnail","hentry","category-cameroun-es"],"jetpack_featured_media_url":"https:\/\/i0.wp.com\/www.claret.org\/wp-content\/uploads\/2024\/08\/IMG-20240807-WA0010.jpg?fit=1080%2C504&ssl=1","jetpack_sharing_enabled":true,"jetpack_shortlink":"https:\/\/wp.me\/pdaBmi-IkB","jetpack_likes_enabled":true,"_links":{"self":[{"href":"https:\/\/www.claret.org\/es\/wp-json\/wp\/v2\/posts\/170413","targetHints":{"allow":["GET"]}}],"collection":[{"href":"https:\/\/www.claret.org\/es\/wp-json\/wp\/v2\/posts"}],"about":[{"href":"https:\/\/www.claret.org\/es\/wp-json\/wp\/v2\/types\/post"}],"author":[{"embeddable":true,"href":"https:\/\/www.claret.org\/es\/wp-json\/wp\/v2\/users\/2"}],"replies":[{"embeddable":true,"href":"https:\/\/www.claret.org\/es\/wp-json\/wp\/v2\/comments?post=170413"}],"version-history":[{"count":0,"href":"https:\/\/www.claret.org\/es\/wp-json\/wp\/v2\/posts\/170413\/revisions"}],"wp:featuredmedia":[{"embeddable":true,"href":"https:\/\/www.claret.org\/es\/wp-json\/wp\/v2\/media\/170316"}],"wp:attachment":[{"href":"https:\/\/www.claret.org\/es\/wp-json\/wp\/v2\/media?parent=170413"}],"wp:term":[{"taxonomy":"category","embeddable":true,"href":"https:\/\/www.claret.org\/es\/wp-json\/wp\/v2\/categories?post=170413"},{"taxonomy":"post_tag","embeddable":true,"href":"https:\/\/www.claret.org\/es\/wp-json\/wp\/v2\/tags?post=170413"}],"curies":[{"name":"wp","href":"https:\/\/api.w.org\/{rel}","templated":true}]}}