{"id":173652,"date":"2024-10-29T13:03:02","date_gmt":"2024-10-29T12:03:02","guid":{"rendered":"https:\/\/www.claret.org\/celebrando-a-claret-un-mistico-orante-y-fiel-servidor-de-dios\/"},"modified":"2024-10-29T13:06:33","modified_gmt":"2024-10-29T12:06:33","slug":"celebrando-a-claret-un-mistico-orante-y-fiel-servidor-de-dios","status":"publish","type":"post","link":"https:\/\/www.claret.org\/es\/celebrando-a-claret-un-mistico-orante-y-fiel-servidor-de-dios\/","title":{"rendered":"Celebrando a Claret: un m\u00edstico, orante y fiel servidor de Dios"},"content":{"rendered":"\n<p class=\"has-drop-cap\"><p><b>Roma, Italia.<\/b><span style=\"font-weight: 400;\"> El 24 de octubre de 2024, la Familia Claretiana se reuni\u00f3 en la Bas\u00edlica del Sacro Cuore Immacolato di Maria en Roma para celebrar la fiesta de San Antonio Mar\u00eda Claret, nuestro fundador, <\/span><i><span style=\"font-weight: 400;\">un m\u00edstico, orante y fiel servidor de Dios<\/span><\/i><span style=\"font-weight: 400;\">. Esta misa especial, presidida por el P. Henry Omonisaye, CMF, honr\u00f3 la vida y el legado de San Claret, cuya profunda dedicaci\u00f3n a la oraci\u00f3n, la misi\u00f3n y el Evangelio sigue inspirando a la comunidad claretiana en todo el mundo. Unidos, conmemoramos su esp\u00edritu perdurable y dedicaci\u00f3n, en gratitud y alegr\u00eda por su profundo impacto en nuestra fe y vocaci\u00f3n.<\/span><span style=\"font-weight: 400;\"><br\/><\/span><\/p><\/p>\n\n<p><\/p>\n\n<figure class=\"wp-block-gallery has-nested-images columns-default is-cropped wp-block-gallery-1 is-layout-flex wp-block-gallery-is-layout-flex\">\n<figure class=\"wp-block-image size-large\"><img data-recalc-dims=\"1\" loading=\"lazy\" decoding=\"async\" width=\"1024\" height=\"683\" data-id=\"173552\" src=\"https:\/\/i0.wp.com\/www.claret.org\/wp-content\/uploads\/2024\/10\/20241024-FiestaMass-StAnthonyClaret-BasilicaoftheHeartofMary-Rome-RoyLagarde-001-03.jpg?resize=1024%2C683&#038;ssl=1\" alt=\"\" class=\"wp-image-173552\" title=\"\" srcset=\"https:\/\/www.claret.org\/wp-content\/uploads\/2024\/10\/20241024-FiestaMass-StAnthonyClaret-BasilicaoftheHeartofMary-Rome-RoyLagarde-001-03-980x653.jpg 980w, https:\/\/www.claret.org\/wp-content\/uploads\/2024\/10\/20241024-FiestaMass-StAnthonyClaret-BasilicaoftheHeartofMary-Rome-RoyLagarde-001-03-480x320.jpg 480w\" sizes=\"(min-width: 0px) and (max-width: 480px) 480px, (min-width: 481px) and (max-width: 980px) 980px, (min-width: 981px) 1024px, 100vw\" \/><\/figure>\n\n\n\n<figure class=\"wp-block-image size-large\"><img data-recalc-dims=\"1\" loading=\"lazy\" decoding=\"async\" width=\"1024\" height=\"683\" data-id=\"173558\" src=\"https:\/\/i0.wp.com\/www.claret.org\/wp-content\/uploads\/2024\/10\/20241024-FiestaMass-StAnthonyClaret-BasilicaoftheHeartofMary-Rome-RoyLagarde-001-06.jpg?resize=1024%2C683&#038;ssl=1\" alt=\"\" class=\"wp-image-173558\" title=\"\" srcset=\"https:\/\/www.claret.org\/wp-content\/uploads\/2024\/10\/20241024-FiestaMass-StAnthonyClaret-BasilicaoftheHeartofMary-Rome-RoyLagarde-001-06-980x653.jpg 980w, https:\/\/www.claret.org\/wp-content\/uploads\/2024\/10\/20241024-FiestaMass-StAnthonyClaret-BasilicaoftheHeartofMary-Rome-RoyLagarde-001-06-480x320.jpg 480w\" sizes=\"(min-width: 0px) and (max-width: 480px) 480px, (min-width: 481px) and (max-width: 980px) 980px, (min-width: 981px) 1024px, 100vw\" \/><\/figure>\n\n\n\n<figure class=\"wp-block-image size-large\"><img data-recalc-dims=\"1\" loading=\"lazy\" decoding=\"async\" width=\"1024\" height=\"683\" data-id=\"173564\" src=\"https:\/\/i0.wp.com\/www.claret.org\/wp-content\/uploads\/2024\/10\/20241024-FiestaMass-StAnthonyClaret-BasilicaoftheHeartofMary-Rome-RoyLagarde-001-07.jpg?resize=1024%2C683&#038;ssl=1\" alt=\"\" class=\"wp-image-173564\" title=\"\" srcset=\"https:\/\/www.claret.org\/wp-content\/uploads\/2024\/10\/20241024-FiestaMass-StAnthonyClaret-BasilicaoftheHeartofMary-Rome-RoyLagarde-001-07-980x653.jpg 980w, https:\/\/www.claret.org\/wp-content\/uploads\/2024\/10\/20241024-FiestaMass-StAnthonyClaret-BasilicaoftheHeartofMary-Rome-RoyLagarde-001-07-480x320.jpg 480w\" sizes=\"(min-width: 0px) and (max-width: 480px) 480px, (min-width: 481px) and (max-width: 980px) 980px, (min-width: 981px) 1024px, 100vw\" \/><\/figure>\n\n\n\n<figure class=\"wp-block-image size-large\"><img data-recalc-dims=\"1\" loading=\"lazy\" decoding=\"async\" width=\"1024\" height=\"683\" data-id=\"173570\" src=\"https:\/\/i0.wp.com\/www.claret.org\/wp-content\/uploads\/2024\/10\/20241024-FiestaMass-StAnthonyClaret-BasilicaoftheHeartofMary-Rome-RoyLagarde-001-12.jpg?resize=1024%2C683&#038;ssl=1\" alt=\"\" class=\"wp-image-173570\" title=\"\" srcset=\"https:\/\/www.claret.org\/wp-content\/uploads\/2024\/10\/20241024-FiestaMass-StAnthonyClaret-BasilicaoftheHeartofMary-Rome-RoyLagarde-001-12-980x653.jpg 980w, https:\/\/www.claret.org\/wp-content\/uploads\/2024\/10\/20241024-FiestaMass-StAnthonyClaret-BasilicaoftheHeartofMary-Rome-RoyLagarde-001-12-480x320.jpg 480w\" sizes=\"(min-width: 0px) and (max-width: 480px) 480px, (min-width: 481px) and (max-width: 980px) 980px, (min-width: 981px) 1024px, 100vw\" \/><\/figure>\n\n\n\n<figure class=\"wp-block-image size-large\"><img data-recalc-dims=\"1\" loading=\"lazy\" decoding=\"async\" width=\"1024\" height=\"683\" data-id=\"173576\" src=\"https:\/\/i0.wp.com\/www.claret.org\/wp-content\/uploads\/2024\/10\/20241024-FiestaMass-StAnthonyClaret-BasilicaoftheHeartofMary-Rome-RoyLagarde-001-14.jpg?resize=1024%2C683&#038;ssl=1\" alt=\"\" class=\"wp-image-173576\" title=\"\" srcset=\"https:\/\/www.claret.org\/wp-content\/uploads\/2024\/10\/20241024-FiestaMass-StAnthonyClaret-BasilicaoftheHeartofMary-Rome-RoyLagarde-001-14-980x653.jpg 980w, https:\/\/www.claret.org\/wp-content\/uploads\/2024\/10\/20241024-FiestaMass-StAnthonyClaret-BasilicaoftheHeartofMary-Rome-RoyLagarde-001-14-480x320.jpg 480w\" sizes=\"(min-width: 0px) and (max-width: 480px) 480px, (min-width: 481px) and (max-width: 980px) 980px, (min-width: 981px) 1024px, 100vw\" \/><\/figure>\n\n\n\n<figure class=\"wp-block-image size-large\"><img data-recalc-dims=\"1\" loading=\"lazy\" decoding=\"async\" width=\"1024\" height=\"683\" data-id=\"173582\" src=\"https:\/\/i0.wp.com\/www.claret.org\/wp-content\/uploads\/2024\/10\/20241024-FiestaMass-StAnthonyClaret-BasilicaoftheHeartofMary-Rome-RoyLagarde-001-27.jpg?resize=1024%2C683&#038;ssl=1\" alt=\"\" class=\"wp-image-173582\" title=\"\" srcset=\"https:\/\/www.claret.org\/wp-content\/uploads\/2024\/10\/20241024-FiestaMass-StAnthonyClaret-BasilicaoftheHeartofMary-Rome-RoyLagarde-001-27-980x653.jpg 980w, https:\/\/www.claret.org\/wp-content\/uploads\/2024\/10\/20241024-FiestaMass-StAnthonyClaret-BasilicaoftheHeartofMary-Rome-RoyLagarde-001-27-480x320.jpg 480w\" sizes=\"(min-width: 0px) and (max-width: 480px) 480px, (min-width: 481px) and (max-width: 980px) 980px, (min-width: 981px) 1024px, 100vw\" \/><\/figure>\n\n\n\n<figure class=\"wp-block-image size-large\"><img data-recalc-dims=\"1\" loading=\"lazy\" decoding=\"async\" width=\"1024\" height=\"683\" data-id=\"173588\" src=\"https:\/\/i0.wp.com\/www.claret.org\/wp-content\/uploads\/2024\/10\/20241024-FiestaMass-StAnthonyClaret-BasilicaoftheHeartofMary-Rome-RoyLagarde-001-29.jpg?resize=1024%2C683&#038;ssl=1\" alt=\"\" class=\"wp-image-173588\" title=\"\" srcset=\"https:\/\/www.claret.org\/wp-content\/uploads\/2024\/10\/20241024-FiestaMass-StAnthonyClaret-BasilicaoftheHeartofMary-Rome-RoyLagarde-001-29-980x653.jpg 980w, https:\/\/www.claret.org\/wp-content\/uploads\/2024\/10\/20241024-FiestaMass-StAnthonyClaret-BasilicaoftheHeartofMary-Rome-RoyLagarde-001-29-480x320.jpg 480w\" sizes=\"(min-width: 0px) and (max-width: 480px) 480px, (min-width: 481px) and (max-width: 980px) 980px, (min-width: 981px) 1024px, 100vw\" \/><\/figure>\n\n\n\n<figure class=\"wp-block-image size-large\"><img data-recalc-dims=\"1\" loading=\"lazy\" decoding=\"async\" width=\"1024\" height=\"683\" data-id=\"173600\" src=\"https:\/\/i0.wp.com\/www.claret.org\/wp-content\/uploads\/2024\/10\/20241024-FiestaMass-StAnthonyClaret-BasilicaoftheHeartofMary-Rome-RoyLagarde-001-45.jpg?resize=1024%2C683&#038;ssl=1\" alt=\"\" class=\"wp-image-173600\" title=\"\" srcset=\"https:\/\/www.claret.org\/wp-content\/uploads\/2024\/10\/20241024-FiestaMass-StAnthonyClaret-BasilicaoftheHeartofMary-Rome-RoyLagarde-001-45-980x653.jpg 980w, https:\/\/www.claret.org\/wp-content\/uploads\/2024\/10\/20241024-FiestaMass-StAnthonyClaret-BasilicaoftheHeartofMary-Rome-RoyLagarde-001-45-480x320.jpg 480w\" sizes=\"(min-width: 0px) and (max-width: 480px) 480px, (min-width: 481px) and (max-width: 980px) 980px, (min-width: 981px) 1024px, 100vw\" \/><\/figure>\n\n\n\n<figure class=\"wp-block-image size-large\"><img data-recalc-dims=\"1\" loading=\"lazy\" decoding=\"async\" width=\"1024\" height=\"683\" data-id=\"173606\" src=\"https:\/\/i0.wp.com\/www.claret.org\/wp-content\/uploads\/2024\/10\/20241024-FiestaMass-StAnthonyClaret-BasilicaoftheHeartofMary-Rome-RoyLagarde-001-50.jpg?resize=1024%2C683&#038;ssl=1\" alt=\"\" class=\"wp-image-173606\" title=\"\" srcset=\"https:\/\/www.claret.org\/wp-content\/uploads\/2024\/10\/20241024-FiestaMass-StAnthonyClaret-BasilicaoftheHeartofMary-Rome-RoyLagarde-001-50-980x653.jpg 980w, https:\/\/www.claret.org\/wp-content\/uploads\/2024\/10\/20241024-FiestaMass-StAnthonyClaret-BasilicaoftheHeartofMary-Rome-RoyLagarde-001-50-480x320.jpg 480w\" sizes=\"(min-width: 0px) and (max-width: 480px) 480px, (min-width: 481px) and (max-width: 980px) 980px, (min-width: 981px) 1024px, 100vw\" \/><\/figure>\n\n\n\n<figure class=\"wp-block-image size-large\"><img data-recalc-dims=\"1\" loading=\"lazy\" decoding=\"async\" width=\"1024\" height=\"683\" data-id=\"173618\" src=\"https:\/\/i0.wp.com\/www.claret.org\/wp-content\/uploads\/2024\/10\/20241024-FiestaMass-StAnthonyClaret-BasilicaoftheHeartofMary-Rome-RoyLagarde-001-67.jpg?resize=1024%2C683&#038;ssl=1\" alt=\"\" class=\"wp-image-173618\" title=\"\" srcset=\"https:\/\/www.claret.org\/wp-content\/uploads\/2024\/10\/20241024-FiestaMass-StAnthonyClaret-BasilicaoftheHeartofMary-Rome-RoyLagarde-001-67-980x653.jpg 980w, https:\/\/www.claret.org\/wp-content\/uploads\/2024\/10\/20241024-FiestaMass-StAnthonyClaret-BasilicaoftheHeartofMary-Rome-RoyLagarde-001-67-480x320.jpg 480w\" sizes=\"(min-width: 0px) and (max-width: 480px) 480px, (min-width: 481px) and (max-width: 980px) 980px, (min-width: 981px) 1024px, 100vw\" \/><\/figure>\n\n\n\n<figure class=\"wp-block-image size-large\"><img data-recalc-dims=\"1\" loading=\"lazy\" decoding=\"async\" width=\"683\" height=\"1024\" data-id=\"173624\" src=\"https:\/\/i0.wp.com\/www.claret.org\/wp-content\/uploads\/2024\/10\/20241024-FiestaMass-StAnthonyClaret-BasilicaoftheHeartofMary-Rome-RoyLagarde-001-88.jpg?resize=683%2C1024&#038;ssl=1\" alt=\"\" class=\"wp-image-173624\" title=\"\"><\/figure>\n\n\n\n<figure class=\"wp-block-image size-large\"><img data-recalc-dims=\"1\" loading=\"lazy\" decoding=\"async\" width=\"1024\" height=\"683\" data-id=\"173636\" src=\"https:\/\/i0.wp.com\/www.claret.org\/wp-content\/uploads\/2024\/10\/20241024-FiestaMass-StAnthonyClaret-BasilicaoftheHeartofMary-Rome-RoyLagarde-001-116.jpg?resize=1024%2C683&#038;ssl=1\" alt=\"\" class=\"wp-image-173636\" title=\"\" srcset=\"https:\/\/www.claret.org\/wp-content\/uploads\/2024\/10\/20241024-FiestaMass-StAnthonyClaret-BasilicaoftheHeartofMary-Rome-RoyLagarde-001-116-980x653.jpg 980w, https:\/\/www.claret.org\/wp-content\/uploads\/2024\/10\/20241024-FiestaMass-StAnthonyClaret-BasilicaoftheHeartofMary-Rome-RoyLagarde-001-116-480x320.jpg 480w\" sizes=\"(min-width: 0px) and (max-width: 480px) 480px, (min-width: 481px) and (max-width: 980px) 980px, (min-width: 981px) 1024px, 100vw\" \/><\/figure>\n\n\n\n<figure class=\"wp-block-image size-large\"><img data-recalc-dims=\"1\" loading=\"lazy\" decoding=\"async\" width=\"1024\" height=\"731\" data-id=\"173642\" src=\"https:\/\/i0.wp.com\/www.claret.org\/wp-content\/uploads\/2024\/10\/20241024-FiestaMass-StAnthonyClaret-BasilicaoftheHeartofMary-Rome-RoyLagarde-001-149.jpg?resize=1024%2C731&#038;ssl=1\" alt=\"\" class=\"wp-image-173642\" title=\"\" srcset=\"https:\/\/www.claret.org\/wp-content\/uploads\/2024\/10\/20241024-FiestaMass-StAnthonyClaret-BasilicaoftheHeartofMary-Rome-RoyLagarde-001-149-980x700.jpg 980w, https:\/\/www.claret.org\/wp-content\/uploads\/2024\/10\/20241024-FiestaMass-StAnthonyClaret-BasilicaoftheHeartofMary-Rome-RoyLagarde-001-149-480x343.jpg 480w\" sizes=\"(min-width: 0px) and (max-width: 480px) 480px, (min-width: 481px) and (max-width: 980px) 980px, (min-width: 981px) 1024px, 100vw\" \/><\/figure>\n<\/figure>\n","protected":false},"excerpt":{"rendered":"<p>Roma, Italia. El 24 de octubre de 2024, la Familia Claretiana se reuni\u00f3 en la Bas\u00edlica del Sacro Cuore Immacolato di Maria en Roma para celebrar la fiesta de San Antonio Mar\u00eda Claret, nuestro fundador, un m\u00edstico, orante y fiel servidor de Dios. Esta misa especial, presidida por el P. Henry Omonisaye, CMF, honr\u00f3 la [&hellip;]<\/p>\n","protected":false},"author":1009,"featured_media":173551,"comment_status":"closed","ping_status":"closed","sticky":false,"template":"","format":"standard","meta":{"_et_pb_use_builder":"","_et_pb_old_content":"","_et_gb_content_width":"","footnotes":""},"categories":[492,1705],"tags":[5202],"class_list":["post-173652","post","type-post","status-publish","format-standard","has-post-thumbnail","hentry","category-casas-generales","category-san-antonio-maria-claret","tag-claret-es"],"jetpack_featured_media_url":"https:\/\/i0.wp.com\/www.claret.org\/wp-content\/uploads\/2024\/10\/20241024-FiestaMass-StAnthonyClaret-BasilicaoftheHeartofMary-Rome-RoyLagarde-001-01-scaled.jpg?fit=2880%2C1920&ssl=1","jetpack_sharing_enabled":true,"jetpack_shortlink":"https:\/\/wp.me\/pdaBmi-JaQ","jetpack_likes_enabled":true,"_links":{"self":[{"href":"https:\/\/www.claret.org\/es\/wp-json\/wp\/v2\/posts\/173652","targetHints":{"allow":["GET"]}}],"collection":[{"href":"https:\/\/www.claret.org\/es\/wp-json\/wp\/v2\/posts"}],"about":[{"href":"https:\/\/www.claret.org\/es\/wp-json\/wp\/v2\/types\/post"}],"author":[{"embeddable":true,"href":"https:\/\/www.claret.org\/es\/wp-json\/wp\/v2\/users\/1009"}],"replies":[{"embeddable":true,"href":"https:\/\/www.claret.org\/es\/wp-json\/wp\/v2\/comments?post=173652"}],"version-history":[{"count":0,"href":"https:\/\/www.claret.org\/es\/wp-json\/wp\/v2\/posts\/173652\/revisions"}],"wp:featuredmedia":[{"embeddable":true,"href":"https:\/\/www.claret.org\/es\/wp-json\/wp\/v2\/media\/173551"}],"wp:attachment":[{"href":"https:\/\/www.claret.org\/es\/wp-json\/wp\/v2\/media?parent=173652"}],"wp:term":[{"taxonomy":"category","embeddable":true,"href":"https:\/\/www.claret.org\/es\/wp-json\/wp\/v2\/categories?post=173652"},{"taxonomy":"post_tag","embeddable":true,"href":"https:\/\/www.claret.org\/es\/wp-json\/wp\/v2\/tags?post=173652"}],"curies":[{"name":"wp","href":"https:\/\/api.w.org\/{rel}","templated":true}]}}