{"id":173943,"date":"2024-11-11T10:55:05","date_gmt":"2024-11-11T09:55:05","guid":{"rendered":"https:\/\/www.claret.org\/fomentando-el-crecimiento-intercultural-novicios-de-micla-se-reunen-en-cordoba-para-un-taller-profundo\/"},"modified":"2024-11-11T15:16:53","modified_gmt":"2024-11-11T14:16:53","slug":"fomentando-el-crecimiento-intercultural-novicios-de-micla-se-reunen-en-cordoba-para-un-taller-profundo","status":"publish","type":"post","link":"https:\/\/www.claret.org\/es\/fomentando-el-crecimiento-intercultural-novicios-de-micla-se-reunen-en-cordoba-para-un-taller-profundo\/","title":{"rendered":"Fomentando el Crecimiento Intercultural: Novicios de MICLA se Re\u00fanen en C\u00f3rdoba para un Taller Profundo"},"content":{"rendered":"\n<p class=\"has-drop-cap\"><p><b>C\u00f3rdoba, Argentina.<\/b><span style=\"font-weight: 400;\"> Del 28 al 31 de octubre de 2024, se llev\u00f3 a cabo un taller en C\u00f3rdoba, Argentina, para los novicios de MICLA (Misioneros Claretianos &#8211; Latina Am\u00e9rica). El evento, dirigido a profundizar la comprensi\u00f3n de los participantes sobre las din\u00e1micas interculturales, fue h\u00e1bilmente facilitado por Joseph Kalakkal CMF.<\/span><\/p><\/p>\n\n<p>Durante los cuatro d\u00edas del taller, se exploraron una variedad de temas centrales para la misi\u00f3n claretiana. Las sesiones brindaron a los novicios herramientas y marcos para abordar los desaf\u00edos del compromiso intercultural, un aspecto esencial de su vocaci\u00f3n misionera. Las discusiones incluyeron el desarrollo de competencias interculturales, destacando la importancia del respeto mutuo, la escucha activa y la empat\u00eda en contextos interculturales.<\/p>\n\n<p><\/p>\n\n<figure class=\"wp-block-gallery has-nested-images columns-default is-cropped wp-block-gallery-1 is-layout-flex wp-block-gallery-is-layout-flex\">\n<figure class=\"wp-block-image size-large\"><img data-recalc-dims=\"1\" loading=\"lazy\" decoding=\"async\" width=\"640\" height=\"480\" data-id=\"173901\" src=\"https:\/\/i0.wp.com\/www.claret.org\/wp-content\/uploads\/2024\/11\/Intercultural-Workshop-2.jpg?resize=640%2C480&#038;ssl=1\" alt=\"\" class=\"wp-image-173901\" title=\"\" srcset=\"https:\/\/www.claret.org\/wp-content\/uploads\/2024\/11\/Intercultural-Workshop-2.jpg 640w, https:\/\/www.claret.org\/wp-content\/uploads\/2024\/11\/Intercultural-Workshop-2-480x360.jpg 480w\" sizes=\"(min-width: 0px) and (max-width: 480px) 480px, (min-width: 481px) 640px, 100vw\" \/><\/figure>\n\n\n\n<figure class=\"wp-block-image size-large\"><img data-recalc-dims=\"1\" loading=\"lazy\" decoding=\"async\" width=\"1024\" height=\"768\" data-id=\"173925\" src=\"https:\/\/i0.wp.com\/www.claret.org\/wp-content\/uploads\/2024\/11\/Intercultural-Workshop-6.jpg?resize=1024%2C768&#038;ssl=1\" alt=\"\" class=\"wp-image-173925\" title=\"\" srcset=\"https:\/\/www.claret.org\/wp-content\/uploads\/2024\/11\/Intercultural-Workshop-6-980x735.jpg 980w, https:\/\/www.claret.org\/wp-content\/uploads\/2024\/11\/Intercultural-Workshop-6-480x360.jpg 480w\" sizes=\"(min-width: 0px) and (max-width: 480px) 480px, (min-width: 481px) and (max-width: 980px) 980px, (min-width: 981px) 1024px, 100vw\" \/><\/figure>\n\n\n\n<figure class=\"wp-block-image size-large\"><img data-recalc-dims=\"1\" loading=\"lazy\" decoding=\"async\" width=\"1024\" height=\"768\" data-id=\"173919\" src=\"https:\/\/i0.wp.com\/www.claret.org\/wp-content\/uploads\/2024\/11\/Intercultural-Workshop-5.jpg?resize=1024%2C768&#038;ssl=1\" alt=\"\" class=\"wp-image-173919\" title=\"\" srcset=\"https:\/\/www.claret.org\/wp-content\/uploads\/2024\/11\/Intercultural-Workshop-5-1024x768.jpg 1024w, https:\/\/www.claret.org\/wp-content\/uploads\/2024\/11\/Intercultural-Workshop-5-980x735.jpg 980w, https:\/\/www.claret.org\/wp-content\/uploads\/2024\/11\/Intercultural-Workshop-5-480x360.jpg 480w\" sizes=\"(min-width: 0px) and (max-width: 480px) 480px, (min-width: 481px) and (max-width: 980px) 980px, (min-width: 981px) 1024px, 100vw\" \/><\/figure>\n\n\n\n<figure class=\"wp-block-image size-large\"><img data-recalc-dims=\"1\" loading=\"lazy\" decoding=\"async\" width=\"640\" height=\"480\" data-id=\"173907\" src=\"https:\/\/i0.wp.com\/www.claret.org\/wp-content\/uploads\/2024\/11\/Intercultural-Workshop-3.jpg?resize=640%2C480&#038;ssl=1\" alt=\"\" class=\"wp-image-173907\" title=\"\" srcset=\"https:\/\/www.claret.org\/wp-content\/uploads\/2024\/11\/Intercultural-Workshop-3.jpg 640w, https:\/\/www.claret.org\/wp-content\/uploads\/2024\/11\/Intercultural-Workshop-3-480x360.jpg 480w\" sizes=\"(min-width: 0px) and (max-width: 480px) 480px, (min-width: 481px) 640px, 100vw\" \/><\/figure>\n\n\n\n<figure class=\"wp-block-image size-large\"><img data-recalc-dims=\"1\" loading=\"lazy\" decoding=\"async\" width=\"640\" height=\"480\" data-id=\"173895\" src=\"https:\/\/i0.wp.com\/www.claret.org\/wp-content\/uploads\/2024\/11\/Intercultural-Workshop-1.jpg?resize=640%2C480&#038;ssl=1\" alt=\"\" class=\"wp-image-173895\" title=\"\" srcset=\"https:\/\/www.claret.org\/wp-content\/uploads\/2024\/11\/Intercultural-Workshop-1.jpg 640w, https:\/\/www.claret.org\/wp-content\/uploads\/2024\/11\/Intercultural-Workshop-1-480x360.jpg 480w\" sizes=\"(min-width: 0px) and (max-width: 480px) 480px, (min-width: 481px) 640px, 100vw\" \/><\/figure>\n<\/figure>\n\n<p><\/p>\n","protected":false},"excerpt":{"rendered":"<p>C\u00f3rdoba, Argentina. Del 28 al 31 de octubre de 2024, se llev\u00f3 a cabo un taller en C\u00f3rdoba, Argentina, para los novicios de MICLA (Misioneros Claretianos &#8211; Latina Am\u00e9rica). El evento, dirigido a profundizar la comprensi\u00f3n de los participantes sobre las din\u00e1micas interculturales, fue h\u00e1bilmente facilitado por Joseph Kalakkal CMF. Durante los cuatro d\u00edas del [&hellip;]<\/p>\n","protected":false},"author":1009,"featured_media":173918,"comment_status":"closed","ping_status":"closed","sticky":false,"template":"","format":"standard","meta":{"_et_pb_use_builder":"","_et_pb_old_content":"","_et_gb_content_width":"","footnotes":""},"categories":[356,1153],"tags":[],"class_list":["post-173943","post","type-post","status-publish","format-standard","has-post-thumbnail","hentry","category-micla-es","category-noviciado"],"jetpack_featured_media_url":"https:\/\/i0.wp.com\/www.claret.org\/wp-content\/uploads\/2024\/11\/Intercultural-Workshop-4-e1731318574768.jpg?fit=1600%2C1200&ssl=1","jetpack_sharing_enabled":true,"jetpack_shortlink":"https:\/\/wp.me\/pdaBmi-Jfx","jetpack_likes_enabled":true,"_links":{"self":[{"href":"https:\/\/www.claret.org\/es\/wp-json\/wp\/v2\/posts\/173943","targetHints":{"allow":["GET"]}}],"collection":[{"href":"https:\/\/www.claret.org\/es\/wp-json\/wp\/v2\/posts"}],"about":[{"href":"https:\/\/www.claret.org\/es\/wp-json\/wp\/v2\/types\/post"}],"author":[{"embeddable":true,"href":"https:\/\/www.claret.org\/es\/wp-json\/wp\/v2\/users\/1009"}],"replies":[{"embeddable":true,"href":"https:\/\/www.claret.org\/es\/wp-json\/wp\/v2\/comments?post=173943"}],"version-history":[{"count":0,"href":"https:\/\/www.claret.org\/es\/wp-json\/wp\/v2\/posts\/173943\/revisions"}],"wp:featuredmedia":[{"embeddable":true,"href":"https:\/\/www.claret.org\/es\/wp-json\/wp\/v2\/media\/173918"}],"wp:attachment":[{"href":"https:\/\/www.claret.org\/es\/wp-json\/wp\/v2\/media?parent=173943"}],"wp:term":[{"taxonomy":"category","embeddable":true,"href":"https:\/\/www.claret.org\/es\/wp-json\/wp\/v2\/categories?post=173943"},{"taxonomy":"post_tag","embeddable":true,"href":"https:\/\/www.claret.org\/es\/wp-json\/wp\/v2\/tags?post=173943"}],"curies":[{"name":"wp","href":"https:\/\/api.w.org\/{rel}","templated":true}]}}