{"id":174423,"date":"2024-11-24T06:26:31","date_gmt":"2024-11-24T05:26:31","guid":{"rendered":"https:\/\/www.claret.org\/nuevo-equipo-provincial-en-colombia-oriental-ecuador\/"},"modified":"2024-11-24T07:43:36","modified_gmt":"2024-11-24T06:43:36","slug":"nuevo-equipo-provincial-en-colombia-oriental-ecuador","status":"publish","type":"post","link":"https:\/\/www.claret.org\/es\/nuevo-equipo-provincial-en-colombia-oriental-ecuador\/","title":{"rendered":"Nuevo Equipo Provincial en Colombia Oriental -Ecuador"},"content":{"rendered":"\n<p><\/p>\n\n<p class=\"has-drop-cap\"><p><span style=\"font-weight: 400;\" data-mce-style=\"font-weight: 400;\">El XVII Cap\u00edtulo Provincial de la Provincia de Colombia Oriental-Ecuador eligi\u00f3 al <strong>P. Dar\u00edo Alonso Carvajal, CMF<\/strong> como nuevo Superior Provincial, al <strong>P. Enrique Aponte, CMF<\/strong> como Consultor y Prefecto de Apostolado, al <strong>P. Fredy Fernando Rodr\u00edguez, CMF<\/strong> como Consultor y Ec\u00f3nomo Provincial, y al <strong>Hno. Guillermo Salamanca, CMF<\/strong> como Consultor y Prefecto de Formaci\u00f3n, para un per\u00edodo de seis a\u00f1os (2024-2030).<\/span><\/p><\/p>\n\n<p>Que el Esp\u00edritu les conceda estar arraigados en Cristo y ser audaces en la misi\u00f3n.<\/p>\n\n<p><\/p>\n\n<p><\/p>\n\n<figure class=\"wp-block-image size-large\"><img data-recalc-dims=\"1\" loading=\"lazy\" decoding=\"async\" width=\"1024\" height=\"768\" src=\"https:\/\/i0.wp.com\/www.claret.org\/wp-content\/uploads\/2024\/11\/XVII-CapProv-2024-2.jpg?resize=1024%2C768&#038;ssl=1\" alt=\"\" class=\"wp-image-174443\" title=\"\" srcset=\"https:\/\/www.claret.org\/wp-content\/uploads\/2024\/11\/XVII-CapProv-2024-2-980x735.jpg 980w, https:\/\/www.claret.org\/wp-content\/uploads\/2024\/11\/XVII-CapProv-2024-2-480x360.jpg 480w\" sizes=\"(min-width: 0px) and (max-width: 480px) 480px, (min-width: 481px) and (max-width: 980px) 980px, (min-width: 981px) 1024px, 100vw\" \/><\/figure>\n\n<figure class=\"wp-block-gallery has-nested-images columns-default is-cropped wp-block-gallery-1 is-layout-flex wp-block-gallery-is-layout-flex\">\n<figure class=\"wp-block-image size-large\"><img data-recalc-dims=\"1\" loading=\"lazy\" decoding=\"async\" width=\"768\" height=\"1024\" data-id=\"174437\" src=\"https:\/\/i0.wp.com\/www.claret.org\/wp-content\/uploads\/2024\/11\/XVII-CapProv-2024-3.jpg?resize=768%2C1024&#038;ssl=1\" alt=\"\" class=\"wp-image-174437\" title=\"\"><\/figure>\n\n\n\n<figure class=\"wp-block-image size-large\"><img data-recalc-dims=\"1\" loading=\"lazy\" decoding=\"async\" width=\"768\" height=\"1024\" data-id=\"174449\" src=\"https:\/\/i0.wp.com\/www.claret.org\/wp-content\/uploads\/2024\/11\/XVII-CapProv-2024-4.jpg?resize=768%2C1024&#038;ssl=1\" alt=\"\" class=\"wp-image-174449\" title=\"\"><\/figure>\n<\/figure>\n","protected":false},"excerpt":{"rendered":"<p>El XVII Cap\u00edtulo Provincial de la Provincia de Colombia Oriental-Ecuador eligi\u00f3 al P. Dar\u00edo Alonso Carvajal, CMF como nuevo Superior Provincial, al P. Enrique Aponte, CMF como Consultor y Prefecto de Apostolado, al P. Fredy Fernando Rodr\u00edguez, CMF como Consultor y Ec\u00f3nomo Provincial, y al Hno. Guillermo Salamanca, CMF como Consultor y Prefecto de Formaci\u00f3n, [&hellip;]<\/p>\n","protected":false},"author":1009,"featured_media":174420,"comment_status":"closed","ping_status":"closed","sticky":false,"template":"","format":"standard","meta":{"_et_pb_use_builder":"","_et_pb_old_content":"","_et_gb_content_width":"","footnotes":""},"categories":[378,356],"tags":[],"class_list":["post-174423","post","type-post","status-publish","format-standard","has-post-thumbnail","hentry","category-colombia-oriental-ecuador-es","category-micla-es"],"jetpack_featured_media_url":"https:\/\/i0.wp.com\/www.claret.org\/wp-content\/uploads\/2024\/11\/XVII-CapProv-2024-1-e1732425659880.jpg?fit=1600%2C1204&ssl=1","jetpack_sharing_enabled":true,"jetpack_shortlink":"https:\/\/wp.me\/pdaBmi-Jnh","jetpack_likes_enabled":true,"_links":{"self":[{"href":"https:\/\/www.claret.org\/es\/wp-json\/wp\/v2\/posts\/174423","targetHints":{"allow":["GET"]}}],"collection":[{"href":"https:\/\/www.claret.org\/es\/wp-json\/wp\/v2\/posts"}],"about":[{"href":"https:\/\/www.claret.org\/es\/wp-json\/wp\/v2\/types\/post"}],"author":[{"embeddable":true,"href":"https:\/\/www.claret.org\/es\/wp-json\/wp\/v2\/users\/1009"}],"replies":[{"embeddable":true,"href":"https:\/\/www.claret.org\/es\/wp-json\/wp\/v2\/comments?post=174423"}],"version-history":[{"count":3,"href":"https:\/\/www.claret.org\/es\/wp-json\/wp\/v2\/posts\/174423\/revisions"}],"predecessor-version":[{"id":174456,"href":"https:\/\/www.claret.org\/es\/wp-json\/wp\/v2\/posts\/174423\/revisions\/174456"}],"wp:featuredmedia":[{"embeddable":true,"href":"https:\/\/www.claret.org\/es\/wp-json\/wp\/v2\/media\/174420"}],"wp:attachment":[{"href":"https:\/\/www.claret.org\/es\/wp-json\/wp\/v2\/media?parent=174423"}],"wp:term":[{"taxonomy":"category","embeddable":true,"href":"https:\/\/www.claret.org\/es\/wp-json\/wp\/v2\/categories?post=174423"},{"taxonomy":"post_tag","embeddable":true,"href":"https:\/\/www.claret.org\/es\/wp-json\/wp\/v2\/tags?post=174423"}],"curies":[{"name":"wp","href":"https:\/\/api.w.org\/{rel}","templated":true}]}}