{"id":174783,"date":"2024-12-03T11:47:24","date_gmt":"2024-12-03T10:47:24","guid":{"rendered":"https:\/\/www.claret.org\/claretianos-en-la-cop29-avanzando-en-la-justicia-climatica-en-medio-de-desafios\/"},"modified":"2024-12-05T16:14:35","modified_gmt":"2024-12-05T15:14:35","slug":"claretianos-en-la-cop29-avanzando-en-la-justicia-climatica-en-medio-de-desafios","status":"publish","type":"post","link":"https:\/\/www.claret.org\/es\/claretianos-en-la-cop29-avanzando-en-la-justicia-climatica-en-medio-de-desafios\/","title":{"rendered":"Claretianos en la COP29: Avanzando en la Justicia Clim\u00e1tica en Medio de Desaf\u00edos"},"content":{"rendered":"\n<p class=\"has-drop-cap\"><p><b>Bak\u00fa, Azerbaiy\u00e1n.<\/b><span style=\"font-weight: 400;\"> La 29\u00aa Conferencia de las Partes (COP29) de la Convenci\u00f3n Marco de las Naciones Unidas sobre el Cambio Clim\u00e1tico (CMNUCC) se celebr\u00f3 del 11 al 24 de noviembre de 2024 en Bak\u00fa, Azerbaiy\u00e1n. Esta reuni\u00f3n anual reuni\u00f3 a m\u00e1s de 55,000 participantes, incluidos l\u00edderes mundiales, representantes de la sociedad civil, pueblos ind\u00edgenas, j\u00f3venes y otros actores, para deliberar sobre la acci\u00f3n clim\u00e1tica y promover soluciones a los desaf\u00edos clim\u00e1ticos m\u00e1s urgentes del mundo. A pesar de las altas expectativas, la COP29 ofreci\u00f3 resultados mixtos, con algunos avances modestos y deficiencias significativas.<\/span><\/p><\/p>\n\n<p>Los claretianos estuvieron representados activamente en la COP29 por el Hno. Robert Omondi CMF, representante claretiano en el Programa de las Naciones Unidas para el Medio Ambiente (PNUMA), y el P. Rohan Dominic CMF, representante claretiano en la ONU en Nueva York. La Fondazione Proclade Internazionale-Onlus (FPI), que obtuvo estatus de observador en la CMNUCC en 2023, colabor\u00f3 con la Red de Actores Cat\u00f3licos por el Clima y el Medio Ambiente (NCCEA) en la preparaci\u00f3n y participaci\u00f3n. La NCCEA, una coalici\u00f3n de organizaciones cat\u00f3licas que trabajan por la justicia ambiental, se form\u00f3 despu\u00e9s de la COP28 tras una serie de discusiones entre representantes cat\u00f3licos que reconocieron la necesidad de una colaboraci\u00f3n m\u00e1s fuerte para amplificar su influencia en la pol\u00edtica clim\u00e1tica global.<\/p>\n\n<p>Un momento destacado fue la Misa en la Catedral de Santa Mar\u00eda, celebrada por el obispo Vladim\u00edr Fekete. Esta reuni\u00f3n subray\u00f3 el papel de las comunidades de fe en la promoci\u00f3n de la justicia ambiental y la unidad en medio de intensas negociaciones. Los claretianos tambi\u00e9n renovaron su asociaci\u00f3n con la iniciativa Fe para la Tierra del PNUMA y participaron en eventos en el Pabell\u00f3n de la Fe.&#13;\n<\/p>\n\n<p>Apodada la \u201cCOP de las Finanzas\u201d, la conferencia se centr\u00f3 en la financiaci\u00f3n clim\u00e1tica, pero no cumpli\u00f3 con las expectativas. Las naciones en desarrollo buscaban $1.3 billones anuales para adaptaci\u00f3n y mitigaci\u00f3n, pero solo recibieron promesas de $300 mil millones, aplazadas hasta 2035. Esta brecha destac\u00f3 las persistentes desigualdades y la falta de urgencia. No obstante, la COP29 logr\u00f3 algunos hitos: se estableci\u00f3 un Nuevo Objetivo Colectivo Cuantificado para la financiaci\u00f3n clim\u00e1tica, se finalizaron las reglas del comercio global de carbono y se integraron las perspectivas de g\u00e9nero en las pol\u00edticas clim\u00e1ticas.<\/p>\n\n<p>Sin embargo, estos logros se vieron eclipsados por fracasos significativos. No se lograron compromisos sustanciales para reducir las emisiones de combustibles f\u00f3siles ni apoyar las transiciones energ\u00e9ticas para las comunidades vulnerables. Las tensiones diplom\u00e1ticas dificultaron una acci\u00f3n decisiva, reflejando desaf\u00edos m\u00e1s amplios para lograr un consenso global. Con la atenci\u00f3n centrada en la COP30 en Bel\u00e9m, Brasil, en 2025, se mantienen las esperanzas de resultados transformadores.<\/p>\n\n<p>En preparaci\u00f3n para la COP29, el equipo claretiano de la ONU proporcion\u00f3 recursos y actualizaciones a la Congregaci\u00f3n a trav\u00e9s de los Prefectos de Apostolado y los Coordinadores SOMI, asegurando una amplia conciencia sobre la importancia de la conferencia. Durante la COP29, el equipo tambi\u00e9n comparti\u00f3 actualizaciones diarias, manteniendo informados a los miembros sobre los procedimientos y resultados. Estos esfuerzos enfatizaron la importancia del compromiso activo y la solidaridad en la lucha contra los problemas clim\u00e1ticos.<\/p>\n\n<p>Los resultados de la COP29 subrayan la necesidad de una colaboraci\u00f3n, defensa y participaci\u00f3n continuas en la configuraci\u00f3n de las pol\u00edticas clim\u00e1ticas. Los claretianos siguen comprometidos con la crisis clim\u00e1tica, aumentando la conciencia, reduciendo las emisiones de gases de efecto invernadero y apoyando medidas de adaptaci\u00f3n. Esta misi\u00f3n se alinea con nuestro compromiso m\u00e1s amplio de cuidar la creaci\u00f3n, promover la justicia y contribuir significativamente a la protecci\u00f3n de nuestro planeta.&#13;\n<\/p>\n\n<p><\/p>\n\n<figure class=\"wp-block-image size-large is-style-default\"><img data-recalc-dims=\"1\" loading=\"lazy\" decoding=\"async\" width=\"1080\" height=\"608\" src=\"https:\/\/i0.wp.com\/www.claret.org\/wp-content\/uploads\/2024\/12\/COP29-7-edited.jpeg?resize=1080%2C608&#038;ssl=1\" alt=\"\" class=\"wp-image-174763\" title=\"\" srcset=\"https:\/\/www.claret.org\/wp-content\/uploads\/2024\/12\/COP29-7-edited.jpeg 2000w, https:\/\/www.claret.org\/wp-content\/uploads\/2024\/12\/COP29-7-edited-1280x720.jpeg 1280w, https:\/\/www.claret.org\/wp-content\/uploads\/2024\/12\/COP29-7-edited-980x551.jpeg 980w, https:\/\/www.claret.org\/wp-content\/uploads\/2024\/12\/COP29-7-edited-480x270.jpeg 480w\" sizes=\"(min-width: 0px) and (max-width: 480px) 480px, (min-width: 481px) and (max-width: 980px) 980px, (min-width: 981px) and (max-width: 1280px) 1280px, (min-width: 1281px) 2000px, 100vw\" \/><\/figure>\n\n<figure class=\"wp-block-gallery has-nested-images columns-default is-cropped wp-block-gallery-1 is-layout-flex wp-block-gallery-is-layout-flex\">\n<figure class=\"wp-block-image size-large\"><img data-recalc-dims=\"1\" loading=\"lazy\" decoding=\"async\" width=\"900\" height=\"1600\" data-id=\"174757\" src=\"https:\/\/i0.wp.com\/www.claret.org\/wp-content\/uploads\/2024\/12\/COP29-10-edited.jpeg?resize=900%2C1600&#038;ssl=1\" alt=\"\" class=\"wp-image-174757\" title=\"\" srcset=\"https:\/\/www.claret.org\/wp-content\/uploads\/2024\/12\/COP29-10-edited.jpeg 900w, https:\/\/www.claret.org\/wp-content\/uploads\/2024\/12\/COP29-10-edited-480x853.jpeg 480w\" sizes=\"(min-width: 0px) and (max-width: 480px) 480px, (min-width: 481px) 900px, 100vw\" \/><\/figure>\n\n\n\n<figure class=\"wp-block-image size-large\"><img data-recalc-dims=\"1\" loading=\"lazy\" decoding=\"async\" width=\"771\" height=\"1024\" data-id=\"174727\" src=\"https:\/\/i0.wp.com\/www.claret.org\/wp-content\/uploads\/2024\/12\/COP29-6.jpeg?resize=771%2C1024&#038;ssl=1\" alt=\"\" class=\"wp-image-174727\" title=\"\"><\/figure>\n\n\n\n<figure class=\"wp-block-image size-large\"><img data-recalc-dims=\"1\" loading=\"lazy\" decoding=\"async\" width=\"673\" height=\"1024\" data-id=\"174697\" src=\"https:\/\/i0.wp.com\/www.claret.org\/wp-content\/uploads\/2024\/12\/COP29-1.jpeg?resize=673%2C1024&#038;ssl=1\" alt=\"\" class=\"wp-image-174697\" title=\"\"><\/figure>\n\n\n\n<figure class=\"wp-block-image size-large\"><img data-recalc-dims=\"1\" loading=\"lazy\" decoding=\"async\" width=\"768\" height=\"1024\" data-id=\"174745\" src=\"https:\/\/i0.wp.com\/www.claret.org\/wp-content\/uploads\/2024\/12\/COP29-9.jpeg?resize=768%2C1024&#038;ssl=1\" alt=\"\" class=\"wp-image-174745\" title=\"\"><\/figure>\n\n\n\n<figure class=\"wp-block-image size-large\"><img data-recalc-dims=\"1\" loading=\"lazy\" decoding=\"async\" width=\"1080\" height=\"608\" data-id=\"174769\" src=\"https:\/\/i0.wp.com\/www.claret.org\/wp-content\/uploads\/2024\/12\/COP29-3-edited.jpeg?resize=1080%2C608&#038;ssl=1\" alt=\"\" class=\"wp-image-174769\" title=\"\" srcset=\"https:\/\/www.claret.org\/wp-content\/uploads\/2024\/12\/COP29-3-edited.jpeg 1600w, https:\/\/www.claret.org\/wp-content\/uploads\/2024\/12\/COP29-3-edited-1280x720.jpeg 1280w, https:\/\/www.claret.org\/wp-content\/uploads\/2024\/12\/COP29-3-edited-980x551.jpeg 980w, https:\/\/www.claret.org\/wp-content\/uploads\/2024\/12\/COP29-3-edited-480x270.jpeg 480w\" sizes=\"(min-width: 0px) and (max-width: 480px) 480px, (min-width: 481px) and (max-width: 980px) 980px, (min-width: 981px) and (max-width: 1280px) 1280px, (min-width: 1281px) 1600px, 100vw\" \/><\/figure>\n\n\n\n<figure class=\"wp-block-image size-large\"><img data-recalc-dims=\"1\" loading=\"lazy\" decoding=\"async\" width=\"1080\" height=\"608\" data-id=\"174775\" src=\"https:\/\/i0.wp.com\/www.claret.org\/wp-content\/uploads\/2024\/12\/COP29-2-edited.jpeg?resize=1080%2C608&#038;ssl=1\" alt=\"\" class=\"wp-image-174775\" title=\"\" srcset=\"https:\/\/www.claret.org\/wp-content\/uploads\/2024\/12\/COP29-2-edited.jpeg 1600w, https:\/\/www.claret.org\/wp-content\/uploads\/2024\/12\/COP29-2-edited-1280x720.jpeg 1280w, https:\/\/www.claret.org\/wp-content\/uploads\/2024\/12\/COP29-2-edited-980x551.jpeg 980w, https:\/\/www.claret.org\/wp-content\/uploads\/2024\/12\/COP29-2-edited-480x270.jpeg 480w\" sizes=\"(min-width: 0px) and (max-width: 480px) 480px, (min-width: 481px) and (max-width: 980px) 980px, (min-width: 981px) and (max-width: 1280px) 1280px, (min-width: 1281px) 1600px, 100vw\" \/><\/figure>\n<\/figure>\n","protected":false},"excerpt":{"rendered":"<p>Bak\u00fa, Azerbaiy\u00e1n. La 29\u00aa Conferencia de las Partes (COP29) de la Convenci\u00f3n Marco de las Naciones Unidas sobre el Cambio Clim\u00e1tico (CMNUCC) se celebr\u00f3 del 11 al 24 de noviembre de 2024 en Bak\u00fa, Azerbaiy\u00e1n. Esta reuni\u00f3n anual reuni\u00f3 a m\u00e1s de 55,000 participantes, incluidos l\u00edderes mundiales, representantes de la sociedad civil, pueblos ind\u00edgenas, j\u00f3venes [&hellip;]<\/p>\n","protected":false},"author":1009,"featured_media":174720,"comment_status":"closed","ping_status":"closed","sticky":false,"template":"","format":"standard","meta":{"_et_pb_use_builder":"","_et_pb_old_content":"","_et_gb_content_width":"","footnotes":""},"categories":[454,445],"tags":[5450],"class_list":["post-174783","post","type-post","status-publish","format-standard","has-post-thumbnail","hentry","category-presencia-en-la-onu","category-solidaridad-y-mision","tag-nu-presencia"],"jetpack_featured_media_url":"https:\/\/i0.wp.com\/www.claret.org\/wp-content\/uploads\/2024\/12\/COP29-4-e1733222249291.jpeg?fit=1600%2C1200&ssl=1","jetpack_sharing_enabled":true,"jetpack_shortlink":"https:\/\/wp.me\/pdaBmi-Jt5","jetpack_likes_enabled":true,"_links":{"self":[{"href":"https:\/\/www.claret.org\/es\/wp-json\/wp\/v2\/posts\/174783","targetHints":{"allow":["GET"]}}],"collection":[{"href":"https:\/\/www.claret.org\/es\/wp-json\/wp\/v2\/posts"}],"about":[{"href":"https:\/\/www.claret.org\/es\/wp-json\/wp\/v2\/types\/post"}],"author":[{"embeddable":true,"href":"https:\/\/www.claret.org\/es\/wp-json\/wp\/v2\/users\/1009"}],"replies":[{"embeddable":true,"href":"https:\/\/www.claret.org\/es\/wp-json\/wp\/v2\/comments?post=174783"}],"version-history":[{"count":2,"href":"https:\/\/www.claret.org\/es\/wp-json\/wp\/v2\/posts\/174783\/revisions"}],"predecessor-version":[{"id":175022,"href":"https:\/\/www.claret.org\/es\/wp-json\/wp\/v2\/posts\/174783\/revisions\/175022"}],"wp:featuredmedia":[{"embeddable":true,"href":"https:\/\/www.claret.org\/es\/wp-json\/wp\/v2\/media\/174720"}],"wp:attachment":[{"href":"https:\/\/www.claret.org\/es\/wp-json\/wp\/v2\/media?parent=174783"}],"wp:term":[{"taxonomy":"category","embeddable":true,"href":"https:\/\/www.claret.org\/es\/wp-json\/wp\/v2\/categories?post=174783"},{"taxonomy":"post_tag","embeddable":true,"href":"https:\/\/www.claret.org\/es\/wp-json\/wp\/v2\/tags?post=174783"}],"curies":[{"name":"wp","href":"https:\/\/api.w.org\/{rel}","templated":true}]}}