{"id":175671,"date":"2024-12-27T12:58:22","date_gmt":"2024-12-27T11:58:22","guid":{"rendered":"https:\/\/www.claret.org\/los-misioneros-claretianos-celebran-50-anos-de-presencia-en-gabon\/"},"modified":"2024-12-27T15:26:21","modified_gmt":"2024-12-27T14:26:21","slug":"los-misioneros-claretianos-celebran-50-anos-de-presencia-en-gabon","status":"publish","type":"post","link":"https:\/\/www.claret.org\/es\/los-misioneros-claretianos-celebran-50-anos-de-presencia-en-gabon\/","title":{"rendered":"Los Misioneros Claretianos Celebran 50 A\u00f1os de Presencia en Gab\u00f3n"},"content":{"rendered":"\n<p class=\"has-drop-cap\"><p><b>Franceville, Gab\u00f3n.<\/b><span style=\"font-weight: 400;\"> Del 19 al 21 de diciembre de 2024, la Delegaci\u00f3n Padre Xifr\u00e9 concluy\u00f3 las celebraciones del Jubileo de Oro que marc\u00f3 50 a\u00f1os de presencia misionera claretiana en Gab\u00f3n.<\/span><\/p><\/p>\n\n<p>El Jubileo, inaugurado el 2 de diciembre de 2023 en la Catedral de San Carlos Lwanga en Oyem, culmin\u00f3 en la Catedral de Franceville, el lugar donde comenz\u00f3 la misi\u00f3n claretiana en Gab\u00f3n. Durante los tres d\u00edas de eventos se llevaron a cabo v\u00edsperas solemnes, una conferencia, una proyecci\u00f3n de video sobre la historia de los Claretianos en Gab\u00f3n y una Misa de Acci\u00f3n de Gracias presidida por Su Excelencia Monse\u00f1or Ephrem Ndjoni, Obispo de Franceville.<\/p>\n\n<p>La Misa cont\u00f3 con la participaci\u00f3n del Superior Mayor de la Delegaci\u00f3n Padre Xifr\u00e9, P. F\u00e9lix Obaga Bilogo, CMF,  misioneros claretianos de las aldeas cercanas, el P. Renato Caprioli, CMF, en representaci\u00f3n de la Provincia Sanctus Paulus, y misioneros provenientes de Libreville, Bata y Malabo. Tambi\u00e9n asistieron cl\u00e9rigos diocesanos, Hermanas Claretianas y fieles laicos.&#13;\n<\/p>\n\n<p>En su homil\u00eda, el Obispo Ndjoni expres\u00f3 su profunda gratitud por los 50 a\u00f1os de evangelizaci\u00f3n de los Claretianos y destac\u00f3 los testimonios de los misioneros que han servido en Gab\u00f3n. Durante la Misa, el secretario de la delegaci\u00f3n ley\u00f3 un mensaje del Superior General de la Congregaci\u00f3n, ofreciendo felicitaciones y bendiciones.&#13;\n<\/p>\n\n<p>El evento concluy\u00f3 con oraciones de agradecimiento a Dios por la Congregaci\u00f3n Claretiana, el don de la vocaci\u00f3n y el fruct\u00edfero ministerio desarrollado durante cinco d\u00e9cadas en Gab\u00f3n.&#13;\n<\/p>\n\n<p><p><em><b>Fuente:<\/b><span style=\"font-weight: 400;\"> Axel YOLANDA, CMF, Delegaci\u00f3n Padre Xifr\u00e9, Secretario de la Delegaci\u00f3n<\/span><\/em><\/p><\/p>\n\n<p><\/p>\n\n<figure class=\"wp-block-gallery has-nested-images columns-default is-cropped wp-block-gallery-1 is-layout-flex wp-block-gallery-is-layout-flex\">\n<figure class=\"wp-block-image size-large\"><img data-recalc-dims=\"1\" loading=\"lazy\" decoding=\"async\" width=\"1024\" height=\"473\" data-id=\"175652\" src=\"https:\/\/i0.wp.com\/www.claret.org\/wp-content\/uploads\/2024\/12\/2024-12-21-Jubilee-P.-Xifre-4-2.jpg?resize=1024%2C473&#038;ssl=1\" alt=\"\" class=\"wp-image-175652\" title=\"\" srcset=\"https:\/\/www.claret.org\/wp-content\/uploads\/2024\/12\/2024-12-21-Jubilee-P.-Xifre-4-2-980x453.jpg 980w, https:\/\/www.claret.org\/wp-content\/uploads\/2024\/12\/2024-12-21-Jubilee-P.-Xifre-4-2-480x222.jpg 480w\" sizes=\"(min-width: 0px) and (max-width: 480px) 480px, (min-width: 481px) and (max-width: 980px) 980px, (min-width: 981px) 1024px, 100vw\" \/><\/figure>\n\n\n\n<figure class=\"wp-block-image size-large\"><img data-recalc-dims=\"1\" loading=\"lazy\" decoding=\"async\" width=\"1024\" height=\"768\" data-id=\"175664\" src=\"https:\/\/i0.wp.com\/www.claret.org\/wp-content\/uploads\/2024\/12\/52024-12-21-Jubilee-P.-Xifre-6.jpg?resize=1024%2C768&#038;ssl=1\" alt=\"\" class=\"wp-image-175664\" title=\"\" srcset=\"https:\/\/www.claret.org\/wp-content\/uploads\/2024\/12\/52024-12-21-Jubilee-P.-Xifre-6-1024x768.jpg 1024w, https:\/\/www.claret.org\/wp-content\/uploads\/2024\/12\/52024-12-21-Jubilee-P.-Xifre-6-980x735.jpg 980w, https:\/\/www.claret.org\/wp-content\/uploads\/2024\/12\/52024-12-21-Jubilee-P.-Xifre-6-480x360.jpg 480w\" sizes=\"(min-width: 0px) and (max-width: 480px) 480px, (min-width: 481px) and (max-width: 980px) 980px, (min-width: 981px) 1024px, 100vw\" \/><\/figure>\n\n\n\n<figure class=\"wp-block-image size-large\"><img data-recalc-dims=\"1\" loading=\"lazy\" decoding=\"async\" width=\"1024\" height=\"473\" data-id=\"175640\" src=\"https:\/\/i0.wp.com\/www.claret.org\/wp-content\/uploads\/2024\/12\/2024-12-21-Jubilee-P.-Xifre-1.jpg?resize=1024%2C473&#038;ssl=1\" alt=\"\" class=\"wp-image-175640\" title=\"\" srcset=\"https:\/\/www.claret.org\/wp-content\/uploads\/2024\/12\/2024-12-21-Jubilee-P.-Xifre-1-980x453.jpg 980w, https:\/\/www.claret.org\/wp-content\/uploads\/2024\/12\/2024-12-21-Jubilee-P.-Xifre-1-480x222.jpg 480w\" sizes=\"(min-width: 0px) and (max-width: 480px) 480px, (min-width: 481px) and (max-width: 980px) 980px, (min-width: 981px) 1024px, 100vw\" \/><\/figure>\n\n\n\n<figure class=\"wp-block-image size-large\"><img data-recalc-dims=\"1\" loading=\"lazy\" decoding=\"async\" width=\"1024\" height=\"473\" data-id=\"175646\" src=\"https:\/\/i0.wp.com\/www.claret.org\/wp-content\/uploads\/2024\/12\/2024-12-21-Jubilee-P.-Xifre-3.jpg?resize=1024%2C473&#038;ssl=1\" alt=\"\" class=\"wp-image-175646\" title=\"\" srcset=\"https:\/\/www.claret.org\/wp-content\/uploads\/2024\/12\/2024-12-21-Jubilee-P.-Xifre-3-980x453.jpg 980w, https:\/\/www.claret.org\/wp-content\/uploads\/2024\/12\/2024-12-21-Jubilee-P.-Xifre-3-480x222.jpg 480w\" sizes=\"(min-width: 0px) and (max-width: 480px) 480px, (min-width: 481px) and (max-width: 980px) 980px, (min-width: 981px) 1024px, 100vw\" \/><\/figure>\n\n\n\n<figure class=\"wp-block-image size-large\"><img data-recalc-dims=\"1\" loading=\"lazy\" decoding=\"async\" width=\"1024\" height=\"473\" data-id=\"175658\" src=\"https:\/\/i0.wp.com\/www.claret.org\/wp-content\/uploads\/2024\/12\/52024-12-21-Jubilee-P.-Xifre-5.jpg?resize=1024%2C473&#038;ssl=1\" alt=\"\" class=\"wp-image-175658\" title=\"\" srcset=\"https:\/\/www.claret.org\/wp-content\/uploads\/2024\/12\/52024-12-21-Jubilee-P.-Xifre-5-980x453.jpg 980w, https:\/\/www.claret.org\/wp-content\/uploads\/2024\/12\/52024-12-21-Jubilee-P.-Xifre-5-480x222.jpg 480w\" sizes=\"(min-width: 0px) and (max-width: 480px) 480px, (min-width: 481px) and (max-width: 980px) 980px, (min-width: 981px) 1024px, 100vw\" \/><\/figure>\n<\/figure>\n","protected":false},"excerpt":{"rendered":"<p>Franceville, Gab\u00f3n. Del 19 al 21 de diciembre de 2024, la Delegaci\u00f3n Padre Xifr\u00e9 concluy\u00f3 las celebraciones del Jubileo de Oro que marc\u00f3 50 a\u00f1os de presencia misionera claretiana en Gab\u00f3n. El Jubileo, inaugurado el 2 de diciembre de 2023 en la Catedral de San Carlos Lwanga en Oyem, culmin\u00f3 en la Catedral de Franceville, [&hellip;]<\/p>\n","protected":false},"author":1009,"featured_media":175638,"comment_status":"closed","ping_status":"closed","sticky":false,"template":"","format":"standard","meta":{"_et_pb_use_builder":"","_et_pb_old_content":"","_et_gb_content_width":"","footnotes":""},"categories":[984,171],"tags":[],"class_list":["post-175671","post","type-post","status-publish","format-standard","has-post-thumbnail","hentry","category-acla-es","category-padre-xifre-es"],"jetpack_featured_media_url":"https:\/\/i0.wp.com\/www.claret.org\/wp-content\/uploads\/2024\/12\/2024-12-21-Jubilee-P.-Xifre-2.4-scaled.jpg?fit=2880%2C1620&ssl=1","jetpack_sharing_enabled":true,"jetpack_shortlink":"https:\/\/wp.me\/pdaBmi-JHp","jetpack_likes_enabled":true,"_links":{"self":[{"href":"https:\/\/www.claret.org\/es\/wp-json\/wp\/v2\/posts\/175671","targetHints":{"allow":["GET"]}}],"collection":[{"href":"https:\/\/www.claret.org\/es\/wp-json\/wp\/v2\/posts"}],"about":[{"href":"https:\/\/www.claret.org\/es\/wp-json\/wp\/v2\/types\/post"}],"author":[{"embeddable":true,"href":"https:\/\/www.claret.org\/es\/wp-json\/wp\/v2\/users\/1009"}],"replies":[{"embeddable":true,"href":"https:\/\/www.claret.org\/es\/wp-json\/wp\/v2\/comments?post=175671"}],"version-history":[{"count":1,"href":"https:\/\/www.claret.org\/es\/wp-json\/wp\/v2\/posts\/175671\/revisions"}],"predecessor-version":[{"id":175672,"href":"https:\/\/www.claret.org\/es\/wp-json\/wp\/v2\/posts\/175671\/revisions\/175672"}],"wp:featuredmedia":[{"embeddable":true,"href":"https:\/\/www.claret.org\/es\/wp-json\/wp\/v2\/media\/175638"}],"wp:attachment":[{"href":"https:\/\/www.claret.org\/es\/wp-json\/wp\/v2\/media?parent=175671"}],"wp:term":[{"taxonomy":"category","embeddable":true,"href":"https:\/\/www.claret.org\/es\/wp-json\/wp\/v2\/categories?post=175671"},{"taxonomy":"post_tag","embeddable":true,"href":"https:\/\/www.claret.org\/es\/wp-json\/wp\/v2\/tags?post=175671"}],"curies":[{"name":"wp","href":"https:\/\/api.w.org\/{rel}","templated":true}]}}