{"id":177014,"date":"2025-02-17T12:00:00","date_gmt":"2025-02-17T11:00:00","guid":{"rendered":"https:\/\/www.claret.org\/?p=177014"},"modified":"2025-02-17T11:08:23","modified_gmt":"2025-02-17T10:08:23","slug":"21-o-congreso-de-sanyasa-sobre-dignitas-infinita","status":"publish","type":"post","link":"https:\/\/www.claret.org\/es\/21-o-congreso-de-sanyasa-sobre-dignitas-infinita\/","title":{"rendered":"21.\u00ba Congreso de Sanyasa sobre Dignitas Infinita"},"content":{"rendered":"\n<p class=\"has-drop-cap\"><p><span style=\"font-weight: 400;\"><strong>Bangalore, India<\/strong>. El Instituto de Vida Consagrada &#8211; Sanyasa (ICLS) celebr\u00f3 su 21.\u00ba congreso anual sobre el tema \u00abConsagrados para ser peregrinos de esperanza, garantizando Dignitas Infinita para el pueblo de Dios\u00bb los d\u00edas 8 y 9 de febrero. El prop\u00f3sito era leer el documento seminal de 2024, Dignitas Infinita, sobre la dignidad infinita de los seres humanos en el contexto del tema jubilar de la esperanza. Al congreso de dos d\u00edas asistieron alrededor de 200 religiosos y religiosas.<\/span><\/p><\/p>\n\n<p>El congreso fue inaugurado por el P. Agnal Amalan, CRS, secretario de la Secci\u00f3n de Sacerdotes de la Conferencia Nacional de Religiosos de la India. Hubo cinco sesiones plenarias sobre los siguientes temas a cargo de varios especialistas: \u00abDignitas Infinita: Una prueba de esperanza infinita\u00bb (P. Paulson Veliyannoor, CMF, director de ICLS); \u00abPneumatolog\u00eda de la esperanza y la dignidad\u00bb (P. Jos\u00e9 Cristo Rey Garc\u00eda Paredes, CMF, profesor em\u00e9rito, ITVR); \u00abRecuperar la esperanza y la dignidad de los peregrinos en las periferias de la India\u00bb (P. George Kannanthanam, CMF, director del Centro Sumanahalli y fundador del Proyecto Visi\u00f3n); \u00abEsperanza de dignidad dentro de la Iglesia y la vida consagrada\u00bb (Sor Lalitha Thomas, SJT, delegada al S\u00ednodo sobre la sinodalidad); y \u00abMinistros de esperanza y dignidad: implicaciones formativas\u00bb (H. Paul Raj, SG (ex asistente general, Hermanos de Montfort). Tras las presentaciones, hubo una din\u00e1mica sesi\u00f3n de conversaciones entre los ponentes y el p\u00fablico. Otra caracter\u00edstica \u00fanica fue el concurso de presentaci\u00f3n de carteles para animar a los j\u00f3venes en formaci\u00f3n a abordar el tema del congreso a trav\u00e9s de sus creativos presentaciones. Los novicios claretianos fueron los ganadores un\u00e1nimes del concurso.<\/p>\n\n<p><\/p>\n\n<figure class=\"wp-block-gallery has-nested-images columns-default is-cropped wp-block-gallery-1 is-layout-flex wp-block-gallery-is-layout-flex\">\n<figure class=\"wp-block-image size-large\"><img data-recalc-dims=\"1\" loading=\"lazy\" decoding=\"async\" width=\"1024\" height=\"681\" data-id=\"176994\" src=\"https:\/\/i0.wp.com\/www.claret.org\/wp-content\/uploads\/2025\/02\/2025-02-10-21st-Seminar-on-Dignitas-Inifita-Sanyasa-1.jpg?resize=1024%2C681&#038;ssl=1\" alt=\"\" class=\"wp-image-176994\" title=\"\" srcset=\"https:\/\/www.claret.org\/wp-content\/uploads\/2025\/02\/2025-02-10-21st-Seminar-on-Dignitas-Inifita-Sanyasa-1-980x652.jpg 980w, https:\/\/www.claret.org\/wp-content\/uploads\/2025\/02\/2025-02-10-21st-Seminar-on-Dignitas-Inifita-Sanyasa-1-480x319.jpg 480w\" sizes=\"(min-width: 0px) and (max-width: 480px) 480px, (min-width: 481px) and (max-width: 980px) 980px, (min-width: 981px) 1024px, 100vw\" \/><\/figure>\n\n\n\n<figure class=\"wp-block-image size-large\"><img data-recalc-dims=\"1\" loading=\"lazy\" decoding=\"async\" width=\"1024\" height=\"681\" data-id=\"177000\" src=\"https:\/\/i0.wp.com\/www.claret.org\/wp-content\/uploads\/2025\/02\/2025-02-10-21st-Seminar-on-Dignitas-Inifita-Sanyasa-3.jpg?resize=1024%2C681&#038;ssl=1\" alt=\"\" class=\"wp-image-177000\" title=\"\" srcset=\"https:\/\/www.claret.org\/wp-content\/uploads\/2025\/02\/2025-02-10-21st-Seminar-on-Dignitas-Inifita-Sanyasa-3-980x652.jpg 980w, https:\/\/www.claret.org\/wp-content\/uploads\/2025\/02\/2025-02-10-21st-Seminar-on-Dignitas-Inifita-Sanyasa-3-480x319.jpg 480w\" sizes=\"(min-width: 0px) and (max-width: 480px) 480px, (min-width: 481px) and (max-width: 980px) 980px, (min-width: 981px) 1024px, 100vw\" \/><\/figure>\n\n\n\n<figure class=\"wp-block-image size-large\"><img data-recalc-dims=\"1\" loading=\"lazy\" decoding=\"async\" width=\"1024\" height=\"681\" data-id=\"177006\" src=\"https:\/\/i0.wp.com\/www.claret.org\/wp-content\/uploads\/2025\/02\/2025-02-10-21st-Seminar-on-Dignitas-Inifita-Sanyasa-4.jpg?resize=1024%2C681&#038;ssl=1\" alt=\"\" class=\"wp-image-177006\" title=\"\" srcset=\"https:\/\/www.claret.org\/wp-content\/uploads\/2025\/02\/2025-02-10-21st-Seminar-on-Dignitas-Inifita-Sanyasa-4-980x652.jpg 980w, https:\/\/www.claret.org\/wp-content\/uploads\/2025\/02\/2025-02-10-21st-Seminar-on-Dignitas-Inifita-Sanyasa-4-480x319.jpg 480w\" sizes=\"(min-width: 0px) and (max-width: 480px) 480px, (min-width: 481px) and (max-width: 980px) 980px, (min-width: 981px) 1024px, 100vw\" \/><\/figure>\n<\/figure>\n\n<p><\/p>\n\n<p>El primer d\u00eda del congreso, la Eucarist\u00eda de clausura fue celebrada por Su Excelencia Peter Machado, arzobispo de Bangalore. El \u00faltimo d\u00eda, el P. Sabu George, CMF, presidente de ICLS y superior mayor de la provincia claretiana de Bangalore, presidi\u00f3 la Eucarist\u00eda.&#13;\n<\/p>\n\n<p><\/p>\n\n<figure class=\"wp-block-gallery has-nested-images columns-default is-cropped wp-block-gallery-2 is-layout-flex wp-block-gallery-is-layout-flex\">\n<figure class=\"wp-block-image size-large\"><img data-recalc-dims=\"1\" loading=\"lazy\" decoding=\"async\" width=\"1024\" height=\"681\" data-id=\"176976\" src=\"https:\/\/i0.wp.com\/www.claret.org\/wp-content\/uploads\/2025\/02\/2025-02-10-21st-Seminar-on-Dignitas-Inifita-Sanyasa-5.jpg?resize=1024%2C681&#038;ssl=1\" alt=\"\" class=\"wp-image-176976\" title=\"\" srcset=\"https:\/\/www.claret.org\/wp-content\/uploads\/2025\/02\/2025-02-10-21st-Seminar-on-Dignitas-Inifita-Sanyasa-5-980x652.jpg 980w, https:\/\/www.claret.org\/wp-content\/uploads\/2025\/02\/2025-02-10-21st-Seminar-on-Dignitas-Inifita-Sanyasa-5-480x319.jpg 480w\" sizes=\"(min-width: 0px) and (max-width: 480px) 480px, (min-width: 481px) and (max-width: 980px) 980px, (min-width: 981px) 1024px, 100vw\" \/><\/figure>\n\n\n\n<figure class=\"wp-block-image size-large\"><img data-recalc-dims=\"1\" loading=\"lazy\" decoding=\"async\" width=\"1024\" height=\"681\" data-id=\"176982\" src=\"https:\/\/i0.wp.com\/www.claret.org\/wp-content\/uploads\/2025\/02\/2025-02-10-21st-Seminar-on-Dignitas-Inifita-Sanyasa-6.jpg?resize=1024%2C681&#038;ssl=1\" alt=\"\" class=\"wp-image-176982\" title=\"\" srcset=\"https:\/\/www.claret.org\/wp-content\/uploads\/2025\/02\/2025-02-10-21st-Seminar-on-Dignitas-Inifita-Sanyasa-6-980x652.jpg 980w, https:\/\/www.claret.org\/wp-content\/uploads\/2025\/02\/2025-02-10-21st-Seminar-on-Dignitas-Inifita-Sanyasa-6-480x319.jpg 480w\" sizes=\"(min-width: 0px) and (max-width: 480px) 480px, (min-width: 481px) and (max-width: 980px) 980px, (min-width: 981px) 1024px, 100vw\" \/><\/figure>\n\n\n\n<figure class=\"wp-block-image size-large\"><img data-recalc-dims=\"1\" loading=\"lazy\" decoding=\"async\" width=\"1024\" height=\"681\" data-id=\"176988\" src=\"https:\/\/i0.wp.com\/www.claret.org\/wp-content\/uploads\/2025\/02\/2025-02-10-21st-Seminar-on-Dignitas-Inifita-Sanyasa-7.jpg?resize=1024%2C681&#038;ssl=1\" alt=\"\" class=\"wp-image-176988\" title=\"\" srcset=\"https:\/\/www.claret.org\/wp-content\/uploads\/2025\/02\/2025-02-10-21st-Seminar-on-Dignitas-Inifita-Sanyasa-7-980x652.jpg 980w, https:\/\/www.claret.org\/wp-content\/uploads\/2025\/02\/2025-02-10-21st-Seminar-on-Dignitas-Inifita-Sanyasa-7-480x319.jpg 480w\" sizes=\"(min-width: 0px) and (max-width: 480px) 480px, (min-width: 481px) and (max-width: 980px) 980px, (min-width: 981px) 1024px, 100vw\" \/><\/figure>\n<\/figure>\n","protected":false},"excerpt":{"rendered":"<p>Bangalore, India. El Instituto de Vida Consagrada &#8211; Sanyasa (ICLS) celebr\u00f3 su 21.\u00ba congreso anual sobre el tema \u00abConsagrados para ser peregrinos de esperanza, garantizando Dignitas Infinita para el pueblo de Dios\u00bb los d\u00edas 8 y 9 de febrero. El prop\u00f3sito era leer el documento seminal de 2024, Dignitas Infinita, sobre la dignidad infinita de [&hellip;]<\/p>\n","protected":false},"author":1009,"featured_media":176975,"comment_status":"closed","ping_status":"closed","sticky":false,"template":"","format":"standard","meta":{"_et_pb_use_builder":"","_et_pb_old_content":"","_et_gb_content_width":"","footnotes":""},"categories":[417],"tags":[],"class_list":["post-177014","post","type-post","status-publish","format-standard","has-post-thumbnail","hentry","category-vida-consagrada"],"jetpack_featured_media_url":"https:\/\/i0.wp.com\/www.claret.org\/wp-content\/uploads\/2025\/02\/2025-02-10-21st-Seminar-on-Dignitas-Inifita-Sanyasa-2-scaled-e1739785625691.jpg?fit=2880%2C1915&ssl=1","jetpack_sharing_enabled":true,"jetpack_shortlink":"https:\/\/wp.me\/pdaBmi-K34","jetpack_likes_enabled":true,"_links":{"self":[{"href":"https:\/\/www.claret.org\/es\/wp-json\/wp\/v2\/posts\/177014","targetHints":{"allow":["GET"]}}],"collection":[{"href":"https:\/\/www.claret.org\/es\/wp-json\/wp\/v2\/posts"}],"about":[{"href":"https:\/\/www.claret.org\/es\/wp-json\/wp\/v2\/types\/post"}],"author":[{"embeddable":true,"href":"https:\/\/www.claret.org\/es\/wp-json\/wp\/v2\/users\/1009"}],"replies":[{"embeddable":true,"href":"https:\/\/www.claret.org\/es\/wp-json\/wp\/v2\/comments?post=177014"}],"version-history":[{"count":1,"href":"https:\/\/www.claret.org\/es\/wp-json\/wp\/v2\/posts\/177014\/revisions"}],"predecessor-version":[{"id":177015,"href":"https:\/\/www.claret.org\/es\/wp-json\/wp\/v2\/posts\/177014\/revisions\/177015"}],"wp:featuredmedia":[{"embeddable":true,"href":"https:\/\/www.claret.org\/es\/wp-json\/wp\/v2\/media\/176975"}],"wp:attachment":[{"href":"https:\/\/www.claret.org\/es\/wp-json\/wp\/v2\/media?parent=177014"}],"wp:term":[{"taxonomy":"category","embeddable":true,"href":"https:\/\/www.claret.org\/es\/wp-json\/wp\/v2\/categories?post=177014"},{"taxonomy":"post_tag","embeddable":true,"href":"https:\/\/www.claret.org\/es\/wp-json\/wp\/v2\/tags?post=177014"}],"curies":[{"name":"wp","href":"https:\/\/api.w.org\/{rel}","templated":true}]}}