{"id":178371,"date":"2025-03-31T12:20:30","date_gmt":"2025-03-31T10:20:30","guid":{"rendered":"https:\/\/www.claret.org\/?p=178371"},"modified":"2025-03-31T12:25:05","modified_gmt":"2025-03-31T10:25:05","slug":"misioneros-claretianos-en-africa-se-unen-en-oracion-por-la-paz","status":"publish","type":"post","link":"https:\/\/www.claret.org\/es\/misioneros-claretianos-en-africa-se-unen-en-oracion-por-la-paz\/","title":{"rendered":"Misioneros Claretianos en \u00c1frica se Unen en Oraci\u00f3n por la Paz"},"content":{"rendered":"\n<p>El 25 de marzo de 2025, los Misioneros Claretianos de \u00c1frica se reunieron en comuni\u00f3n espiritual para orar por la paz en el continente, conmemorando la Fiesta de la Anunciaci\u00f3n. Esta iniciativa reuni\u00f3 a delegaciones claretianas, misiones, comunidades, casas de formaci\u00f3n e instituciones educativas.&#13;\n<\/p>\n\n<p>Ante los conflictos y crisis en \u00c1frica, los claretianos dedicaron la ocasi\u00f3n a invocar la paz a trav\u00e9s de misas, adoraciones eucar\u00edsticas y rezos del rosario. Las casas de formaci\u00f3n involucraron a los j\u00f3venes misioneros, mientras que las escuelas organizaron sesiones de sensibilizaci\u00f3n sobre la paz y el di\u00e1logo.&#13;\n<\/p>\n\n<p><\/p>\n\n<figure class=\"wp-block-gallery has-nested-images columns-default is-cropped wp-block-gallery-1 is-layout-flex wp-block-gallery-is-layout-flex\">\n<figure class=\"wp-block-image size-large\"><img data-recalc-dims=\"1\" loading=\"lazy\" decoding=\"async\" width=\"1006\" height=\"535\" data-id=\"178334\" src=\"https:\/\/i0.wp.com\/www.claret.org\/wp-content\/uploads\/2025\/03\/2025-03-25-Prayer-for-Peace-ACLA-1.jpeg?resize=1006%2C535&#038;ssl=1\" alt=\"\" class=\"wp-image-178334\" title=\"\" srcset=\"https:\/\/www.claret.org\/wp-content\/uploads\/2025\/03\/2025-03-25-Prayer-for-Peace-ACLA-1.jpeg 1006w, https:\/\/www.claret.org\/wp-content\/uploads\/2025\/03\/2025-03-25-Prayer-for-Peace-ACLA-1-980x521.jpeg 980w, https:\/\/www.claret.org\/wp-content\/uploads\/2025\/03\/2025-03-25-Prayer-for-Peace-ACLA-1-480x255.jpeg 480w\" sizes=\"(min-width: 0px) and (max-width: 480px) 480px, (min-width: 481px) and (max-width: 980px) 980px, (min-width: 981px) 1006px, 100vw\" \/><\/figure>\n\n\n\n<figure class=\"wp-block-image size-large\"><img data-recalc-dims=\"1\" loading=\"lazy\" decoding=\"async\" width=\"1024\" height=\"576\" data-id=\"178346\" src=\"https:\/\/i0.wp.com\/www.claret.org\/wp-content\/uploads\/2025\/03\/2025-03-25-Prayer-for-Peace-ACLA-4.jpeg?resize=1024%2C576&#038;ssl=1\" alt=\"\" class=\"wp-image-178346\" title=\"\" srcset=\"https:\/\/www.claret.org\/wp-content\/uploads\/2025\/03\/2025-03-25-Prayer-for-Peace-ACLA-4-980x551.jpeg 980w, https:\/\/www.claret.org\/wp-content\/uploads\/2025\/03\/2025-03-25-Prayer-for-Peace-ACLA-4-480x270.jpeg 480w\" sizes=\"(min-width: 0px) and (max-width: 480px) 480px, (min-width: 481px) and (max-width: 980px) 980px, (min-width: 981px) 1024px, 100vw\" \/><\/figure>\n\n\n\n<figure class=\"wp-block-image size-large\"><img data-recalc-dims=\"1\" loading=\"lazy\" decoding=\"async\" width=\"1024\" height=\"678\" data-id=\"178340\" src=\"https:\/\/i0.wp.com\/www.claret.org\/wp-content\/uploads\/2025\/03\/2025-03-25-Prayer-for-Peace-ACLA-7.jpeg?resize=1024%2C678&#038;ssl=1\" alt=\"\" class=\"wp-image-178340\" title=\"\" srcset=\"https:\/\/www.claret.org\/wp-content\/uploads\/2025\/03\/2025-03-25-Prayer-for-Peace-ACLA-7-980x649.jpeg 980w, https:\/\/www.claret.org\/wp-content\/uploads\/2025\/03\/2025-03-25-Prayer-for-Peace-ACLA-7-480x318.jpeg 480w\" sizes=\"(min-width: 0px) and (max-width: 480px) 480px, (min-width: 481px) and (max-width: 980px) 980px, (min-width: 981px) 1024px, 100vw\" \/><\/figure>\n<\/figure>\n\n<p><\/p>\n\n<p>Inspirados por el mensaje de esperanza de la Anunciaci\u00f3n, los claretianos animaron a las comunidades a dar pasos hacia la reconciliaci\u00f3n y la fraternidad. La jornada tambi\u00e9n incluy\u00f3 acciones sociales, como visitas a desplazados, apoyo a v\u00edctimas de violencia, di\u00e1logo interreligioso y campa\u00f1as de paz. En zonas afectadas por conflictos, como Bamenda, Camer\u00fan, las celebraciones eucar\u00edsticas reafirmaron su compromiso con la justicia.&#13;\n<\/p>\n\n<p>Esta iniciativa subray\u00f3 la convicci\u00f3n claretiana de que la oraci\u00f3n y la acci\u00f3n son fuerzas esenciales para el futuro de \u00c1frica, reafirmando su misi\u00f3n de reconciliaci\u00f3n y paz.<\/p>\n\n<p><strong><em>Source:<\/em><\/strong><em> Mo\u00efse Moumassou, CMF, ACLA Secretary<\/em><\/p>\n\n<p><\/p>\n\n<figure class=\"wp-block-gallery has-nested-images columns-default is-cropped wp-block-gallery-2 is-layout-flex wp-block-gallery-is-layout-flex\">\n<figure class=\"wp-block-image size-large\"><img data-recalc-dims=\"1\" loading=\"lazy\" decoding=\"async\" width=\"1024\" height=\"767\" data-id=\"178352\" src=\"https:\/\/i0.wp.com\/www.claret.org\/wp-content\/uploads\/2025\/03\/2025-03-25-Prayer-for-Peace-ACLA-9.jpeg?resize=1024%2C767&#038;ssl=1\" alt=\"\" class=\"wp-image-178352\" title=\"\" srcset=\"https:\/\/www.claret.org\/wp-content\/uploads\/2025\/03\/2025-03-25-Prayer-for-Peace-ACLA-9-1024x767.jpeg 1024w, https:\/\/www.claret.org\/wp-content\/uploads\/2025\/03\/2025-03-25-Prayer-for-Peace-ACLA-9-980x734.jpeg 980w, https:\/\/www.claret.org\/wp-content\/uploads\/2025\/03\/2025-03-25-Prayer-for-Peace-ACLA-9-480x360.jpeg 480w\" sizes=\"(min-width: 0px) and (max-width: 480px) 480px, (min-width: 481px) and (max-width: 980px) 980px, (min-width: 981px) 1024px, 100vw\" \/><\/figure>\n\n\n\n<figure class=\"wp-block-image size-large\"><img data-recalc-dims=\"1\" loading=\"lazy\" decoding=\"async\" width=\"1000\" height=\"750\" data-id=\"178358\" src=\"https:\/\/i0.wp.com\/www.claret.org\/wp-content\/uploads\/2025\/03\/2025-03-25-Prayer-for-Peace-ACLA-11.jpeg?resize=1000%2C750&#038;ssl=1\" alt=\"\" class=\"wp-image-178358\" title=\"\" srcset=\"https:\/\/www.claret.org\/wp-content\/uploads\/2025\/03\/2025-03-25-Prayer-for-Peace-ACLA-11.jpeg 1000w, https:\/\/www.claret.org\/wp-content\/uploads\/2025\/03\/2025-03-25-Prayer-for-Peace-ACLA-11-980x735.jpeg 980w, https:\/\/www.claret.org\/wp-content\/uploads\/2025\/03\/2025-03-25-Prayer-for-Peace-ACLA-11-480x360.jpeg 480w\" sizes=\"(min-width: 0px) and (max-width: 480px) 480px, (min-width: 481px) and (max-width: 980px) 980px, (min-width: 981px) 1000px, 100vw\" \/><\/figure>\n\n\n\n<figure class=\"wp-block-image size-large\"><img data-recalc-dims=\"1\" loading=\"lazy\" decoding=\"async\" width=\"1016\" height=\"852\" data-id=\"178364\" src=\"https:\/\/i0.wp.com\/www.claret.org\/wp-content\/uploads\/2025\/03\/2025-03-25-Prayer-for-Peace-ACLA-12.jpeg?resize=1016%2C852&#038;ssl=1\" alt=\"\" class=\"wp-image-178364\" title=\"\" srcset=\"https:\/\/www.claret.org\/wp-content\/uploads\/2025\/03\/2025-03-25-Prayer-for-Peace-ACLA-12.jpeg 1016w, https:\/\/www.claret.org\/wp-content\/uploads\/2025\/03\/2025-03-25-Prayer-for-Peace-ACLA-12-980x822.jpeg 980w, https:\/\/www.claret.org\/wp-content\/uploads\/2025\/03\/2025-03-25-Prayer-for-Peace-ACLA-12-480x403.jpeg 480w\" sizes=\"(min-width: 0px) and (max-width: 480px) 480px, (min-width: 481px) and (max-width: 980px) 980px, (min-width: 981px) 1016px, 100vw\" \/><\/figure>\n<\/figure>\n","protected":false},"excerpt":{"rendered":"<p>El 25 de marzo de 2025, los Misioneros Claretianos de \u00c1frica se reunieron en comuni\u00f3n espiritual para orar por la paz en el continente, conmemorando la Fiesta de la Anunciaci\u00f3n. Esta iniciativa reuni\u00f3 a delegaciones claretianas, misiones, comunidades, casas de formaci\u00f3n e instituciones educativas.&#13; Ante los conflictos y crisis en \u00c1frica, los claretianos dedicaron la [&hellip;]<\/p>\n","protected":false},"author":1009,"featured_media":178333,"comment_status":"closed","ping_status":"closed","sticky":false,"template":"","format":"standard","meta":{"_et_pb_use_builder":"","_et_pb_old_content":"","_et_gb_content_width":"","footnotes":""},"categories":[984],"tags":[],"class_list":["post-178371","post","type-post","status-publish","format-standard","has-post-thumbnail","hentry","category-acla-es"],"jetpack_featured_media_url":"https:\/\/i0.wp.com\/www.claret.org\/wp-content\/uploads\/2025\/03\/2025-03-25-Prayer-for-Peace-ACLA-10-e1743415608235.jpeg?fit=1080%2C810&ssl=1","jetpack_sharing_enabled":true,"jetpack_shortlink":"https:\/\/wp.me\/pdaBmi-KoX","jetpack_likes_enabled":true,"_links":{"self":[{"href":"https:\/\/www.claret.org\/es\/wp-json\/wp\/v2\/posts\/178371","targetHints":{"allow":["GET"]}}],"collection":[{"href":"https:\/\/www.claret.org\/es\/wp-json\/wp\/v2\/posts"}],"about":[{"href":"https:\/\/www.claret.org\/es\/wp-json\/wp\/v2\/types\/post"}],"author":[{"embeddable":true,"href":"https:\/\/www.claret.org\/es\/wp-json\/wp\/v2\/users\/1009"}],"replies":[{"embeddable":true,"href":"https:\/\/www.claret.org\/es\/wp-json\/wp\/v2\/comments?post=178371"}],"version-history":[{"count":2,"href":"https:\/\/www.claret.org\/es\/wp-json\/wp\/v2\/posts\/178371\/revisions"}],"predecessor-version":[{"id":178378,"href":"https:\/\/www.claret.org\/es\/wp-json\/wp\/v2\/posts\/178371\/revisions\/178378"}],"wp:featuredmedia":[{"embeddable":true,"href":"https:\/\/www.claret.org\/es\/wp-json\/wp\/v2\/media\/178333"}],"wp:attachment":[{"href":"https:\/\/www.claret.org\/es\/wp-json\/wp\/v2\/media?parent=178371"}],"wp:term":[{"taxonomy":"category","embeddable":true,"href":"https:\/\/www.claret.org\/es\/wp-json\/wp\/v2\/categories?post=178371"},{"taxonomy":"post_tag","embeddable":true,"href":"https:\/\/www.claret.org\/es\/wp-json\/wp\/v2\/tags?post=178371"}],"curies":[{"name":"wp","href":"https:\/\/api.w.org\/{rel}","templated":true}]}}