{"id":17938,"date":"2018-05-08T19:19:49","date_gmt":"2018-05-08T17:19:49","guid":{"rendered":"https:\/\/www.claret.org\/primer-programa-de-quinquenio-en-west-nigeria\/"},"modified":"2019-07-06T11:13:30","modified_gmt":"2019-07-06T09:13:30","slug":"primer-programa-de-quinquenio-en-west-nigeria","status":"publish","type":"post","link":"https:\/\/www.claret.org\/es\/primer-programa-de-quinquenio-en-west-nigeria\/","title":{"rendered":"Primer Programa de Quinquenio en West Nigeria"},"content":{"rendered":"<p><strong>Ibefun, Nigeria.<\/strong> Fue todo un placer para los j\u00f3venes misioneros de la Delegaci\u00f3n Independiente de West Nigeria su reuni\u00f3n en la Postulate House, en Ibefun y del 30 de abril al 4 de mayo de 2018, para su primer Encuentro de Quinquenio. Los PP. Peter Okonkwo, CMF y Charles Udeh, CMF, fueron los moderadores del programa de formaci\u00f3n continua de una semana. El Superior Mayor, Rev. P. Daniel Onyeayana, CMF, celebr\u00f3 la misa de apertura.<\/p>\n<p>Hubo momentos para compartir las experiencias misioneras, tanto felices como dolorosas, de cada uno en sus diversos apostolados y despu\u00e9s de haber sido ordenados. Los moderadores hicieron uso de la Biblia, las Constituciones y el Directorio, el Catecismo, los Documentos del Vaticano II y el Derecho Can\u00f3nico, y les instaron a estar al tanto de la informaci\u00f3n de nuestra Congregaci\u00f3n y de los sitios web del Vaticano. El P. Peter comparti\u00f3 meticulosamente con ellos el tema de la vida consagrada y llev\u00f3 a los participantes a recorrer sus fundamentos. Cit\u00f3 los c\u00e1nones 96, 849, 204, entre otros, para ayudar a reforzar la importancia del compartir en la vida sacerdotal, prof\u00e9tica y real de Cristo. Tambi\u00e9n hizo uso de las Exhortaciones del Papa Francisco sobre la Vida Consagrada para alentar a todos los hombres y mujeres religiosos a apreciar su llamada religiosa: Testigos de la Alegr\u00eda, Vigilancia y Regocijo.<\/p>\n<p>El programa abord\u00f3 la vida comunitaria adecuada, los intercambios, el necesario cuidado de la salud, el plan de bienestar y jubilaci\u00f3n, las vacaciones anuales, y siempre abrazar formas de mejorar el yo cuando surjas las necesidades. Los participantes quedaron muy satisfechos de la realizaci\u00f3n y de su participaci\u00f3n en este programa.<\/p>\n<p>&nbsp;<\/p>\n<div class=\"et_pb_slider et_pb_slider_fullwidth_off et_pb_gallery_post_type\">\n\t\t\t\t<div class=\"et_pb_slides\">\n\t\t\t\t\t<div class=\"et_pb_slide\" style=\"background: url(https:\/\/www.claret.org\/wp-content\/uploads\/2018\/05\/Quinquennio-West-Nigeria-2018-1.jpeg);\"><\/div><div class=\"et_pb_slide\" style=\"background: url(https:\/\/www.claret.org\/wp-content\/uploads\/2018\/05\/Quinquennio-West-Nigeria-2018-12.jpeg);\"><\/div><div class=\"et_pb_slide\" style=\"background: url(https:\/\/www.claret.org\/wp-content\/uploads\/2018\/05\/Quinquennio-West-Nigeria-2018-11.jpeg);\"><\/div><div class=\"et_pb_slide\" style=\"background: url(https:\/\/www.claret.org\/wp-content\/uploads\/2018\/05\/Quinquennio-West-Nigeria-2018-10.jpeg);\"><\/div><div class=\"et_pb_slide\" style=\"background: url(https:\/\/www.claret.org\/wp-content\/uploads\/2018\/05\/Quinquennio-West-Nigeria-2018-8.jpeg);\"><\/div><div class=\"et_pb_slide\" style=\"background: url(https:\/\/www.claret.org\/wp-content\/uploads\/2018\/05\/Quinquennio-West-Nigeria-2018-7.jpeg);\"><\/div><div class=\"et_pb_slide\" style=\"background: url(https:\/\/www.claret.org\/wp-content\/uploads\/2018\/05\/Quinquennio-West-Nigeria-2018-6.jpeg);\"><\/div><div class=\"et_pb_slide\" style=\"background: url(https:\/\/www.claret.org\/wp-content\/uploads\/2018\/05\/Quinquennio-West-Nigeria-2018-5.jpeg);\"><\/div><div class=\"et_pb_slide\" style=\"background: url(https:\/\/www.claret.org\/wp-content\/uploads\/2018\/05\/Quinquennio-West-Nigeria-2018-4.jpeg);\"><\/div><div class=\"et_pb_slide\" style=\"background: url(https:\/\/www.claret.org\/wp-content\/uploads\/2018\/05\/Quinquennio-West-Nigeria-2018-3.jpeg);\"><\/div><div class=\"et_pb_slide\" style=\"background: url(https:\/\/www.claret.org\/wp-content\/uploads\/2018\/05\/Quinquennio-West-Nigeria-2018-2.jpeg);\"><\/div>\n\t\t\t\t<\/div>\n\t\t\t<\/div>\n","protected":false},"excerpt":{"rendered":"<p>Ibefun, Nigeria. Fue todo un placer para los j\u00f3venes misioneros de la Delegaci\u00f3n Independiente de West Nigeria su reuni\u00f3n en la Postulate House, en Ibefun y del 30 de abril al 4 de mayo de 2018, para su primer Encuentro de Quinquenio. Los PP. Peter Okonkwo, CMF y Charles Udeh, CMF, fueron los moderadores del [&hellip;]<\/p>\n","protected":false},"author":2,"featured_media":17893,"comment_status":"closed","ping_status":"closed","sticky":false,"template":"","format":"standard","meta":{"_et_pb_use_builder":"","_et_pb_old_content":"","_et_gb_content_width":"","footnotes":""},"categories":[984,623,189],"tags":[],"class_list":["post-17938","post","type-post","status-publish","format-standard","has-post-thumbnail","hentry","category-acla-es","category-formacion-permanente","category-west-nigeria-es"],"jetpack_featured_media_url":"https:\/\/i0.wp.com\/www.claret.org\/wp-content\/uploads\/2018\/05\/Quinquennio-West-Nigeria-2018-9.jpeg?fit=1040%2C780&ssl=1","jetpack_sharing_enabled":true,"jetpack_shortlink":"https:\/\/wp.me\/pdaBmi-4Fk","jetpack_likes_enabled":true,"_links":{"self":[{"href":"https:\/\/www.claret.org\/es\/wp-json\/wp\/v2\/posts\/17938","targetHints":{"allow":["GET"]}}],"collection":[{"href":"https:\/\/www.claret.org\/es\/wp-json\/wp\/v2\/posts"}],"about":[{"href":"https:\/\/www.claret.org\/es\/wp-json\/wp\/v2\/types\/post"}],"author":[{"embeddable":true,"href":"https:\/\/www.claret.org\/es\/wp-json\/wp\/v2\/users\/2"}],"replies":[{"embeddable":true,"href":"https:\/\/www.claret.org\/es\/wp-json\/wp\/v2\/comments?post=17938"}],"version-history":[{"count":0,"href":"https:\/\/www.claret.org\/es\/wp-json\/wp\/v2\/posts\/17938\/revisions"}],"wp:featuredmedia":[{"embeddable":true,"href":"https:\/\/www.claret.org\/es\/wp-json\/wp\/v2\/media\/17893"}],"wp:attachment":[{"href":"https:\/\/www.claret.org\/es\/wp-json\/wp\/v2\/media?parent=17938"}],"wp:term":[{"taxonomy":"category","embeddable":true,"href":"https:\/\/www.claret.org\/es\/wp-json\/wp\/v2\/categories?post=17938"},{"taxonomy":"post_tag","embeddable":true,"href":"https:\/\/www.claret.org\/es\/wp-json\/wp\/v2\/tags?post=17938"}],"curies":[{"name":"wp","href":"https:\/\/api.w.org\/{rel}","templated":true}]}}