{"id":18091,"date":"2018-05-14T08:53:02","date_gmt":"2018-05-14T06:53:02","guid":{"rendered":"https:\/\/www.claret.org\/celebracion-juvenil-de-la-pascua\/"},"modified":"2018-05-14T08:53:02","modified_gmt":"2018-05-14T06:53:02","slug":"celebracion-juvenil-de-la-pascua","status":"publish","type":"post","link":"https:\/\/www.claret.org\/es\/celebracion-juvenil-de-la-pascua\/","title":{"rendered":"Celebraci\u00f3n juvenil de la Pascua"},"content":{"rendered":"<p><strong>Kupang, Indonesia<\/strong>. En el s\u00e9ptimo Domingo de Pascua, el 13 de mayo de 2018, y coincidiendo con el 52\u00ba D\u00eda Mundial de las Comunicaciones Sociales 2018, los Estudiantes del Seminario Hati Maria tuvieron una \u00abCelebraci\u00f3n juvenil de la Pascua\u00bb con la presencia de casi cuatrocientos j\u00f3venes provenientes de las respectivas plataformas pastorales de las Parroquias a donde hab\u00edan sido enviados para su labor pastoral semanal.<\/p>\n<p>La celebraci\u00f3n fue dise\u00f1ada de una manera hermosa y creativa por los estudiantes y los l\u00edderes representantes de la juventud. Los participantes fueron recibidos en una ceremonia de bienvenida con una hermosa danza tradicional \u00ab<em>Sumba<\/em>\u00ab. Y fueron introducidos en este programa de un d\u00eda a trav\u00e9s de las palabras de \u00ab<em>Natoni<\/em>\u00ab, antes de la celebraci\u00f3n eucar\u00edstica. A continuaci\u00f3n se dio paso a la charla del P. Yohanes Darisalib Jeramu, CMF, Delegado de la Pastoral de Juventud y Vocaciones de Indonesia-Timor Leste, que, en su reflexi\u00f3n, les ayud\u00f3 a profundizar en la situaci\u00f3n de la vida como j\u00f3venes utilizando el tema \u00abAmor y alegr\u00eda, cristianos a la luz del Libro de El C\u00e1ntico de Salom\u00f3n\u00bb. Por la tarde tuvieron algunas actividades en el interior como canciones con los Salmos, danzas, etc.<\/p>\n<p>Tambi\u00e9n estuvo presente durante esta celebraci\u00f3n Andreas Sika, sacerdote y colaborador de la Parroquia San Jos\u00e9 Obrero, Penfui, Kupang, y moderador de la Pastoral Juvenil de la Parroquia. Partiendo de la Palabra de Dios del d\u00eda y del mensaje del Papa Francisco con motivo del D\u00eda Mundial de las Comunicaciones 2018, el P. Yoseph Ferdinandus Melo, CMF, Secretario de la Delegaci\u00f3n, en su homil\u00eda alent\u00f3 a los j\u00f3venes participantes a seguir contando la \u00abHistoria de nuestro Maestro\u00bb y a dar raz\u00f3n de la esperanza a trav\u00e9s del verdadero testimonio de la Verdad en su vida cotidiana. Los participantes regresaron a sus casas llevando consigo los mensajes de verdad y esperanza para construir una comunidad multifac\u00e9tica en la que la inclusi\u00f3n una a la isla y naci\u00f3n multiculturales de Indonesia.<\/p>\n<p>&nbsp;<\/p>\n<div class=\"et_pb_slider et_pb_slider_fullwidth_off et_pb_gallery_post_type\">\n\t\t\t\t<div class=\"et_pb_slides\">\n\t\t\t\t\t<div class=\"et_pb_slide\" style=\"background: url(https:\/\/www.claret.org\/wp-content\/uploads\/2018\/05\/indotel-kupang-youth-2018-1.jpg);\"><\/div><div class=\"et_pb_slide\" style=\"background: url(https:\/\/www.claret.org\/wp-content\/uploads\/2018\/05\/indotel-kupang-youth-2018-2.jpg);\"><\/div><div class=\"et_pb_slide\" style=\"background: url(https:\/\/www.claret.org\/wp-content\/uploads\/2018\/05\/indotel-kupang-youth-2018-3.jpg);\"><\/div><div class=\"et_pb_slide\" style=\"background: url(https:\/\/www.claret.org\/wp-content\/uploads\/2018\/05\/indotel-kupang-youth-2018-4.jpg);\"><\/div><div class=\"et_pb_slide\" style=\"background: url(https:\/\/www.claret.org\/wp-content\/uploads\/2018\/05\/indotel-kupang-youth-2018-5.jpg);\"><\/div><div class=\"et_pb_slide\" style=\"background: url(https:\/\/www.claret.org\/wp-content\/uploads\/2018\/05\/indotel-kupang-youth-2018-6.jpg);\"><\/div><div class=\"et_pb_slide\" style=\"background: url(https:\/\/www.claret.org\/wp-content\/uploads\/2018\/05\/indotel-kupang-youth-2018-pics-1.jpg);\"><\/div><div class=\"et_pb_slide\" style=\"background: url(https:\/\/www.claret.org\/wp-content\/uploads\/2018\/05\/indotel-kupang-youth-2018-pics-2.jpg);\"><\/div>\n\t\t\t\t<\/div>\n\t\t\t<\/div>\n","protected":false},"excerpt":{"rendered":"<p>Kupang, Indonesia. En el s\u00e9ptimo Domingo de Pascua, el 13 de mayo de 2018, y coincidiendo con el 52\u00ba D\u00eda Mundial de las Comunicaciones Sociales 2018, los Estudiantes del Seminario Hati Maria tuvieron una \u00abCelebraci\u00f3n juvenil de la Pascua\u00bb con la presencia de casi cuatrocientos j\u00f3venes provenientes de las respectivas plataformas pastorales de las Parroquias [&hellip;]<\/p>\n","protected":false},"author":2,"featured_media":18082,"comment_status":"closed","ping_status":"closed","sticky":false,"template":"","format":"standard","meta":{"_et_pb_use_builder":"","_et_pb_old_content":"","_et_gb_content_width":"","footnotes":""},"categories":[194,206,485],"tags":[],"class_list":["post-18091","post","type-post","status-publish","format-standard","has-post-thumbnail","hentry","category-ascla-east-es","category-ave-maria-es","category-pastoral-juvenil-vocacional"],"jetpack_featured_media_url":"https:\/\/i0.wp.com\/www.claret.org\/wp-content\/uploads\/2018\/05\/indotel-kupang-youth-2018-pics-3-1.jpg?fit=1280%2C853&ssl=1","jetpack_sharing_enabled":true,"jetpack_shortlink":"https:\/\/wp.me\/pdaBmi-4HN","jetpack_likes_enabled":true,"_links":{"self":[{"href":"https:\/\/www.claret.org\/es\/wp-json\/wp\/v2\/posts\/18091","targetHints":{"allow":["GET"]}}],"collection":[{"href":"https:\/\/www.claret.org\/es\/wp-json\/wp\/v2\/posts"}],"about":[{"href":"https:\/\/www.claret.org\/es\/wp-json\/wp\/v2\/types\/post"}],"author":[{"embeddable":true,"href":"https:\/\/www.claret.org\/es\/wp-json\/wp\/v2\/users\/2"}],"replies":[{"embeddable":true,"href":"https:\/\/www.claret.org\/es\/wp-json\/wp\/v2\/comments?post=18091"}],"version-history":[{"count":0,"href":"https:\/\/www.claret.org\/es\/wp-json\/wp\/v2\/posts\/18091\/revisions"}],"wp:featuredmedia":[{"embeddable":true,"href":"https:\/\/www.claret.org\/es\/wp-json\/wp\/v2\/media\/18082"}],"wp:attachment":[{"href":"https:\/\/www.claret.org\/es\/wp-json\/wp\/v2\/media?parent=18091"}],"wp:term":[{"taxonomy":"category","embeddable":true,"href":"https:\/\/www.claret.org\/es\/wp-json\/wp\/v2\/categories?post=18091"},{"taxonomy":"post_tag","embeddable":true,"href":"https:\/\/www.claret.org\/es\/wp-json\/wp\/v2\/tags?post=18091"}],"curies":[{"name":"wp","href":"https:\/\/api.w.org\/{rel}","templated":true}]}}