{"id":18389,"date":"2018-05-20T10:41:34","date_gmt":"2018-05-20T08:41:34","guid":{"rendered":"https:\/\/www.claret.org\/?p=18389"},"modified":"2018-05-20T14:24:45","modified_gmt":"2018-05-20T12:24:45","slug":"asamblea-pastoral-ecuador","status":"publish","type":"post","link":"https:\/\/www.claret.org\/es\/asamblea-pastoral-ecuador\/","title":{"rendered":"Asamblea Pastoral de Ecuador"},"content":{"rendered":"<p><strong>Ballenita, Ecuador.<\/strong> Del 17 <span id=\"result_box\" class=\"short_text\" lang=\"es\"><span class=\"\">al <\/span><\/span>18 de mayo de 2018, en la Casa de Retiros San Fernando, se ha realizado la Asamblea Pastoral de Ecuador. Este encuentro ha tenido lugar como una etapa o parte de la andadura pre-capitular, de cara al XV Cap\u00edtulo Provincial de Colombia Oriental y Ecuador.<\/p>\n<p>Religiosos y laicos de las Parroquias de Santo Tom\u00e1s de Aquino de la ciudad de Quito; del Esp\u00edritu Santo, del Santuario del Cristo del Consuelo, de la Virgen del Soto y de Nuestra Se\u00f1ora del Divino Amor de la ciudad de Guayaquil, y de la parroquia San Juan XXIII de la ciudad de Dur\u00e1n, al igual que miembros de la Unidad Educativa Claretiana y de la Escuela Claretiana de la Presentaci\u00f3n de Guayaquil, se dieron cita para hacer una revisi\u00f3n de las estructuras de apostolado y de las \u00e1reas pastorales.<\/p>\n<p>Los informes de las estructuras de apostolado tuvieron como eje las tres prioridades de la Provincia: la Pastoral Vocacional y de nuevas generaciones, la Pastoral B\u00edblica, y la Justicia, Paz e Integridad de la Creaci\u00f3n.<\/p>\n<p>En un segundo momento, y teniendo en cuenta el Plan de Acci\u00f3n del Gobierno General, se elaboraron las propuestas que, en t\u00e9rminos de apostolado, ser\u00e1n presentadas al XV Cap\u00edtulo Provincial que se realizar\u00e1 en el mes de septiembre de este mismo a\u00f1o 2018.<\/p>\n<p>Esta Asamblea Pastoral de Ecuador estuvo coordinada por el Prefecto de Apostolado y cont\u00f3 con la presencia del Padre Provincial Jos\u00e9 Santos Torres CMF y del Hno. H\u00e9ctor Julio Tibaduiza CMF, Prefecto de Formaci\u00f3n y Secretario Provincial.<\/p>\n<p>&nbsp;<\/p>\n<p><img data-recalc-dims=\"1\" loading=\"lazy\" decoding=\"async\" data-attachment-id=\"18390\" data-permalink=\"https:\/\/www.claret.org\/es\/asamblea-pastoral-ecuador\/ecuador-asamblea-1\/\" data-orig-file=\"https:\/\/i0.wp.com\/www.claret.org\/wp-content\/uploads\/2018\/05\/Ecuador-asamblea-1.jpg?fit=1280%2C960&amp;ssl=1\" data-orig-size=\"1280,960\" data-comments-opened=\"1\" data-image-meta=\"{&quot;aperture&quot;:&quot;0&quot;,&quot;credit&quot;:&quot;&quot;,&quot;camera&quot;:&quot;&quot;,&quot;caption&quot;:&quot;&quot;,&quot;created_timestamp&quot;:&quot;0&quot;,&quot;copyright&quot;:&quot;&quot;,&quot;focal_length&quot;:&quot;0&quot;,&quot;iso&quot;:&quot;0&quot;,&quot;shutter_speed&quot;:&quot;0&quot;,&quot;title&quot;:&quot;&quot;,&quot;orientation&quot;:&quot;0&quot;}\" data-image-title=\"Ecuador asamblea (1)\" data-image-description=\"\" data-image-caption=\"\" data-large-file=\"https:\/\/i0.wp.com\/www.claret.org\/wp-content\/uploads\/2018\/05\/Ecuador-asamblea-1.jpg?fit=1024%2C768&amp;ssl=1\" class=\"alignnone size-full wp-image-18390\" src=\"https:\/\/i0.wp.com\/www.claret.org\/wp-content\/uploads\/2018\/05\/Ecuador-asamblea-1.jpg?resize=1080%2C810&#038;ssl=1\" alt=\"\" width=\"1080\" height=\"810\" title=\"\" srcset=\"https:\/\/i0.wp.com\/www.claret.org\/wp-content\/uploads\/2018\/05\/Ecuador-asamblea-1.jpg?w=1280&amp;ssl=1 1280w, https:\/\/i0.wp.com\/www.claret.org\/wp-content\/uploads\/2018\/05\/Ecuador-asamblea-1.jpg?resize=300%2C225&amp;ssl=1 300w, https:\/\/i0.wp.com\/www.claret.org\/wp-content\/uploads\/2018\/05\/Ecuador-asamblea-1.jpg?resize=768%2C576&amp;ssl=1 768w, https:\/\/i0.wp.com\/www.claret.org\/wp-content\/uploads\/2018\/05\/Ecuador-asamblea-1.jpg?resize=1024%2C768&amp;ssl=1 1024w, https:\/\/i0.wp.com\/www.claret.org\/wp-content\/uploads\/2018\/05\/Ecuador-asamblea-1.jpg?resize=510%2C382&amp;ssl=1 510w, https:\/\/i0.wp.com\/www.claret.org\/wp-content\/uploads\/2018\/05\/Ecuador-asamblea-1.jpg?resize=1080%2C810&amp;ssl=1 1080w\" sizes=\"(max-width: 1080px) 100vw, 1080px\" \/><\/p>\n","protected":false},"excerpt":{"rendered":"<p>Ballenita, Ecuador. Del 17 al 18 de mayo de 2018, en la Casa de Retiros San Fernando, se ha realizado la Asamblea Pastoral de Ecuador. Este encuentro ha tenido lugar como una etapa o parte de la andadura pre-capitular, de cara al XV Cap\u00edtulo Provincial de Colombia Oriental y Ecuador. Religiosos y laicos de las [&hellip;]<\/p>\n","protected":false},"author":2,"featured_media":18396,"comment_status":"closed","ping_status":"closed","sticky":false,"template":"","format":"standard","meta":{"_et_pb_use_builder":"","_et_pb_old_content":"","_et_gb_content_width":"","footnotes":""},"categories":[378,356],"tags":[],"class_list":["post-18389","post","type-post","status-publish","format-standard","has-post-thumbnail","hentry","category-colombia-oriental-ecuador-es","category-micla-es"],"jetpack_featured_media_url":"https:\/\/i0.wp.com\/www.claret.org\/wp-content\/uploads\/2018\/05\/Ecuador-asamblea-2.jpg?fit=1280%2C960&ssl=1","jetpack_sharing_enabled":true,"jetpack_shortlink":"https:\/\/wp.me\/pdaBmi-4MB","jetpack_likes_enabled":true,"_links":{"self":[{"href":"https:\/\/www.claret.org\/es\/wp-json\/wp\/v2\/posts\/18389","targetHints":{"allow":["GET"]}}],"collection":[{"href":"https:\/\/www.claret.org\/es\/wp-json\/wp\/v2\/posts"}],"about":[{"href":"https:\/\/www.claret.org\/es\/wp-json\/wp\/v2\/types\/post"}],"author":[{"embeddable":true,"href":"https:\/\/www.claret.org\/es\/wp-json\/wp\/v2\/users\/2"}],"replies":[{"embeddable":true,"href":"https:\/\/www.claret.org\/es\/wp-json\/wp\/v2\/comments?post=18389"}],"version-history":[{"count":0,"href":"https:\/\/www.claret.org\/es\/wp-json\/wp\/v2\/posts\/18389\/revisions"}],"wp:featuredmedia":[{"embeddable":true,"href":"https:\/\/www.claret.org\/es\/wp-json\/wp\/v2\/media\/18396"}],"wp:attachment":[{"href":"https:\/\/www.claret.org\/es\/wp-json\/wp\/v2\/media?parent=18389"}],"wp:term":[{"taxonomy":"category","embeddable":true,"href":"https:\/\/www.claret.org\/es\/wp-json\/wp\/v2\/categories?post=18389"},{"taxonomy":"post_tag","embeddable":true,"href":"https:\/\/www.claret.org\/es\/wp-json\/wp\/v2\/tags?post=18389"}],"curies":[{"name":"wp","href":"https:\/\/api.w.org\/{rel}","templated":true}]}}