{"id":188366,"date":"2026-04-27T09:45:23","date_gmt":"2026-04-27T07:45:23","guid":{"rendered":"https:\/\/www.claret.org\/indisponibilidad-temporal-de-las-aplicaciones-moviles\/"},"modified":"2026-04-27T09:58:25","modified_gmt":"2026-04-27T07:58:25","slug":"indisponibilidad-temporal-de-las-aplicaciones-moviles","status":"publish","type":"post","link":"https:\/\/www.claret.org\/es\/indisponibilidad-temporal-de-las-aplicaciones-moviles\/","title":{"rendered":"Indisponibilidad temporal de las aplicaciones m\u00f3viles"},"content":{"rendered":"\n<p class=\"has-drop-cap\"><p>Nos gustar\u00eda informar a todos los usuarios de las aplicaciones m\u00f3viles <em>Fussimanya<\/em>, <em>Claretian Year<\/em> y <em>Claret With You<\/em> que actualmente no est\u00e1n disponibles en Google Play Store ni en Apple App Store.<\/p><\/p>\n\n<p>Esto se debe a un proceso en curso de migraci\u00f3n de servidores y actualizaci\u00f3n de las aplicaciones. Durante este per\u00edodo, las aplicaciones ya descargadas puede que s\u00ed, puede que no funcionar correctamente, especialmente si se intenta actualizarlas.<\/p>\n\n<p>Disculpa las molestias y gracias por tu paciencia; estamos trabajando para que todo vuelva a la normalidad pronto.<\/p>\n\n<p><\/p>\n\n<p><\/p>\n","protected":false},"excerpt":{"rendered":"<p>Nos gustar\u00eda informar a todos los usuarios de las aplicaciones m\u00f3viles Fussimanya, Claretian Year y Claret With You que actualmente no est\u00e1n disponibles en Google Play Store ni en Apple App Store. Esto se debe a un proceso en curso de migraci\u00f3n de servidores y actualizaci\u00f3n de las aplicaciones. Durante este per\u00edodo, las aplicaciones ya [&hellip;]<\/p>\n","protected":false},"author":69,"featured_media":188373,"comment_status":"closed","ping_status":"closed","sticky":false,"template":"","format":"standard","meta":{"_et_pb_use_builder":"","_et_pb_old_content":"","_et_gb_content_width":"","footnotes":""},"categories":[4390,613],"tags":[],"class_list":["post-188366","post","type-post","status-publish","format-standard","has-post-thumbnail","hentry","category-comunicacion","category-espiritualidad-y-vida-comunitaria"],"jetpack_featured_media_url":"https:\/\/i0.wp.com\/www.claret.org\/wp-content\/uploads\/2026\/04\/ChatGPT-Image-Apr-27-2026-09_56_47-AM.png?fit=1536%2C943&ssl=1","jetpack_sharing_enabled":true,"jetpack_shortlink":"https:\/\/wp.me\/pdaBmi-N0a","jetpack_likes_enabled":true,"_links":{"self":[{"href":"https:\/\/www.claret.org\/es\/wp-json\/wp\/v2\/posts\/188366","targetHints":{"allow":["GET"]}}],"collection":[{"href":"https:\/\/www.claret.org\/es\/wp-json\/wp\/v2\/posts"}],"about":[{"href":"https:\/\/www.claret.org\/es\/wp-json\/wp\/v2\/types\/post"}],"author":[{"embeddable":true,"href":"https:\/\/www.claret.org\/es\/wp-json\/wp\/v2\/users\/69"}],"replies":[{"embeddable":true,"href":"https:\/\/www.claret.org\/es\/wp-json\/wp\/v2\/comments?post=188366"}],"version-history":[{"count":3,"href":"https:\/\/www.claret.org\/es\/wp-json\/wp\/v2\/posts\/188366\/revisions"}],"predecessor-version":[{"id":188375,"href":"https:\/\/www.claret.org\/es\/wp-json\/wp\/v2\/posts\/188366\/revisions\/188375"}],"wp:featuredmedia":[{"embeddable":true,"href":"https:\/\/www.claret.org\/es\/wp-json\/wp\/v2\/media\/188373"}],"wp:attachment":[{"href":"https:\/\/www.claret.org\/es\/wp-json\/wp\/v2\/media?parent=188366"}],"wp:term":[{"taxonomy":"category","embeddable":true,"href":"https:\/\/www.claret.org\/es\/wp-json\/wp\/v2\/categories?post=188366"},{"taxonomy":"post_tag","embeddable":true,"href":"https:\/\/www.claret.org\/es\/wp-json\/wp\/v2\/tags?post=188366"}],"curies":[{"name":"wp","href":"https:\/\/api.w.org\/{rel}","templated":true}]}}