{"id":188492,"date":"2026-04-28T19:43:02","date_gmt":"2026-04-28T17:43:02","guid":{"rendered":"https:\/\/www.claret.org\/?p=188492"},"modified":"2026-04-28T19:43:11","modified_gmt":"2026-04-28T17:43:11","slug":"ordenaciones-y-profesiones-abril","status":"publish","type":"post","link":"https:\/\/www.claret.org\/es\/ordenaciones-y-profesiones-abril\/","title":{"rendered":"Ordenaciones y profesiones \u2013 Abril"},"content":{"rendered":"\n<p class=\"has-text-align-center\">Con gratitud hacia Dios, la Congregaci\u00f3n se regocija por la celebraci\u00f3n de las ordenaciones sacerdotales, que marcan el inicio de una vida de ministerio y servicio.<\/p>\n\n<hr class=\"wp-block-separator has-alpha-channel-opacity is-style-default\"\/>\n\n<h3 class=\"wp-block-heading has-text-align-center\"><p style=\"text-align: center;\"><strong>Ordenaci\u00f3n sacerdotal<\/strong><\/p><\/h3>\n\n<p class=\"has-text-align-center\"><p style=\"text-align: center;\"><strong>Ordenados:<\/strong> P. Jesuthas Kirishanth y P. Pavulis Suganthan, CMF<br\/><strong>Obispo ordenante:<\/strong> Excmo. Sr. Justin B. Gnanapragasam<br\/><strong>Organismo:<\/strong> Delegaci\u00f3n Independiente de San Jos\u00e9 Vaz<br\/><strong>Pa\u00eds:<\/strong> Sri Lanka<br\/><strong>Fecha:<\/strong> 18 de abril de 2026<br\/><strong>Lugar:<\/strong> Catedral de Santa Mar\u00eda, Jaffna<\/p><\/p>\n\n<figure class=\"wp-block-image aligncenter size-full\"><img data-recalc-dims=\"1\" loading=\"lazy\" decoding=\"async\" width=\"679\" height=\"382\" src=\"https:\/\/i0.wp.com\/www.claret.org\/wp-content\/uploads\/2026\/04\/2026-04-30-Ordinations-Professions-1.jpg?resize=679%2C382&#038;ssl=1\" alt=\"\" class=\"wp-image-188477\" title=\"\" srcset=\"https:\/\/www.claret.org\/wp-content\/uploads\/2026\/04\/2026-04-30-Ordinations-Professions-1.jpg 679w, https:\/\/www.claret.org\/wp-content\/uploads\/2026\/04\/2026-04-30-Ordinations-Professions-1-480x270.jpg 480w\" sizes=\"(min-width: 0px) and (max-width: 480px) 480px, (min-width: 481px) 679px, 100vw\" \/><\/figure>\n\n<p><\/p>\n\n<p><\/p>\n\n<hr class=\"wp-block-separator has-alpha-channel-opacity is-style-default\"\/>\n\n<p class=\"has-text-align-center\">Que estos sacerdotes reci\u00e9n ordenados sean fortalecidos con la gracia y el celo necesarios para servir al pueblo de Dios.<\/p>\n","protected":false},"excerpt":{"rendered":"<p>Con gratitud hacia Dios, la Congregaci\u00f3n se regocija por la celebraci\u00f3n de las ordenaciones sacerdotales, que marcan el inicio de una vida de ministerio y servicio. Ordenaci\u00f3n sacerdotal Ordenados: P. Jesuthas Kirishanth y P. Pavulis Suganthan, CMFObispo ordenante: Excmo. Sr. Justin B. GnanapragasamOrganismo: Delegaci\u00f3n Independiente de San Jos\u00e9 VazPa\u00eds: Sri LankaFecha: 18 de abril de [&hellip;]<\/p>\n","protected":false},"author":1009,"featured_media":188490,"comment_status":"closed","ping_status":"closed","sticky":false,"template":"","format":"standard","meta":{"_et_pb_use_builder":"","_et_pb_old_content":"","_et_gb_content_width":"","footnotes":""},"categories":[573,578],"tags":[],"class_list":["post-188492","post","type-post","status-publish","format-standard","has-post-thumbnail","hentry","category-ordenaciones","category-profesiones"],"jetpack_featured_media_url":"https:\/\/i0.wp.com\/www.claret.org\/wp-content\/uploads\/2026\/04\/Ordinations.png?fit=1920%2C1080&ssl=1","jetpack_sharing_enabled":true,"jetpack_shortlink":"https:\/\/wp.me\/pdaBmi-N2c","jetpack_likes_enabled":true,"_links":{"self":[{"href":"https:\/\/www.claret.org\/es\/wp-json\/wp\/v2\/posts\/188492","targetHints":{"allow":["GET"]}}],"collection":[{"href":"https:\/\/www.claret.org\/es\/wp-json\/wp\/v2\/posts"}],"about":[{"href":"https:\/\/www.claret.org\/es\/wp-json\/wp\/v2\/types\/post"}],"author":[{"embeddable":true,"href":"https:\/\/www.claret.org\/es\/wp-json\/wp\/v2\/users\/1009"}],"replies":[{"embeddable":true,"href":"https:\/\/www.claret.org\/es\/wp-json\/wp\/v2\/comments?post=188492"}],"version-history":[{"count":1,"href":"https:\/\/www.claret.org\/es\/wp-json\/wp\/v2\/posts\/188492\/revisions"}],"predecessor-version":[{"id":188493,"href":"https:\/\/www.claret.org\/es\/wp-json\/wp\/v2\/posts\/188492\/revisions\/188493"}],"wp:featuredmedia":[{"embeddable":true,"href":"https:\/\/www.claret.org\/es\/wp-json\/wp\/v2\/media\/188490"}],"wp:attachment":[{"href":"https:\/\/www.claret.org\/es\/wp-json\/wp\/v2\/media?parent=188492"}],"wp:term":[{"taxonomy":"category","embeddable":true,"href":"https:\/\/www.claret.org\/es\/wp-json\/wp\/v2\/categories?post=188492"},{"taxonomy":"post_tag","embeddable":true,"href":"https:\/\/www.claret.org\/es\/wp-json\/wp\/v2\/tags?post=188492"}],"curies":[{"name":"wp","href":"https:\/\/api.w.org\/{rel}","templated":true}]}}