{"id":188520,"date":"2026-04-28T19:57:24","date_gmt":"2026-04-28T17:57:24","guid":{"rendered":"https:\/\/www.claret.org\/?p=188520"},"modified":"2026-04-28T19:57:33","modified_gmt":"2026-04-28T17:57:33","slug":"nueva-etapa-en-makha-elevacion-a-cuasi-parroquia-e-inauguracion-del-templo","status":"publish","type":"post","link":"https:\/\/www.claret.org\/es\/nueva-etapa-en-makha-elevacion-a-cuasi-parroquia-e-inauguracion-del-templo\/","title":{"rendered":"Nueva etapa en Makha: elevaci\u00f3n a Cuasi Parroquia e inauguraci\u00f3n del templo"},"content":{"rendered":"\n<p class=\"has-drop-cap\"><p><b>Makha, India.<\/b><span style=\"font-weight: 400;\"> La Saint Claret Mission Makha, \u00fanico centro claretiano en la Di\u00f3cesis de Darjeeling\u2013Sikkim, celebr\u00f3 la bendici\u00f3n e inauguraci\u00f3n de su iglesia renovada el 22 de abril de 2026. La misi\u00f3n, que atiende a doce familias cat\u00f3licas, contin\u00faa creciendo como espacio de pastoral y evangelizaci\u00f3n.<\/span><\/p><\/p>\n\n<p>El 17 de noviembre de 2025, el Bishop Stephen Lepcha elev\u00f3 la misi\u00f3n a Cuasi Parroquia, reconociendo el crecimiento de la comunidad y la presencia misionera claretiana.&#13;\n<\/p>\n\n<p>La celebraci\u00f3n fue presidida por el Bishop Stephen Lepcha, con la participaci\u00f3n del Rev. Fr. Mathew Vattamattam, CMF, Superior General de los Claretian Missionaries, el Fr. Gerald Lepcha y otros sacerdotes. La jornada concluy\u00f3 con la Eucarist\u00eda, confiando el futuro de la misi\u00f3n a la providencia de Dios.&#13;\n<\/p>\n\n<figure class=\"wp-block-image size-large\"><img data-recalc-dims=\"1\" loading=\"lazy\" decoding=\"async\" width=\"1024\" height=\"576\" src=\"https:\/\/i0.wp.com\/www.claret.org\/wp-content\/uploads\/2026\/04\/2026-04-22-Makah-Mission-NE-India-3.jpg?resize=1024%2C576&#038;ssl=1\" alt=\"\" class=\"wp-image-188507\" title=\"\" srcset=\"https:\/\/www.claret.org\/wp-content\/uploads\/2026\/04\/2026-04-22-Makah-Mission-NE-India-3-980x551.jpg 980w, https:\/\/www.claret.org\/wp-content\/uploads\/2026\/04\/2026-04-22-Makah-Mission-NE-India-3-480x270.jpg 480w\" sizes=\"(min-width: 0px) and (max-width: 480px) 480px, (min-width: 481px) and (max-width: 980px) 980px, (min-width: 981px) 1024px, 100vw\" \/><\/figure>\n\n<figure class=\"wp-block-gallery has-nested-images columns-default is-cropped wp-block-gallery-1 is-layout-flex wp-block-gallery-is-layout-flex\">\n<figure class=\"wp-block-image size-large\"><img data-recalc-dims=\"1\" loading=\"lazy\" decoding=\"async\" width=\"1024\" height=\"576\" data-id=\"188501\" src=\"https:\/\/i0.wp.com\/www.claret.org\/wp-content\/uploads\/2026\/04\/2026-04-22-Makah-Mission-NE-India-2.jpg?resize=1024%2C576&#038;ssl=1\" alt=\"\" class=\"wp-image-188501\" title=\"\" srcset=\"https:\/\/www.claret.org\/wp-content\/uploads\/2026\/04\/2026-04-22-Makah-Mission-NE-India-2-1024x576.jpg 1024w, https:\/\/www.claret.org\/wp-content\/uploads\/2026\/04\/2026-04-22-Makah-Mission-NE-India-2-980x551.jpg 980w, https:\/\/www.claret.org\/wp-content\/uploads\/2026\/04\/2026-04-22-Makah-Mission-NE-India-2-480x270.jpg 480w\" sizes=\"(min-width: 0px) and (max-width: 480px) 480px, (min-width: 481px) and (max-width: 980px) 980px, (min-width: 981px) 1024px, 100vw\" \/><\/figure>\n\n\n\n<figure class=\"wp-block-image size-large\"><img data-recalc-dims=\"1\" loading=\"lazy\" decoding=\"async\" width=\"576\" height=\"1024\" data-id=\"188513\" src=\"https:\/\/i0.wp.com\/www.claret.org\/wp-content\/uploads\/2026\/04\/2026-04-22-Makah-Mission-NE-India-4.jpg?resize=576%2C1024&#038;ssl=1\" alt=\"\" class=\"wp-image-188513\" title=\"\" srcset=\"https:\/\/www.claret.org\/wp-content\/uploads\/2026\/04\/2026-04-22-Makah-Mission-NE-India-4-576x1024.jpg 576w, https:\/\/www.claret.org\/wp-content\/uploads\/2026\/04\/2026-04-22-Makah-Mission-NE-India-4-480x853.jpg 480w\" sizes=\"(min-width: 0px) and (max-width: 480px) 480px, (min-width: 481px) 576px, 100vw\" \/><\/figure>\n<\/figure>\n\n<p><\/p>\n\n<p><\/p>\n","protected":false},"excerpt":{"rendered":"<p>Makha, India. La Saint Claret Mission Makha, \u00fanico centro claretiano en la Di\u00f3cesis de Darjeeling\u2013Sikkim, celebr\u00f3 la bendici\u00f3n e inauguraci\u00f3n de su iglesia renovada el 22 de abril de 2026. La misi\u00f3n, que atiende a doce familias cat\u00f3licas, contin\u00faa creciendo como espacio de pastoral y evangelizaci\u00f3n. El 17 de noviembre de 2025, el Bishop Stephen [&hellip;]<\/p>\n","protected":false},"author":1009,"featured_media":188500,"comment_status":"closed","ping_status":"closed","sticky":false,"template":"","format":"standard","meta":{"_et_pb_use_builder":"","_et_pb_old_content":"","_et_gb_content_width":"","footnotes":""},"categories":[238,1097],"tags":[],"class_list":["post-188520","post","type-post","status-publish","format-standard","has-post-thumbnail","hentry","category-northeast-india-es","category-parroquias"],"jetpack_featured_media_url":"https:\/\/i0.wp.com\/www.claret.org\/wp-content\/uploads\/2026\/04\/2026-04-22-Makah-Mission-NE-India-1.jpg?fit=1586%2C892&ssl=1","jetpack_sharing_enabled":true,"jetpack_shortlink":"https:\/\/wp.me\/pdaBmi-N2E","jetpack_likes_enabled":true,"_links":{"self":[{"href":"https:\/\/www.claret.org\/es\/wp-json\/wp\/v2\/posts\/188520","targetHints":{"allow":["GET"]}}],"collection":[{"href":"https:\/\/www.claret.org\/es\/wp-json\/wp\/v2\/posts"}],"about":[{"href":"https:\/\/www.claret.org\/es\/wp-json\/wp\/v2\/types\/post"}],"author":[{"embeddable":true,"href":"https:\/\/www.claret.org\/es\/wp-json\/wp\/v2\/users\/1009"}],"replies":[{"embeddable":true,"href":"https:\/\/www.claret.org\/es\/wp-json\/wp\/v2\/comments?post=188520"}],"version-history":[{"count":1,"href":"https:\/\/www.claret.org\/es\/wp-json\/wp\/v2\/posts\/188520\/revisions"}],"predecessor-version":[{"id":188521,"href":"https:\/\/www.claret.org\/es\/wp-json\/wp\/v2\/posts\/188520\/revisions\/188521"}],"wp:featuredmedia":[{"embeddable":true,"href":"https:\/\/www.claret.org\/es\/wp-json\/wp\/v2\/media\/188500"}],"wp:attachment":[{"href":"https:\/\/www.claret.org\/es\/wp-json\/wp\/v2\/media?parent=188520"}],"wp:term":[{"taxonomy":"category","embeddable":true,"href":"https:\/\/www.claret.org\/es\/wp-json\/wp\/v2\/categories?post=188520"},{"taxonomy":"post_tag","embeddable":true,"href":"https:\/\/www.claret.org\/es\/wp-json\/wp\/v2\/tags?post=188520"}],"curies":[{"name":"wp","href":"https:\/\/api.w.org\/{rel}","templated":true}]}}