{"id":188594,"date":"2026-04-28T20:49:31","date_gmt":"2026-04-28T18:49:31","guid":{"rendered":"https:\/\/www.claret.org\/?p=188594"},"modified":"2026-04-28T20:49:43","modified_gmt":"2026-04-28T18:49:43","slug":"caminar-juntos-para-la-mision-encuentro-formativo-en-micla-2026","status":"publish","type":"post","link":"https:\/\/www.claret.org\/es\/caminar-juntos-para-la-mision-encuentro-formativo-en-micla-2026\/","title":{"rendered":"Caminar Juntos para la Misi\u00f3n: Encuentro Formativo en MICLA 2026"},"content":{"rendered":"\n<p class=\"has-drop-cap\"><p><b>C\u00f3rdoba, Argentina.<\/b><span style=\"font-weight: 400;\"> En un esp\u00edritu de comuni\u00f3n y escucha, del 19 al 24 de abril de 2026, el Encuentro de Formaci\u00f3n de MICLA (Conferencia Claretiana de Am\u00e9rica), acompa\u00f1ado por el P. Joseph Mbungu, CMF, Prefecto General de Formaci\u00f3n, reuni\u00f3 a misioneros claretianos para profundizar en la sinodalidad como camino de vida y misi\u00f3n en el continente. M\u00e1s que un espacio de estudio, fue un tiempo de encuentro fraterno, donde la formaci\u00f3n se vivi\u00f3 como experiencia compartida.<\/span><\/p><\/p>\n\n<p>Participaron 29 misioneros claretianos \u2014 formandos y acompa\u00f1antes-formadores \u2014 provenientes de distintos pa\u00edses de Am\u00e9rica. A la luz del carisma claretiano, reflexionaron sobre la llamada a caminar juntos, discernir en comunidad y responder con creatividad a los desaf\u00edos pastorales actuales. La sinodalidad se present\u00f3 no solo como un concepto, sino como un estilo que transforma la misi\u00f3n y fortalece la vida comunitaria.&#13;\n<\/p>\n\n<p>En este proceso, la formaci\u00f3n, tanto inicial como permanente, se reafirma como un servicio a la misi\u00f3n, que impulsa a salir al encuentro de los pueblos con esperanza renovada. De este modo, MICLA contin\u00faa tejiendo comuni\u00f3n y preparando misioneros capaces de anunciar el Evangelio con cercan\u00eda, escucha y compromiso.&#13;\n<\/p>\n\n<p><\/p>\n\n<p><\/p>\n\n<figure class=\"wp-block-gallery has-nested-images columns-default is-cropped wp-block-gallery-1 is-layout-flex wp-block-gallery-is-layout-flex\">\n<figure class=\"wp-block-image size-large\"><img data-recalc-dims=\"1\" loading=\"lazy\" decoding=\"async\" width=\"1024\" height=\"682\" data-id=\"188563\" src=\"https:\/\/i0.wp.com\/www.claret.org\/wp-content\/uploads\/2026\/04\/2026-04-24-Formation-Encounter-MICLA-1.jpg?resize=1024%2C682&#038;ssl=1\" alt=\"\" class=\"wp-image-188563\" title=\"\" srcset=\"https:\/\/www.claret.org\/wp-content\/uploads\/2026\/04\/2026-04-24-Formation-Encounter-MICLA-1-1024x682.jpg 1024w, https:\/\/www.claret.org\/wp-content\/uploads\/2026\/04\/2026-04-24-Formation-Encounter-MICLA-1-980x653.jpg 980w, https:\/\/www.claret.org\/wp-content\/uploads\/2026\/04\/2026-04-24-Formation-Encounter-MICLA-1-480x320.jpg 480w\" sizes=\"(min-width: 0px) and (max-width: 480px) 480px, (min-width: 481px) and (max-width: 980px) 980px, (min-width: 981px) 1024px, 100vw\" \/><\/figure>\n\n\n\n<figure class=\"wp-block-image size-large\"><img data-recalc-dims=\"1\" loading=\"lazy\" decoding=\"async\" width=\"1024\" height=\"576\" data-id=\"188569\" src=\"https:\/\/i0.wp.com\/www.claret.org\/wp-content\/uploads\/2026\/04\/2026-04-24-Formation-Encounter-MICLA-4.jpg?resize=1024%2C576&#038;ssl=1\" alt=\"\" class=\"wp-image-188569\" title=\"\" srcset=\"https:\/\/www.claret.org\/wp-content\/uploads\/2026\/04\/2026-04-24-Formation-Encounter-MICLA-4-1024x576.jpg 1024w, https:\/\/www.claret.org\/wp-content\/uploads\/2026\/04\/2026-04-24-Formation-Encounter-MICLA-4-980x551.jpg 980w, https:\/\/www.claret.org\/wp-content\/uploads\/2026\/04\/2026-04-24-Formation-Encounter-MICLA-4-480x270.jpg 480w\" sizes=\"(min-width: 0px) and (max-width: 480px) 480px, (min-width: 481px) and (max-width: 980px) 980px, (min-width: 981px) 1024px, 100vw\" \/><\/figure>\n\n\n\n<figure class=\"wp-block-image size-large\"><img data-recalc-dims=\"1\" loading=\"lazy\" decoding=\"async\" width=\"1024\" height=\"576\" data-id=\"188575\" src=\"https:\/\/i0.wp.com\/www.claret.org\/wp-content\/uploads\/2026\/04\/2026-04-24-Formation-Encounter-MICLA-6.jpg?resize=1024%2C576&#038;ssl=1\" alt=\"\" class=\"wp-image-188575\" title=\"\" srcset=\"https:\/\/www.claret.org\/wp-content\/uploads\/2026\/04\/2026-04-24-Formation-Encounter-MICLA-6-1024x576.jpg 1024w, https:\/\/www.claret.org\/wp-content\/uploads\/2026\/04\/2026-04-24-Formation-Encounter-MICLA-6-980x551.jpg 980w, https:\/\/www.claret.org\/wp-content\/uploads\/2026\/04\/2026-04-24-Formation-Encounter-MICLA-6-480x270.jpg 480w\" sizes=\"(min-width: 0px) and (max-width: 480px) 480px, (min-width: 481px) and (max-width: 980px) 980px, (min-width: 981px) 1024px, 100vw\" \/><\/figure>\n\n\n\n<figure class=\"wp-block-image size-large\"><img data-recalc-dims=\"1\" loading=\"lazy\" decoding=\"async\" width=\"1024\" height=\"576\" data-id=\"188581\" src=\"https:\/\/i0.wp.com\/www.claret.org\/wp-content\/uploads\/2026\/04\/2026-04-24-Formation-Encounter-MICLA-8.jpg?resize=1024%2C576&#038;ssl=1\" alt=\"\" class=\"wp-image-188581\" title=\"\" srcset=\"https:\/\/www.claret.org\/wp-content\/uploads\/2026\/04\/2026-04-24-Formation-Encounter-MICLA-8-1024x576.jpg 1024w, https:\/\/www.claret.org\/wp-content\/uploads\/2026\/04\/2026-04-24-Formation-Encounter-MICLA-8-980x551.jpg 980w, https:\/\/www.claret.org\/wp-content\/uploads\/2026\/04\/2026-04-24-Formation-Encounter-MICLA-8-480x270.jpg 480w\" sizes=\"(min-width: 0px) and (max-width: 480px) 480px, (min-width: 481px) and (max-width: 980px) 980px, (min-width: 981px) 1024px, 100vw\" \/><\/figure>\n\n\n\n<figure class=\"wp-block-image size-large\"><img data-recalc-dims=\"1\" loading=\"lazy\" decoding=\"async\" width=\"1024\" height=\"576\" data-id=\"188587\" src=\"https:\/\/i0.wp.com\/www.claret.org\/wp-content\/uploads\/2026\/04\/2026-04-24-Formation-Encounter-MICLA-10.jpg?resize=1024%2C576&#038;ssl=1\" alt=\"\" class=\"wp-image-188587\" title=\"\" srcset=\"https:\/\/www.claret.org\/wp-content\/uploads\/2026\/04\/2026-04-24-Formation-Encounter-MICLA-10-1024x576.jpg 1024w, https:\/\/www.claret.org\/wp-content\/uploads\/2026\/04\/2026-04-24-Formation-Encounter-MICLA-10-980x551.jpg 980w, https:\/\/www.claret.org\/wp-content\/uploads\/2026\/04\/2026-04-24-Formation-Encounter-MICLA-10-480x270.jpg 480w\" sizes=\"(min-width: 0px) and (max-width: 480px) 480px, (min-width: 481px) and (max-width: 980px) 980px, (min-width: 981px) 1024px, 100vw\" \/><\/figure>\n<\/figure>\n\n<p><\/p>\n\n<p><\/p>\n\n<p><p><i><span style=\"font-weight: 400;\">Fuente: <\/span><\/i><a href=\"https:\/\/cmfcolven.org\/encuentro-de-formacion-micla-2026-sinodalidad-claretiana-en-america-formacion-para-la-mision\/\" rel=\"nofollow noopener\" target=\"_blank\"><i><span style=\"font-weight: 400;\">www.colven.org<\/span><\/i><\/a><i><span style=\"font-weight: 400;\">\u00a0<\/span><\/i><\/p><\/p>\n","protected":false},"excerpt":{"rendered":"<p>C\u00f3rdoba, Argentina. En un esp\u00edritu de comuni\u00f3n y escucha, del 19 al 24 de abril de 2026, el Encuentro de Formaci\u00f3n de MICLA (Conferencia Claretiana de Am\u00e9rica), acompa\u00f1ado por el P. Joseph Mbungu, CMF, Prefecto General de Formaci\u00f3n, reuni\u00f3 a misioneros claretianos para profundizar en la sinodalidad como camino de vida y misi\u00f3n en el [&hellip;]<\/p>\n","protected":false},"author":1009,"featured_media":188562,"comment_status":"closed","ping_status":"closed","sticky":false,"template":"","format":"standard","meta":{"_et_pb_use_builder":"","_et_pb_old_content":"","_et_gb_content_width":"","footnotes":""},"categories":[500,356],"tags":[],"class_list":["post-188594","post","type-post","status-publish","format-standard","has-post-thumbnail","hentry","category-formacion","category-micla-es"],"jetpack_featured_media_url":"https:\/\/i0.wp.com\/www.claret.org\/wp-content\/uploads\/2026\/04\/2026-04-24-Formation-Encounter-MICLA-7.jpg?fit=1200%2C675&ssl=1","jetpack_sharing_enabled":true,"jetpack_shortlink":"https:\/\/wp.me\/pdaBmi-N3Q","jetpack_likes_enabled":true,"_links":{"self":[{"href":"https:\/\/www.claret.org\/es\/wp-json\/wp\/v2\/posts\/188594","targetHints":{"allow":["GET"]}}],"collection":[{"href":"https:\/\/www.claret.org\/es\/wp-json\/wp\/v2\/posts"}],"about":[{"href":"https:\/\/www.claret.org\/es\/wp-json\/wp\/v2\/types\/post"}],"author":[{"embeddable":true,"href":"https:\/\/www.claret.org\/es\/wp-json\/wp\/v2\/users\/1009"}],"replies":[{"embeddable":true,"href":"https:\/\/www.claret.org\/es\/wp-json\/wp\/v2\/comments?post=188594"}],"version-history":[{"count":1,"href":"https:\/\/www.claret.org\/es\/wp-json\/wp\/v2\/posts\/188594\/revisions"}],"predecessor-version":[{"id":188595,"href":"https:\/\/www.claret.org\/es\/wp-json\/wp\/v2\/posts\/188594\/revisions\/188595"}],"wp:featuredmedia":[{"embeddable":true,"href":"https:\/\/www.claret.org\/es\/wp-json\/wp\/v2\/media\/188562"}],"wp:attachment":[{"href":"https:\/\/www.claret.org\/es\/wp-json\/wp\/v2\/media?parent=188594"}],"wp:term":[{"taxonomy":"category","embeddable":true,"href":"https:\/\/www.claret.org\/es\/wp-json\/wp\/v2\/categories?post=188594"},{"taxonomy":"post_tag","embeddable":true,"href":"https:\/\/www.claret.org\/es\/wp-json\/wp\/v2\/tags?post=188594"}],"curies":[{"name":"wp","href":"https:\/\/api.w.org\/{rel}","templated":true}]}}